{"id":1924,"date":"2013-10-11T16:03:03","date_gmt":"2013-10-11T16:03:03","guid":{"rendered":"https:\/\/www.ischia.campania.it\/?page_id=1924"},"modified":"2014-04-03T09:43:43","modified_gmt":"2014-04-03T09:43:43","slug":"la-madonna-di-zaro-e-il-turismo-religioso-a-ischia","status":"publish","type":"post","link":"https:\/\/www.ischia.campania.it\/index.php\/la-madonna-di-zaro-e-il-turismo-religioso-a-ischia\/","title":{"rendered":"La Madonna di Zaro e il turismo religioso a Ischia"},"content":{"rendered":"<div id=\"itiner-social\" style=\"padding: 5px 0; float:left; width:100%;\"><a href=\"https:\/\/twitter.com\/share\" class=\"twitter-share-button\" data-url=\"http:\/\/www.ischia.campania.it\/index.php\/la-madonna-di-zaro-e-il-turismo-religioso-a-ischia\/\" data-text=\"ItinerSocial\" data-count=\"horizontal\" data-via=\"ItinerSocial\" style=\"flaot:left;margin: 0 10px\"><\/a><div class=\"fb-like\" data-href=\"http:\/\/www.ischia.campania.it\/index.php\/la-madonna-di-zaro-e-il-turismo-religioso-a-ischia\/\" data-layout=\"button_count\" data-send=\"false\" data-show-faces=\"false\" data-width=\"90\" style=\"flaot:left;margin: 0 10px\"><\/div><div class=\"g-plusone\" data-annotation=\"inline\" data-href=\"http:\/\/www.ischia.campania.it\/index.php\/la-madonna-di-zaro-e-il-turismo-religioso-a-ischia\/\" data-size=\"medium\" data-width=\"120\" style=\"flaot:left;margin: 0 10px\"><\/div><\/div><blockquote><p>\u201c<em>Vestita con un abito ed un velo bianchi ed un manto azzurro, una cintura d&#8217;oro alla vita con sopra una rosa bianca ed una rosa bianca su ciascun piede. Ha gli occhi azzurrini ed un cuore composto di rose bianche. La Sua carnagione \u00e8 olivastra, ma con tutta quella luce sembra pi\u00f9 chiara. Appare in genere circonfusa di luce, con le mani rivolte verso il basso e quasi poggiando i piedi sulla pietra<\/em>\u201d.<\/p><\/blockquote>\n<p><strong>\u00c8 dal 1994 che la Madonna di Zaro appare vestita cos\u00ec<\/strong>, radunando attorno a Lei un numero di fedeli che cresce di anno in anno. Zaro \u00e8 una bellissima zona residenziale del comune di Forio con alcuni degli scorci panoramici pi\u00f9 belli dell\u2019isola d\u2019Ischia. La localit\u00e0 \u00e8 ricoperta quasi per intero da una lussureggiante macchia mediterranea ed \u00e8 proprio in uno dei pianori del bosco che l\u20198 ottobre del 1994 sono cominciate le apparizioni mariane.<\/p>\n<p><strong>A fare da \u201c<em>tramite<\/em>\u201d con la Beata Vergine Maria<\/strong> due famiglie ischitane, che quel giorno di tanti anni fa si trovavano nel bosco alla ricerca di uno spiazzo dove recitare in solitudine il Santo Rosario. Non solo. Paolo e Luigi, i figli di una delle due coppie, gi\u00e0 prima che cominciassero le apparizioni erano in possesso dei cosidetti \u201cCarismi Straordinari\u201d, poteri che il Catechismo della Chiesa Cattolica (pubblicato da Giovanni Paolo II nel 1992) definisce &#8220;<em>grazie dello Spirito Santo che, direttamente o indirettamente, hanno un&#8217;utilit\u00e0 ecclesiale ordinati come sono all&#8217;edificazione della Chiesa, al bene degli uomini e alle necessit\u00e0 del mondo.<\/em>\u201d<\/p>\n<p><strong>Fu quindi <strong>nella quiete del bosco di Zaro<\/strong> che a Paolo apparve la Madonna<\/strong>. La Beata Vergine comunic\u00f2 al ragazzo che quel lembo di bosco sarebbe diventato un luogo di culto a Lei dedicato e, come non bastasse, anche Luigi, di rientro da quella passeggiata cos\u00ec \u201c<em>speciale<\/em>\u201d, ricevette lo stesso messaggio, pur senza vedere il volto della Madre di Ges\u00f9.<\/p>\n<p><strong>Due esperienze mistiche<\/strong> &#8211;<strong> il \u201criposo nello Spirito Santo\u201d e la \u201clocuzione interiore\u201d<\/strong> &#8211; che in seguito coinvolsero anche Imma e Marianna, figlie dell\u2019altra coppia e poi Ciro, Angela e le due Simona. Un gruppo di adolescenti che il Vescovo di Ischia dell\u2019epoca (siamo nel 1995) il compianto Mons. Filippo Strofaldi, decise di proteggere dalla crescente curiosit\u00e0 mediatica, ordinando al parroco della Parrocchia di Lacco Ameno di seguirli passo passo nel loro cammino spirituale. Circostanza ancora attuale, anche oggi che Ciro \u00e8 diventato &#8220;<em>Don<\/em>&#8221; Ciro, e che le uniche a cui appare la Madonna sono rimaste Angela e una delle due Simona.<\/p>\n<p><strong>\u00c8 stato Karol Wojtyla a legittimare questi fenomeni mistici<\/strong>. Decisivo il messaggio rivolto al Congresso mondiale dei movimenti ecclesiali riunito a Roma per la Pentecoste del 1998 &#8211; quindi quattro anni dopo le apparizioni nel bosco di Zaro &#8211; nel quale il Papa polacco afferm\u00f2 che \u201c<em>non c&#8217;\u00e8 contrasto o contrapposizione tra la dimensione istituzionale e la dimensione carismatica&#8221;.<\/em> [&#8230;] &#8220;<em>Ambedue, la dimensione istituzionale e quella profetica-carismatica sono coessenziali alla costituzione divina della Chiesa, perch\u00e9 concorrono insieme a rendere presente il mistero di Cristo e la sua opera salvifica nel mondo<\/em>\u201d.<\/p>\n<p><strong>E infatti, come gi\u00e0 accaduto a Medjugorie<\/strong>, dove la Madonna avrebbe annunciato\u00a0la tragedia della guerra civile quasi dieci anni prima della dissoluzione della Jugoslavia, anche i messaggi della Madonna di Zaro conterrebbero delle tragiche profezie. Addirittura, un messaggio recapitato ad Angela e Simona nel 1995 avrebbe previsto con quasi 7 anni di anticipo l\u2019attacco terroristico di Al Qaeda alle Torri Gemelle di New York. Per non tacere di una seconda visione che indicherebbe una terribile eruzione vulcanica su un\u2019isola non meglio specificata, anche se certamente non Ischia.<\/p>\n<p><strong>A fronte di un atteggiamento ancora prudente delle gerarchie ecclesiastiche<\/strong>, le apparizioni mariane proseguono, cos\u00ec come \u00e8 cresciuto in maniera esponenziale il numero di fedeli affascinato da questa dimensione profetico-carismatica della fede.<\/p>\n<p><strong>Gli appuntamenti con la preghiera nel bosco sono ogni l\u20198 e il 26 di ogni mese<\/strong>.<\/p>\n<p><strong>Info<\/strong>:www.madonnadizaro.it<\/p>\n\n\t\t<style type=\"text\/css\">\n\t\t\t#gallery-1 {\n\t\t\t\tmargin: auto;\n\t\t\t}\n\t\t\t#gallery-1 .gallery-item {\n\t\t\t\tfloat: left;\n\t\t\t\tmargin-top: 10px;\n\t\t\t\ttext-align: center;\n\t\t\t\twidth: 33%;\n\t\t\t}\n\t\t\t#gallery-1 img {\n\t\t\t\tborder: 2px solid #cfcfcf;\n\t\t\t}\n\t\t\t#gallery-1 .gallery-caption {\n\t\t\t\tmargin-left: 0;\n\t\t\t}\n\t\t\t\/* see gallery_shortcode() in wp-includes\/media.php *\/\n\t\t<\/style>\n\t\t<div data-carousel-extra='{\"blog_id\":1,\"permalink\":\"https:\\\/\\\/www.ischia.campania.it\\\/index.php\\\/la-madonna-di-zaro-e-il-turismo-religioso-a-ischia\\\/\"}' id='gallery-1' class='gallery galleryid-1924 gallery-columns-3 gallery-size-thumbnail'><dl class='gallery-item'>\n\t\t\t<dt class='gallery-icon landscape'>\n\t\t\t\t<a href='https:\/\/www.ischia.campania.it\/wp-content\/uploads\/2013\/10\/IMG_2310.jpg'><img width=\"150\" height=\"150\" src=\"https:\/\/www.ischia.campania.it\/wp-content\/uploads\/2013\/10\/IMG_2310-150x150.jpg\" class=\"attachment-thumbnail size-thumbnail\" alt=\"\" loading=\"lazy\" srcset=\"https:\/\/www.ischia.campania.it\/wp-content\/uploads\/2013\/10\/IMG_2310-150x150.jpg 150w, https:\/\/www.ischia.campania.it\/wp-content\/uploads\/2013\/10\/IMG_2310-130x130.jpg 130w, https:\/\/www.ischia.campania.it\/wp-content\/uploads\/2013\/10\/IMG_2310-67x67.jpg 67w, https:\/\/www.ischia.campania.it\/wp-content\/uploads\/2013\/10\/IMG_2310-40x40.jpg 40w, https:\/\/www.ischia.campania.it\/wp-content\/uploads\/2013\/10\/IMG_2310-184x184.jpg 184w\" sizes=\"(max-width: 150px) 100vw, 150px\" data-attachment-id=\"1923\" data-permalink=\"https:\/\/www.ischia.campania.it\/img_2310\/\" data-orig-file=\"https:\/\/www.ischia.campania.it\/wp-content\/uploads\/2013\/10\/IMG_2310.jpg\" data-orig-size=\"800,600\" data-comments-opened=\"1\" data-image-meta=\"{&quot;aperture&quot;:&quot;0&quot;,&quot;credit&quot;:&quot;&quot;,&quot;camera&quot;:&quot;&quot;,&quot;caption&quot;:&quot;&quot;,&quot;created_timestamp&quot;:&quot;0&quot;,&quot;copyright&quot;:&quot;&quot;,&quot;focal_length&quot;:&quot;0&quot;,&quot;iso&quot;:&quot;0&quot;,&quot;shutter_speed&quot;:&quot;0&quot;,&quot;title&quot;:&quot;&quot;}\" data-image-title=\"IMG_2310\" data-image-description=\"\" data-image-caption=\"\" data-medium-file=\"https:\/\/www.ischia.campania.it\/wp-content\/uploads\/2013\/10\/IMG_2310-446x334.jpg\" data-large-file=\"https:\/\/www.ischia.campania.it\/wp-content\/uploads\/2013\/10\/IMG_2310.jpg\" \/><\/a>\n\t\t\t<\/dt><\/dl><dl class='gallery-item'>\n\t\t\t<dt class='gallery-icon landscape'>\n\t\t\t\t<a href='https:\/\/www.ischia.campania.it\/wp-content\/uploads\/2013\/10\/IMG_2307.jpg'><img width=\"150\" height=\"150\" src=\"https:\/\/www.ischia.campania.it\/wp-content\/uploads\/2013\/10\/IMG_2307-150x150.jpg\" class=\"attachment-thumbnail size-thumbnail\" alt=\"\" loading=\"lazy\" srcset=\"https:\/\/www.ischia.campania.it\/wp-content\/uploads\/2013\/10\/IMG_2307-150x150.jpg 150w, https:\/\/www.ischia.campania.it\/wp-content\/uploads\/2013\/10\/IMG_2307-130x130.jpg 130w, https:\/\/www.ischia.campania.it\/wp-content\/uploads\/2013\/10\/IMG_2307-67x67.jpg 67w, https:\/\/www.ischia.campania.it\/wp-content\/uploads\/2013\/10\/IMG_2307-40x40.jpg 40w, https:\/\/www.ischia.campania.it\/wp-content\/uploads\/2013\/10\/IMG_2307-184x184.jpg 184w\" sizes=\"(max-width: 150px) 100vw, 150px\" data-attachment-id=\"1922\" data-permalink=\"https:\/\/www.ischia.campania.it\/index.php\/la-madonna-di-zaro-e-il-turismo-religioso-a-ischia\/img_2307\/\" data-orig-file=\"https:\/\/www.ischia.campania.it\/wp-content\/uploads\/2013\/10\/IMG_2307.jpg\" data-orig-size=\"800,600\" data-comments-opened=\"1\" data-image-meta=\"{&quot;aperture&quot;:&quot;0&quot;,&quot;credit&quot;:&quot;&quot;,&quot;camera&quot;:&quot;&quot;,&quot;caption&quot;:&quot;&quot;,&quot;created_timestamp&quot;:&quot;0&quot;,&quot;copyright&quot;:&quot;&quot;,&quot;focal_length&quot;:&quot;0&quot;,&quot;iso&quot;:&quot;0&quot;,&quot;shutter_speed&quot;:&quot;0&quot;,&quot;title&quot;:&quot;&quot;}\" data-image-title=\"IMG_2307\" data-image-description=\"\" data-image-caption=\"\" data-medium-file=\"https:\/\/www.ischia.campania.it\/wp-content\/uploads\/2013\/10\/IMG_2307-446x334.jpg\" data-large-file=\"https:\/\/www.ischia.campania.it\/wp-content\/uploads\/2013\/10\/IMG_2307.jpg\" \/><\/a>\n\t\t\t<\/dt><\/dl><dl class='gallery-item'>\n\t\t\t<dt class='gallery-icon landscape'>\n\t\t\t\t<a href='https:\/\/www.ischia.campania.it\/wp-content\/uploads\/2013\/10\/IMG_2303.jpg'><img width=\"150\" height=\"150\" src=\"https:\/\/www.ischia.campania.it\/wp-content\/uploads\/2013\/10\/IMG_2303-150x150.jpg\" class=\"attachment-thumbnail size-thumbnail\" alt=\"\" loading=\"lazy\" srcset=\"https:\/\/www.ischia.campania.it\/wp-content\/uploads\/2013\/10\/IMG_2303-150x150.jpg 150w, https:\/\/www.ischia.campania.it\/wp-content\/uploads\/2013\/10\/IMG_2303-130x130.jpg 130w, https:\/\/www.ischia.campania.it\/wp-content\/uploads\/2013\/10\/IMG_2303-67x67.jpg 67w, https:\/\/www.ischia.campania.it\/wp-content\/uploads\/2013\/10\/IMG_2303-40x40.jpg 40w, https:\/\/www.ischia.campania.it\/wp-content\/uploads\/2013\/10\/IMG_2303-184x184.jpg 184w\" sizes=\"(max-width: 150px) 100vw, 150px\" data-attachment-id=\"1921\" data-permalink=\"https:\/\/www.ischia.campania.it\/img_2303\/\" data-orig-file=\"https:\/\/www.ischia.campania.it\/wp-content\/uploads\/2013\/10\/IMG_2303.jpg\" data-orig-size=\"800,600\" data-comments-opened=\"1\" data-image-meta=\"{&quot;aperture&quot;:&quot;0&quot;,&quot;credit&quot;:&quot;&quot;,&quot;camera&quot;:&quot;&quot;,&quot;caption&quot;:&quot;&quot;,&quot;created_timestamp&quot;:&quot;0&quot;,&quot;copyright&quot;:&quot;&quot;,&quot;focal_length&quot;:&quot;0&quot;,&quot;iso&quot;:&quot;0&quot;,&quot;shutter_speed&quot;:&quot;0&quot;,&quot;title&quot;:&quot;&quot;}\" data-image-title=\"IMG_2303\" data-image-description=\"\" data-image-caption=\"\" data-medium-file=\"https:\/\/www.ischia.campania.it\/wp-content\/uploads\/2013\/10\/IMG_2303-446x334.jpg\" data-large-file=\"https:\/\/www.ischia.campania.it\/wp-content\/uploads\/2013\/10\/IMG_2303.jpg\" \/><\/a>\n\t\t\t<\/dt><\/dl><br style=\"clear: both\" \/><dl class='gallery-item'>\n\t\t\t<dt class='gallery-icon landscape'>\n\t\t\t\t<a href='https:\/\/www.ischia.campania.it\/wp-content\/uploads\/2013\/10\/IMG_2302.jpg'><img width=\"150\" height=\"150\" src=\"https:\/\/www.ischia.campania.it\/wp-content\/uploads\/2013\/10\/IMG_2302-150x150.jpg\" class=\"attachment-thumbnail size-thumbnail\" alt=\"\" loading=\"lazy\" srcset=\"https:\/\/www.ischia.campania.it\/wp-content\/uploads\/2013\/10\/IMG_2302-150x150.jpg 150w, https:\/\/www.ischia.campania.it\/wp-content\/uploads\/2013\/10\/IMG_2302-130x130.jpg 130w, https:\/\/www.ischia.campania.it\/wp-content\/uploads\/2013\/10\/IMG_2302-67x67.jpg 67w, https:\/\/www.ischia.campania.it\/wp-content\/uploads\/2013\/10\/IMG_2302-40x40.jpg 40w, https:\/\/www.ischia.campania.it\/wp-content\/uploads\/2013\/10\/IMG_2302-184x184.jpg 184w\" sizes=\"(max-width: 150px) 100vw, 150px\" data-attachment-id=\"1920\" data-permalink=\"https:\/\/www.ischia.campania.it\/img_2302\/\" data-orig-file=\"https:\/\/www.ischia.campania.it\/wp-content\/uploads\/2013\/10\/IMG_2302.jpg\" data-orig-size=\"800,600\" data-comments-opened=\"1\" data-image-meta=\"{&quot;aperture&quot;:&quot;0&quot;,&quot;credit&quot;:&quot;&quot;,&quot;camera&quot;:&quot;&quot;,&quot;caption&quot;:&quot;&quot;,&quot;created_timestamp&quot;:&quot;0&quot;,&quot;copyright&quot;:&quot;&quot;,&quot;focal_length&quot;:&quot;0&quot;,&quot;iso&quot;:&quot;0&quot;,&quot;shutter_speed&quot;:&quot;0&quot;,&quot;title&quot;:&quot;&quot;}\" data-image-title=\"IMG_2302\" data-image-description=\"\" data-image-caption=\"\" data-medium-file=\"https:\/\/www.ischia.campania.it\/wp-content\/uploads\/2013\/10\/IMG_2302-446x334.jpg\" data-large-file=\"https:\/\/www.ischia.campania.it\/wp-content\/uploads\/2013\/10\/IMG_2302.jpg\" \/><\/a>\n\t\t\t<\/dt><\/dl><dl class='gallery-item'>\n\t\t\t<dt class='gallery-icon landscape'>\n\t\t\t\t<a href='https:\/\/www.ischia.campania.it\/wp-content\/uploads\/2013\/10\/IMG_2301.jpg'><img width=\"150\" height=\"150\" src=\"https:\/\/www.ischia.campania.it\/wp-content\/uploads\/2013\/10\/IMG_2301-150x150.jpg\" class=\"attachment-thumbnail size-thumbnail\" alt=\"\" loading=\"lazy\" srcset=\"https:\/\/www.ischia.campania.it\/wp-content\/uploads\/2013\/10\/IMG_2301-150x150.jpg 150w, https:\/\/www.ischia.campania.it\/wp-content\/uploads\/2013\/10\/IMG_2301-130x130.jpg 130w, https:\/\/www.ischia.campania.it\/wp-content\/uploads\/2013\/10\/IMG_2301-67x67.jpg 67w, https:\/\/www.ischia.campania.it\/wp-content\/uploads\/2013\/10\/IMG_2301-40x40.jpg 40w, https:\/\/www.ischia.campania.it\/wp-content\/uploads\/2013\/10\/IMG_2301-184x184.jpg 184w\" sizes=\"(max-width: 150px) 100vw, 150px\" data-attachment-id=\"1919\" data-permalink=\"https:\/\/www.ischia.campania.it\/img_2301\/\" data-orig-file=\"https:\/\/www.ischia.campania.it\/wp-content\/uploads\/2013\/10\/IMG_2301.jpg\" data-orig-size=\"800,600\" data-comments-opened=\"1\" data-image-meta=\"{&quot;aperture&quot;:&quot;0&quot;,&quot;credit&quot;:&quot;&quot;,&quot;camera&quot;:&quot;&quot;,&quot;caption&quot;:&quot;&quot;,&quot;created_timestamp&quot;:&quot;0&quot;,&quot;copyright&quot;:&quot;&quot;,&quot;focal_length&quot;:&quot;0&quot;,&quot;iso&quot;:&quot;0&quot;,&quot;shutter_speed&quot;:&quot;0&quot;,&quot;title&quot;:&quot;&quot;}\" data-image-title=\"IMG_2301\" data-image-description=\"\" data-image-caption=\"\" data-medium-file=\"https:\/\/www.ischia.campania.it\/wp-content\/uploads\/2013\/10\/IMG_2301-446x334.jpg\" data-large-file=\"https:\/\/www.ischia.campania.it\/wp-content\/uploads\/2013\/10\/IMG_2301.jpg\" \/><\/a>\n\t\t\t<\/dt><\/dl>\n\t\t\t<br style='clear: both' \/>\n\t\t<\/div>\n\n","protected":false},"excerpt":{"rendered":"<p>\u201cVestita con un abito ed un velo bianchi ed un manto azzurro, una cintura d&#8217;oro alla vita con sopra una rosa bianca ed una rosa bianca su ciascun piede. Ha gli occhi azzurrini ed un cuore composto di rose bianche. La Sua carnagione \u00e8 olivastra, ma con tutta quella luce sembra pi\u00f9 chiara. Appare in [&hellip;]<\/p>\n","protected":false},"author":2,"featured_media":2146,"comment_status":"open","ping_status":"open","sticky":false,"template":"","format":"standard","meta":{"_et_pb_use_builder":"","_et_pb_old_content":"","_et_gb_content_width":"","_monsterinsights_skip_tracking":false,"_monsterinsights_sitenote_active":false,"_monsterinsights_sitenote_note":"","_monsterinsights_sitenote_category":0,"spay_email":""},"categories":[4,1],"tags":[],"jetpack_featured_media_url":"https:\/\/www.ischia.campania.it\/wp-content\/uploads\/2013\/11\/IMG_2307.jpg","jetpack_shortlink":"https:\/\/wp.me\/p3yuov-v2","jetpack_sharing_enabled":true,"_links":{"self":[{"href":"https:\/\/www.ischia.campania.it\/index.php\/wp-json\/wp\/v2\/posts\/1924"}],"collection":[{"href":"https:\/\/www.ischia.campania.it\/index.php\/wp-json\/wp\/v2\/posts"}],"about":[{"href":"https:\/\/www.ischia.campania.it\/index.php\/wp-json\/wp\/v2\/types\/post"}],"author":[{"embeddable":true,"href":"https:\/\/www.ischia.campania.it\/index.php\/wp-json\/wp\/v2\/users\/2"}],"replies":[{"embeddable":true,"href":"https:\/\/www.ischia.campania.it\/index.php\/wp-json\/wp\/v2\/comments?post=1924"}],"version-history":[{"count":10,"href":"https:\/\/www.ischia.campania.it\/index.php\/wp-json\/wp\/v2\/posts\/1924\/revisions"}],"predecessor-version":[{"id":3142,"href":"https:\/\/www.ischia.campania.it\/index.php\/wp-json\/wp\/v2\/posts\/1924\/revisions\/3142"}],"wp:featuredmedia":[{"embeddable":true,"href":"https:\/\/www.ischia.campania.it\/index.php\/wp-json\/wp\/v2\/media\/2146"}],"wp:attachment":[{"href":"https:\/\/www.ischia.campania.it\/index.php\/wp-json\/wp\/v2\/media?parent=1924"}],"wp:term":[{"taxonomy":"category","embeddable":true,"href":"https:\/\/www.ischia.campania.it\/index.php\/wp-json\/wp\/v2\/categories?post=1924"},{"taxonomy":"post_tag","embeddable":true,"href":"https:\/\/www.ischia.campania.it\/index.php\/wp-json\/wp\/v2\/tags?post=1924"}],"curies":[{"name":"wp","href":"https:\/\/api.w.org\/{rel}","templated":true}]}}