{"id":212,"date":"2010-09-08T13:48:24","date_gmt":"2010-09-08T13:48:24","guid":{"rendered":"https:\/\/www.ischia.campania.it\/index.php\/"},"modified":"2018-01-19T14:58:31","modified_gmt":"2018-01-19T13:58:31","slug":"giardini-la-mortella","status":"publish","type":"post","link":"https:\/\/www.ischia.campania.it\/index.php\/giardini-la-mortella\/","title":{"rendered":"Giardini La Mortella"},"content":{"rendered":"<div id=\"itiner-social\" style=\"padding: 5px 0; float:left; width:100%;\"><a href=\"https:\/\/twitter.com\/share\" class=\"twitter-share-button\" data-url=\"http:\/\/www.ischia.campania.it\/index.php\/giardini-la-mortella\/\" data-text=\"ItinerSocial\" data-count=\"horizontal\" data-via=\"ItinerSocial\" style=\"flaot:left;margin: 0 10px\"><\/a><div class=\"fb-like\" data-href=\"http:\/\/www.ischia.campania.it\/index.php\/giardini-la-mortella\/\" data-layout=\"button_count\" data-send=\"false\" data-show-faces=\"false\" data-width=\"90\" style=\"flaot:left;margin: 0 10px\"><\/div><div class=\"g-plusone\" data-annotation=\"inline\" data-href=\"http:\/\/www.ischia.campania.it\/index.php\/giardini-la-mortella\/\" data-size=\"medium\" data-width=\"120\" style=\"flaot:left;margin: 0 10px\"><\/div><\/div><p><strong>I<\/strong> <strong>Giardini La Mortella<\/strong> <strong>si trovano nel versante nord occidentale dell\u2019isola d\u2019Ischia<\/strong>, in localit\u00e0 Zaro (Forio). Sono anche conosciuti come Villa Walton, dal nome del loro proprietario, il famoso compositore e direttore d&#8217;orchestra inglese sir William Walton (1902 &#8211; 1983) che, nel 1949, acquist\u00f2 quest&#8217;angolo di macchia mediterranea, per lo pi\u00f9 popolato da lecci e castagni, per realizzarvi la propria residenza, da condividere con la giovane moglie argentina Susanna Gyl (1922 &#8211; 2010).<\/p>\n<p><strong>Il disegno del parco<\/strong>, il cui nome &#8220;La Mortella&#8221; \u00e8 legato alla ricca presenza di mirto in tutta l&#8217;area, rappresenta la sfida che, con tenacia, Lady Susanna e, prima di lei, l&#8217;architetto paesaggista inglese Russel Page, hanno raccolto trasformando quella che, di fatto, era una vasta area boschiva circondata da un&#8217;arida pietraia, in un suggestivo ed incantevole parco naturalistico, capace di ospitare circa 800 variet\u00e0 di piante mediterranee e tropicali.<\/p>\n<p><strong>Fin dall&#8217;ingresso si \u00e8 travolti da una magica atmosfera<\/strong>: accompagnato dalle fontane e da un viale pavimentato in lava del Vesuvio, lo sguardo spazia lungo tutto il parco. Lungo il percorso singole stanze di verde dove l&#8217;acqua compone meravigliosi giochi e piante di rarissima bellezza e variet\u00e0 si susseguono l&#8217;un l&#8217;altra dando spazio a creazioni artistiche di prim&#8217;ordine.<\/p>\n<p><strong>Degna di particolare menzione la <em>ninphaea Victoria<\/em><\/strong>, una pianta acquatica originaria del Rio delle Amazzoni, che si trova nel giardino a valle &#8211; disegnato da Russel Page a partire dal 1956 &#8211; ospitata all&#8217;interno di una grande vasca\u00a0dominata da una scultura, raffigurante un\u2019enorme bocca, dell\u2019artista inglese Simon Verity. Le foglie di questa pianta raggiungono i due metri di diametro; gli steli gli otto di altezza. I suoi fiori sono ermafroditi, tanto che in un sol giorno cambiano sesso e colore, prima bianchi e poi rossi, per poi immergersi in acqua.<\/p>\n<p><strong>Nella parte alta della collina<\/strong> &#8211; il cui giardino \u00e8 stato invece interamente disegnato da Lady Susanna a partire dal 1983, anno della morte del marito &#8211;\u00a0 incontriamo la <em>Cascata del Coccodrillo,\u00a0<\/em>cos\u00ec chiamata perch\u00e8 appunto dominata da una statua in bronzo raffigurante un coccodrillo. Alle spalle della cascata \u00e8 possibile ammirare un&#8217;altra bellissima pianta acquatica, la <em>Nymphaea caerulea<\/em>, o Loto Blu. Originaria del Delta del Nilo, pare che gli antichi egizi la utilizzassero come pianta medicinale, per via dell&#8217;effetto leggermente sedativo dei suoi fiori. Il fatto che questa pianta ornamentale sia quasi in via di estinzione nei suoi luoghi di origine d\u00e0 ancora pi\u00f9 prestigio a questo meraviglioso parco-giardino, lungo i cui sentieri sono ospitate diverse installazioni artistiche, come il pergolato coperto di rampicanti e gelsomini chiamato <em>Glorieta<\/em>, ideato dal paesaggista americano Andy Cao o come il giardino orientale, con annesso un piccolo tempio, <em>Sala Thai<\/em>, che si trova quasi in cima alla collina e richiama lo stile sacro dell\u2019architettura thailandese.<\/p>\n<p><strong>La vera spettacolarit\u00e0 di questi giardini<\/strong>, sia quello a valle che quello in collina, sta nel fatto che sono fioriti praticamente tutto l&#8217;anno: <em>camelie<\/em>, <em>palme<\/em>, <em>cycas<\/em>, <em>agavi<\/em>, <em>yucca<\/em> convivono in un connubio perfetto con <em>cedri<\/em> ed altri rarissimi esempi di alberi dai colori e profumi incredibili. A seconda poi dell\u2019intensit\u00e0 della luce solare, del calore e dell\u2019umidit\u00e0, variano anche le sfumature di colore e le atmosfere del parco, talvolta pi\u00f9 raccolte, in altre circostanze pi\u00f9 vivaci, aspetti questi che non passano inosservati all&#8217;occhio esperto dell&#8217;intenditore, tanto che La Mortella, nel 2004, si \u00e8 aggiudicato il primo posto del concorso <em>\u201cIl parco pi\u00f9 bello d\u2019Italia\u201d<\/em>, ideato dall\u2019azienda leader nel giardinaggio Briggs&amp;Stratton.<\/p>\n<p><strong>La Mortella \u00e8 aperto al pubblico da aprile ad ottobre<\/strong>, nei giorni Marted\u00ec, Gioved\u00ec, Sabato e Domenica dalle ore 9.00 alle ore 19.00.<\/p>\n<blockquote>\n<ul>\n<li>Le biglietterie chiudono mezz&#8217;ora prima dell&#8217;orario di chiusura.<\/li>\n<li>La durata della visita \u00e8 libera (si consigliano minimo 2 ore).<\/li>\n<li>Parcheggio gratuito disponibile\u00a0 presso l\u2019ingresso superiore in Via Zaro.<\/li>\n<li>Il giardino \u00e8 accessibile ai disabili; servizi igienici per disabili ubicati sia nel giardino inferiore che in quello superiore.<\/li>\n<li>Visite guidate per gruppi in italiano e inglese, da concordare preventivamente.<\/li>\n<li>Ai visitatori viene data gratuitamente all\u2019ingresso una mappa del giardino con l\u2019elenco delle piante principali; un libretto-guida \u00e8 disponibile al costo di \u20ac 1,00.<\/li>\n<\/ul>\n<\/blockquote>\n<p><strong>Ingresso giardino:<\/strong><\/p>\n<ul>\n<li><strong>\u20ac 12,00 &#8211; Intero<\/strong><\/li>\n<li><strong>\u20ac 10,00 &#8211; Ridotto 1<\/strong>*\n<ul>\n<li>Ragazzi da 12 a 18 anni \/ Adulti oltre 70 anni;<\/li>\n<li>Residenti dei Comuni dell&#8217;Isola d&#8217;Ischia;<\/li>\n<li>Titolari delle carte convenzionati (Arte Card, Touring, FAI, Il Quadrante).<\/li>\n<\/ul>\n<\/li>\n<li><strong>\u20ac 7,00 &#8211; Ridotto 2<\/strong>*\n<ul>\n<li>Bambini da 6 a 12 anni;<\/li>\n<li>Accompagnatore disabili motori e non vedenti.<\/li>\n<\/ul>\n<\/li>\n<li><strong>\u20ac 0,00 &#8211; Gratuito<\/strong>*\n<ul>\n<li>Bambini fino 6 anni;<\/li>\n<li>Disabili con attestato di invalidit\u00e0 oltre 51%.<\/li>\n<\/ul>\n<\/li>\n<\/ul>\n<p><strong>Ingresso concerto inclusa la visita del Giardino:<\/strong><\/p>\n<ul>\n<li><strong>\u20ac 20,00 &#8211; Intero <\/strong><\/li>\n<li><strong>\u20ac 15,00 &#8211; Ridotto<\/strong>*\n<ul>\n<li>Ragazzi fino 18 anni \/ Adulti oltre 70 anni;<\/li>\n<li>Residenti dei Comuni dell&#8217;Isola d&#8217;Ischia;<\/li>\n<li>Titolari delle carte convenzionati (Arte Card, Touring, FAI, Il Quadrante).<\/li>\n<li>Accompagnatore disabili motori e non vedenti.<\/li>\n<\/ul>\n<\/li>\n<li><strong>\u20ac 0,00 &#8211; Gratuito<\/strong>*\n<ul>\n<li>Bambini fino 6 anni;<\/li>\n<li>Disabili con attestato di invalidit\u00e0 oltre 51%.<\/li>\n<\/ul>\n<\/li>\n<\/ul>\n<blockquote><p><strong>Per ulteriori informazioni:<\/strong><br \/>\nFondazione William Walton e La Mortella,<br \/>\nVia Francesco Calise 39, 80075, Forio (Na), Italy<br \/>\n<strong>Tel<\/strong>: +39 081-986220 \u00a0\u00a0fax: +39 081-986237<br \/>\n<strong>Sito<\/strong>: www.lamortella.it<\/p><\/blockquote>\n<h3>Galleria fotografica dei giardini La Mortella<\/h3>\n\n\t\t<style type=\"text\/css\">\n\t\t\t#gallery-1 {\n\t\t\t\tmargin: auto;\n\t\t\t}\n\t\t\t#gallery-1 .gallery-item {\n\t\t\t\tfloat: left;\n\t\t\t\tmargin-top: 10px;\n\t\t\t\ttext-align: center;\n\t\t\t\twidth: 33%;\n\t\t\t}\n\t\t\t#gallery-1 img {\n\t\t\t\tborder: 2px solid #cfcfcf;\n\t\t\t}\n\t\t\t#gallery-1 .gallery-caption {\n\t\t\t\tmargin-left: 0;\n\t\t\t}\n\t\t\t\/* see gallery_shortcode() in wp-includes\/media.php *\/\n\t\t<\/style>\n\t\t<div data-carousel-extra='{\"blog_id\":1,\"permalink\":\"https:\\\/\\\/www.ischia.campania.it\\\/index.php\\\/giardini-la-mortella\\\/\"}' id='gallery-1' class='gallery galleryid-212 gallery-columns-3 gallery-size-thumbnail'><dl class='gallery-item'>\n\t\t\t<dt class='gallery-icon portrait'>\n\t\t\t\t<a href='https:\/\/www.ischia.campania.it\/wp-content\/uploads\/2010\/09\/mortella-ischia39.jpg'><img width=\"150\" height=\"150\" src=\"https:\/\/www.ischia.campania.it\/wp-content\/uploads\/2010\/09\/mortella-ischia39-150x150.jpg\" class=\"attachment-thumbnail size-thumbnail\" alt=\"\" loading=\"lazy\" srcset=\"https:\/\/www.ischia.campania.it\/wp-content\/uploads\/2010\/09\/mortella-ischia39-150x150.jpg 150w, https:\/\/www.ischia.campania.it\/wp-content\/uploads\/2010\/09\/mortella-ischia39-130x130.jpg 130w, https:\/\/www.ischia.campania.it\/wp-content\/uploads\/2010\/09\/mortella-ischia39-67x67.jpg 67w, https:\/\/www.ischia.campania.it\/wp-content\/uploads\/2010\/09\/mortella-ischia39-40x40.jpg 40w, https:\/\/www.ischia.campania.it\/wp-content\/uploads\/2010\/09\/mortella-ischia39-184x184.jpg 184w\" sizes=\"(max-width: 150px) 100vw, 150px\" data-attachment-id=\"214\" data-permalink=\"https:\/\/www.ischia.campania.it\/index.php\/giardini-la-mortella\/mortella-ischia39\/\" data-orig-file=\"https:\/\/www.ischia.campania.it\/wp-content\/uploads\/2010\/09\/mortella-ischia39.jpg\" data-orig-size=\"375,500\" data-comments-opened=\"1\" data-image-meta=\"{&quot;aperture&quot;:&quot;0&quot;,&quot;credit&quot;:&quot;&quot;,&quot;camera&quot;:&quot;&quot;,&quot;caption&quot;:&quot;&quot;,&quot;created_timestamp&quot;:&quot;0&quot;,&quot;copyright&quot;:&quot;&quot;,&quot;focal_length&quot;:&quot;0&quot;,&quot;iso&quot;:&quot;0&quot;,&quot;shutter_speed&quot;:&quot;0&quot;,&quot;title&quot;:&quot;&quot;}\" data-image-title=\"mortella-ischia39\" data-image-description=\"\" data-image-caption=\"\" data-medium-file=\"https:\/\/www.ischia.campania.it\/wp-content\/uploads\/2010\/09\/mortella-ischia39.jpg\" data-large-file=\"https:\/\/www.ischia.campania.it\/wp-content\/uploads\/2010\/09\/mortella-ischia39.jpg\" \/><\/a>\n\t\t\t<\/dt><\/dl><dl class='gallery-item'>\n\t\t\t<dt class='gallery-icon landscape'>\n\t\t\t\t<a href='https:\/\/www.ischia.campania.it\/wp-content\/uploads\/2010\/09\/mortella-ischia1.jpg'><img width=\"150\" height=\"150\" src=\"https:\/\/www.ischia.campania.it\/wp-content\/uploads\/2010\/09\/mortella-ischia1-150x150.jpg\" class=\"attachment-thumbnail size-thumbnail\" alt=\"\" loading=\"lazy\" srcset=\"https:\/\/www.ischia.campania.it\/wp-content\/uploads\/2010\/09\/mortella-ischia1-150x150.jpg 150w, https:\/\/www.ischia.campania.it\/wp-content\/uploads\/2010\/09\/mortella-ischia1-130x130.jpg 130w, https:\/\/www.ischia.campania.it\/wp-content\/uploads\/2010\/09\/mortella-ischia1-67x67.jpg 67w, https:\/\/www.ischia.campania.it\/wp-content\/uploads\/2010\/09\/mortella-ischia1-40x40.jpg 40w, https:\/\/www.ischia.campania.it\/wp-content\/uploads\/2010\/09\/mortella-ischia1-184x184.jpg 184w\" sizes=\"(max-width: 150px) 100vw, 150px\" data-attachment-id=\"215\" data-permalink=\"https:\/\/www.ischia.campania.it\/index.php\/giardini-la-mortella\/mortella-ischia1\/\" data-orig-file=\"https:\/\/www.ischia.campania.it\/wp-content\/uploads\/2010\/09\/mortella-ischia1.jpg\" data-orig-size=\"750,563\" data-comments-opened=\"1\" data-image-meta=\"{&quot;aperture&quot;:&quot;0&quot;,&quot;credit&quot;:&quot;&quot;,&quot;camera&quot;:&quot;&quot;,&quot;caption&quot;:&quot;&quot;,&quot;created_timestamp&quot;:&quot;0&quot;,&quot;copyright&quot;:&quot;&quot;,&quot;focal_length&quot;:&quot;0&quot;,&quot;iso&quot;:&quot;0&quot;,&quot;shutter_speed&quot;:&quot;0&quot;,&quot;title&quot;:&quot;&quot;}\" data-image-title=\"mortella-ischia1\" data-image-description=\"\" data-image-caption=\"\" data-medium-file=\"https:\/\/www.ischia.campania.it\/wp-content\/uploads\/2010\/09\/mortella-ischia1-446x334.jpg\" data-large-file=\"https:\/\/www.ischia.campania.it\/wp-content\/uploads\/2010\/09\/mortella-ischia1.jpg\" \/><\/a>\n\t\t\t<\/dt><\/dl><dl class='gallery-item'>\n\t\t\t<dt class='gallery-icon landscape'>\n\t\t\t\t<a href='https:\/\/www.ischia.campania.it\/wp-content\/uploads\/2010\/09\/mortella-ischia2.jpg'><img width=\"150\" height=\"150\" src=\"https:\/\/www.ischia.campania.it\/wp-content\/uploads\/2010\/09\/mortella-ischia2-150x150.jpg\" class=\"attachment-thumbnail size-thumbnail\" alt=\"\" loading=\"lazy\" srcset=\"https:\/\/www.ischia.campania.it\/wp-content\/uploads\/2010\/09\/mortella-ischia2-150x150.jpg 150w, https:\/\/www.ischia.campania.it\/wp-content\/uploads\/2010\/09\/mortella-ischia2-130x130.jpg 130w, https:\/\/www.ischia.campania.it\/wp-content\/uploads\/2010\/09\/mortella-ischia2-67x67.jpg 67w, https:\/\/www.ischia.campania.it\/wp-content\/uploads\/2010\/09\/mortella-ischia2-40x40.jpg 40w, https:\/\/www.ischia.campania.it\/wp-content\/uploads\/2010\/09\/mortella-ischia2-184x184.jpg 184w\" sizes=\"(max-width: 150px) 100vw, 150px\" data-attachment-id=\"216\" data-permalink=\"https:\/\/www.ischia.campania.it\/index.php\/giardini-la-mortella\/mortella-ischia2\/\" data-orig-file=\"https:\/\/www.ischia.campania.it\/wp-content\/uploads\/2010\/09\/mortella-ischia2.jpg\" data-orig-size=\"750,563\" data-comments-opened=\"1\" data-image-meta=\"{&quot;aperture&quot;:&quot;0&quot;,&quot;credit&quot;:&quot;&quot;,&quot;camera&quot;:&quot;&quot;,&quot;caption&quot;:&quot;&quot;,&quot;created_timestamp&quot;:&quot;0&quot;,&quot;copyright&quot;:&quot;&quot;,&quot;focal_length&quot;:&quot;0&quot;,&quot;iso&quot;:&quot;0&quot;,&quot;shutter_speed&quot;:&quot;0&quot;,&quot;title&quot;:&quot;&quot;}\" data-image-title=\"mortella-ischia2\" data-image-description=\"\" data-image-caption=\"\" data-medium-file=\"https:\/\/www.ischia.campania.it\/wp-content\/uploads\/2010\/09\/mortella-ischia2-446x334.jpg\" data-large-file=\"https:\/\/www.ischia.campania.it\/wp-content\/uploads\/2010\/09\/mortella-ischia2.jpg\" \/><\/a>\n\t\t\t<\/dt><\/dl><br style=\"clear: both\" \/><dl class='gallery-item'>\n\t\t\t<dt class='gallery-icon landscape'>\n\t\t\t\t<a href='https:\/\/www.ischia.campania.it\/wp-content\/uploads\/2010\/09\/mortella-ischia3.jpg'><img width=\"150\" height=\"150\" src=\"https:\/\/www.ischia.campania.it\/wp-content\/uploads\/2010\/09\/mortella-ischia3-150x150.jpg\" class=\"attachment-thumbnail size-thumbnail\" alt=\"\" loading=\"lazy\" srcset=\"https:\/\/www.ischia.campania.it\/wp-content\/uploads\/2010\/09\/mortella-ischia3-150x150.jpg 150w, https:\/\/www.ischia.campania.it\/wp-content\/uploads\/2010\/09\/mortella-ischia3-130x130.jpg 130w, https:\/\/www.ischia.campania.it\/wp-content\/uploads\/2010\/09\/mortella-ischia3-67x67.jpg 67w, https:\/\/www.ischia.campania.it\/wp-content\/uploads\/2010\/09\/mortella-ischia3-40x40.jpg 40w, https:\/\/www.ischia.campania.it\/wp-content\/uploads\/2010\/09\/mortella-ischia3-184x184.jpg 184w\" sizes=\"(max-width: 150px) 100vw, 150px\" data-attachment-id=\"217\" data-permalink=\"https:\/\/www.ischia.campania.it\/index.php\/giardini-la-mortella\/mortella-ischia3\/\" data-orig-file=\"https:\/\/www.ischia.campania.it\/wp-content\/uploads\/2010\/09\/mortella-ischia3.jpg\" data-orig-size=\"750,563\" data-comments-opened=\"1\" data-image-meta=\"{&quot;aperture&quot;:&quot;0&quot;,&quot;credit&quot;:&quot;&quot;,&quot;camera&quot;:&quot;&quot;,&quot;caption&quot;:&quot;&quot;,&quot;created_timestamp&quot;:&quot;0&quot;,&quot;copyright&quot;:&quot;&quot;,&quot;focal_length&quot;:&quot;0&quot;,&quot;iso&quot;:&quot;0&quot;,&quot;shutter_speed&quot;:&quot;0&quot;,&quot;title&quot;:&quot;&quot;}\" data-image-title=\"mortella-ischia3\" data-image-description=\"\" data-image-caption=\"\" data-medium-file=\"https:\/\/www.ischia.campania.it\/wp-content\/uploads\/2010\/09\/mortella-ischia3-446x334.jpg\" data-large-file=\"https:\/\/www.ischia.campania.it\/wp-content\/uploads\/2010\/09\/mortella-ischia3.jpg\" \/><\/a>\n\t\t\t<\/dt><\/dl><dl class='gallery-item'>\n\t\t\t<dt class='gallery-icon landscape'>\n\t\t\t\t<a href='https:\/\/www.ischia.campania.it\/wp-content\/uploads\/2010\/09\/mortella-ischia4.jpg'><img width=\"150\" height=\"150\" src=\"https:\/\/www.ischia.campania.it\/wp-content\/uploads\/2010\/09\/mortella-ischia4-150x150.jpg\" class=\"attachment-thumbnail size-thumbnail\" alt=\"\" loading=\"lazy\" srcset=\"https:\/\/www.ischia.campania.it\/wp-content\/uploads\/2010\/09\/mortella-ischia4-150x150.jpg 150w, https:\/\/www.ischia.campania.it\/wp-content\/uploads\/2010\/09\/mortella-ischia4-130x130.jpg 130w, https:\/\/www.ischia.campania.it\/wp-content\/uploads\/2010\/09\/mortella-ischia4-67x67.jpg 67w, https:\/\/www.ischia.campania.it\/wp-content\/uploads\/2010\/09\/mortella-ischia4-40x40.jpg 40w, https:\/\/www.ischia.campania.it\/wp-content\/uploads\/2010\/09\/mortella-ischia4-184x184.jpg 184w\" sizes=\"(max-width: 150px) 100vw, 150px\" data-attachment-id=\"218\" data-permalink=\"https:\/\/www.ischia.campania.it\/index.php\/giardini-la-mortella\/mortella-ischia4\/\" data-orig-file=\"https:\/\/www.ischia.campania.it\/wp-content\/uploads\/2010\/09\/mortella-ischia4.jpg\" data-orig-size=\"750,563\" data-comments-opened=\"1\" data-image-meta=\"{&quot;aperture&quot;:&quot;0&quot;,&quot;credit&quot;:&quot;&quot;,&quot;camera&quot;:&quot;&quot;,&quot;caption&quot;:&quot;&quot;,&quot;created_timestamp&quot;:&quot;0&quot;,&quot;copyright&quot;:&quot;&quot;,&quot;focal_length&quot;:&quot;0&quot;,&quot;iso&quot;:&quot;0&quot;,&quot;shutter_speed&quot;:&quot;0&quot;,&quot;title&quot;:&quot;&quot;}\" data-image-title=\"mortella-ischia4\" data-image-description=\"\" data-image-caption=\"\" data-medium-file=\"https:\/\/www.ischia.campania.it\/wp-content\/uploads\/2010\/09\/mortella-ischia4-446x334.jpg\" data-large-file=\"https:\/\/www.ischia.campania.it\/wp-content\/uploads\/2010\/09\/mortella-ischia4.jpg\" \/><\/a>\n\t\t\t<\/dt><\/dl><dl class='gallery-item'>\n\t\t\t<dt class='gallery-icon landscape'>\n\t\t\t\t<a href='https:\/\/www.ischia.campania.it\/wp-content\/uploads\/2010\/09\/mortella-ischia5.jpg'><img width=\"150\" height=\"150\" src=\"https:\/\/www.ischia.campania.it\/wp-content\/uploads\/2010\/09\/mortella-ischia5-150x150.jpg\" class=\"attachment-thumbnail size-thumbnail\" alt=\"\" loading=\"lazy\" srcset=\"https:\/\/www.ischia.campania.it\/wp-content\/uploads\/2010\/09\/mortella-ischia5-150x150.jpg 150w, https:\/\/www.ischia.campania.it\/wp-content\/uploads\/2010\/09\/mortella-ischia5-130x130.jpg 130w, https:\/\/www.ischia.campania.it\/wp-content\/uploads\/2010\/09\/mortella-ischia5-67x67.jpg 67w, https:\/\/www.ischia.campania.it\/wp-content\/uploads\/2010\/09\/mortella-ischia5-40x40.jpg 40w, https:\/\/www.ischia.campania.it\/wp-content\/uploads\/2010\/09\/mortella-ischia5-184x184.jpg 184w\" sizes=\"(max-width: 150px) 100vw, 150px\" data-attachment-id=\"219\" data-permalink=\"https:\/\/www.ischia.campania.it\/index.php\/giardini-la-mortella\/mortella-ischia5\/\" data-orig-file=\"https:\/\/www.ischia.campania.it\/wp-content\/uploads\/2010\/09\/mortella-ischia5.jpg\" data-orig-size=\"750,563\" data-comments-opened=\"1\" data-image-meta=\"{&quot;aperture&quot;:&quot;0&quot;,&quot;credit&quot;:&quot;&quot;,&quot;camera&quot;:&quot;&quot;,&quot;caption&quot;:&quot;&quot;,&quot;created_timestamp&quot;:&quot;0&quot;,&quot;copyright&quot;:&quot;&quot;,&quot;focal_length&quot;:&quot;0&quot;,&quot;iso&quot;:&quot;0&quot;,&quot;shutter_speed&quot;:&quot;0&quot;,&quot;title&quot;:&quot;&quot;}\" data-image-title=\"mortella-ischia5\" data-image-description=\"\" data-image-caption=\"\" data-medium-file=\"https:\/\/www.ischia.campania.it\/wp-content\/uploads\/2010\/09\/mortella-ischia5-446x334.jpg\" data-large-file=\"https:\/\/www.ischia.campania.it\/wp-content\/uploads\/2010\/09\/mortella-ischia5.jpg\" \/><\/a>\n\t\t\t<\/dt><\/dl><br style=\"clear: both\" \/><dl class='gallery-item'>\n\t\t\t<dt class='gallery-icon landscape'>\n\t\t\t\t<a href='https:\/\/www.ischia.campania.it\/wp-content\/uploads\/2010\/09\/mortella-ischia6.jpg'><img width=\"150\" height=\"150\" src=\"https:\/\/www.ischia.campania.it\/wp-content\/uploads\/2010\/09\/mortella-ischia6-150x150.jpg\" class=\"attachment-thumbnail size-thumbnail\" alt=\"\" loading=\"lazy\" srcset=\"https:\/\/www.ischia.campania.it\/wp-content\/uploads\/2010\/09\/mortella-ischia6-150x150.jpg 150w, https:\/\/www.ischia.campania.it\/wp-content\/uploads\/2010\/09\/mortella-ischia6-130x130.jpg 130w, https:\/\/www.ischia.campania.it\/wp-content\/uploads\/2010\/09\/mortella-ischia6-67x67.jpg 67w, https:\/\/www.ischia.campania.it\/wp-content\/uploads\/2010\/09\/mortella-ischia6-40x40.jpg 40w, https:\/\/www.ischia.campania.it\/wp-content\/uploads\/2010\/09\/mortella-ischia6-184x184.jpg 184w\" sizes=\"(max-width: 150px) 100vw, 150px\" data-attachment-id=\"220\" data-permalink=\"https:\/\/www.ischia.campania.it\/index.php\/giardini-la-mortella\/mortella-ischia6\/\" data-orig-file=\"https:\/\/www.ischia.campania.it\/wp-content\/uploads\/2010\/09\/mortella-ischia6.jpg\" data-orig-size=\"750,563\" data-comments-opened=\"1\" data-image-meta=\"{&quot;aperture&quot;:&quot;0&quot;,&quot;credit&quot;:&quot;&quot;,&quot;camera&quot;:&quot;&quot;,&quot;caption&quot;:&quot;&quot;,&quot;created_timestamp&quot;:&quot;0&quot;,&quot;copyright&quot;:&quot;&quot;,&quot;focal_length&quot;:&quot;0&quot;,&quot;iso&quot;:&quot;0&quot;,&quot;shutter_speed&quot;:&quot;0&quot;,&quot;title&quot;:&quot;&quot;}\" data-image-title=\"mortella-ischia6\" data-image-description=\"\" data-image-caption=\"\" data-medium-file=\"https:\/\/www.ischia.campania.it\/wp-content\/uploads\/2010\/09\/mortella-ischia6-446x334.jpg\" data-large-file=\"https:\/\/www.ischia.campania.it\/wp-content\/uploads\/2010\/09\/mortella-ischia6.jpg\" \/><\/a>\n\t\t\t<\/dt><\/dl><dl class='gallery-item'>\n\t\t\t<dt class='gallery-icon landscape'>\n\t\t\t\t<a href='https:\/\/www.ischia.campania.it\/wp-content\/uploads\/2010\/09\/mortella-ischia7.jpg'><img width=\"150\" height=\"150\" src=\"https:\/\/www.ischia.campania.it\/wp-content\/uploads\/2010\/09\/mortella-ischia7-150x150.jpg\" class=\"attachment-thumbnail size-thumbnail\" alt=\"\" loading=\"lazy\" srcset=\"https:\/\/www.ischia.campania.it\/wp-content\/uploads\/2010\/09\/mortella-ischia7-150x150.jpg 150w, https:\/\/www.ischia.campania.it\/wp-content\/uploads\/2010\/09\/mortella-ischia7-130x130.jpg 130w, https:\/\/www.ischia.campania.it\/wp-content\/uploads\/2010\/09\/mortella-ischia7-67x67.jpg 67w, https:\/\/www.ischia.campania.it\/wp-content\/uploads\/2010\/09\/mortella-ischia7-40x40.jpg 40w, https:\/\/www.ischia.campania.it\/wp-content\/uploads\/2010\/09\/mortella-ischia7-184x184.jpg 184w\" sizes=\"(max-width: 150px) 100vw, 150px\" data-attachment-id=\"221\" data-permalink=\"https:\/\/www.ischia.campania.it\/index.php\/giardini-la-mortella\/mortella-ischia7\/\" data-orig-file=\"https:\/\/www.ischia.campania.it\/wp-content\/uploads\/2010\/09\/mortella-ischia7.jpg\" data-orig-size=\"750,563\" data-comments-opened=\"1\" data-image-meta=\"{&quot;aperture&quot;:&quot;0&quot;,&quot;credit&quot;:&quot;&quot;,&quot;camera&quot;:&quot;&quot;,&quot;caption&quot;:&quot;&quot;,&quot;created_timestamp&quot;:&quot;0&quot;,&quot;copyright&quot;:&quot;&quot;,&quot;focal_length&quot;:&quot;0&quot;,&quot;iso&quot;:&quot;0&quot;,&quot;shutter_speed&quot;:&quot;0&quot;,&quot;title&quot;:&quot;&quot;}\" data-image-title=\"mortella-ischia7\" data-image-description=\"\" data-image-caption=\"\" data-medium-file=\"https:\/\/www.ischia.campania.it\/wp-content\/uploads\/2010\/09\/mortella-ischia7-446x334.jpg\" data-large-file=\"https:\/\/www.ischia.campania.it\/wp-content\/uploads\/2010\/09\/mortella-ischia7.jpg\" \/><\/a>\n\t\t\t<\/dt><\/dl><dl class='gallery-item'>\n\t\t\t<dt class='gallery-icon landscape'>\n\t\t\t\t<a href='https:\/\/www.ischia.campania.it\/wp-content\/uploads\/2010\/09\/mortella-ischia8.jpg'><img width=\"150\" height=\"150\" src=\"https:\/\/www.ischia.campania.it\/wp-content\/uploads\/2010\/09\/mortella-ischia8-150x150.jpg\" class=\"attachment-thumbnail size-thumbnail\" alt=\"\" loading=\"lazy\" srcset=\"https:\/\/www.ischia.campania.it\/wp-content\/uploads\/2010\/09\/mortella-ischia8-150x150.jpg 150w, https:\/\/www.ischia.campania.it\/wp-content\/uploads\/2010\/09\/mortella-ischia8-130x130.jpg 130w, https:\/\/www.ischia.campania.it\/wp-content\/uploads\/2010\/09\/mortella-ischia8-67x67.jpg 67w, https:\/\/www.ischia.campania.it\/wp-content\/uploads\/2010\/09\/mortella-ischia8-40x40.jpg 40w, https:\/\/www.ischia.campania.it\/wp-content\/uploads\/2010\/09\/mortella-ischia8-184x184.jpg 184w\" sizes=\"(max-width: 150px) 100vw, 150px\" data-attachment-id=\"222\" data-permalink=\"https:\/\/www.ischia.campania.it\/index.php\/giardini-la-mortella\/mortella-ischia8\/\" data-orig-file=\"https:\/\/www.ischia.campania.it\/wp-content\/uploads\/2010\/09\/mortella-ischia8.jpg\" data-orig-size=\"750,563\" data-comments-opened=\"1\" data-image-meta=\"{&quot;aperture&quot;:&quot;0&quot;,&quot;credit&quot;:&quot;&quot;,&quot;camera&quot;:&quot;&quot;,&quot;caption&quot;:&quot;&quot;,&quot;created_timestamp&quot;:&quot;0&quot;,&quot;copyright&quot;:&quot;&quot;,&quot;focal_length&quot;:&quot;0&quot;,&quot;iso&quot;:&quot;0&quot;,&quot;shutter_speed&quot;:&quot;0&quot;,&quot;title&quot;:&quot;&quot;}\" data-image-title=\"mortella-ischia8\" data-image-description=\"\" data-image-caption=\"\" data-medium-file=\"https:\/\/www.ischia.campania.it\/wp-content\/uploads\/2010\/09\/mortella-ischia8-446x334.jpg\" data-large-file=\"https:\/\/www.ischia.campania.it\/wp-content\/uploads\/2010\/09\/mortella-ischia8.jpg\" \/><\/a>\n\t\t\t<\/dt><\/dl><br style=\"clear: both\" \/><dl class='gallery-item'>\n\t\t\t<dt class='gallery-icon landscape'>\n\t\t\t\t<a href='https:\/\/www.ischia.campania.it\/wp-content\/uploads\/2010\/09\/mortella-ischia9.jpg'><img width=\"150\" height=\"150\" src=\"https:\/\/www.ischia.campania.it\/wp-content\/uploads\/2010\/09\/mortella-ischia9-150x150.jpg\" class=\"attachment-thumbnail size-thumbnail\" alt=\"\" loading=\"lazy\" srcset=\"https:\/\/www.ischia.campania.it\/wp-content\/uploads\/2010\/09\/mortella-ischia9-150x150.jpg 150w, https:\/\/www.ischia.campania.it\/wp-content\/uploads\/2010\/09\/mortella-ischia9-130x130.jpg 130w, https:\/\/www.ischia.campania.it\/wp-content\/uploads\/2010\/09\/mortella-ischia9-67x67.jpg 67w, https:\/\/www.ischia.campania.it\/wp-content\/uploads\/2010\/09\/mortella-ischia9-40x40.jpg 40w, https:\/\/www.ischia.campania.it\/wp-content\/uploads\/2010\/09\/mortella-ischia9-184x184.jpg 184w\" sizes=\"(max-width: 150px) 100vw, 150px\" data-attachment-id=\"223\" data-permalink=\"https:\/\/www.ischia.campania.it\/index.php\/giardini-la-mortella\/mortella-ischia9\/\" data-orig-file=\"https:\/\/www.ischia.campania.it\/wp-content\/uploads\/2010\/09\/mortella-ischia9.jpg\" data-orig-size=\"750,563\" data-comments-opened=\"1\" data-image-meta=\"{&quot;aperture&quot;:&quot;0&quot;,&quot;credit&quot;:&quot;&quot;,&quot;camera&quot;:&quot;&quot;,&quot;caption&quot;:&quot;&quot;,&quot;created_timestamp&quot;:&quot;0&quot;,&quot;copyright&quot;:&quot;&quot;,&quot;focal_length&quot;:&quot;0&quot;,&quot;iso&quot;:&quot;0&quot;,&quot;shutter_speed&quot;:&quot;0&quot;,&quot;title&quot;:&quot;&quot;}\" data-image-title=\"mortella-ischia9\" data-image-description=\"\" data-image-caption=\"\" data-medium-file=\"https:\/\/www.ischia.campania.it\/wp-content\/uploads\/2010\/09\/mortella-ischia9-446x334.jpg\" data-large-file=\"https:\/\/www.ischia.campania.it\/wp-content\/uploads\/2010\/09\/mortella-ischia9.jpg\" \/><\/a>\n\t\t\t<\/dt><\/dl><dl class='gallery-item'>\n\t\t\t<dt class='gallery-icon portrait'>\n\t\t\t\t<a href='https:\/\/www.ischia.campania.it\/wp-content\/uploads\/2010\/09\/mortella-ischia10.jpg'><img width=\"150\" height=\"150\" src=\"https:\/\/www.ischia.campania.it\/wp-content\/uploads\/2010\/09\/mortella-ischia10-150x150.jpg\" class=\"attachment-thumbnail size-thumbnail\" alt=\"\" loading=\"lazy\" srcset=\"https:\/\/www.ischia.campania.it\/wp-content\/uploads\/2010\/09\/mortella-ischia10-150x150.jpg 150w, https:\/\/www.ischia.campania.it\/wp-content\/uploads\/2010\/09\/mortella-ischia10-130x130.jpg 130w, https:\/\/www.ischia.campania.it\/wp-content\/uploads\/2010\/09\/mortella-ischia10-67x67.jpg 67w, https:\/\/www.ischia.campania.it\/wp-content\/uploads\/2010\/09\/mortella-ischia10-40x40.jpg 40w, https:\/\/www.ischia.campania.it\/wp-content\/uploads\/2010\/09\/mortella-ischia10-184x184.jpg 184w\" sizes=\"(max-width: 150px) 100vw, 150px\" data-attachment-id=\"224\" data-permalink=\"https:\/\/www.ischia.campania.it\/index.php\/giardini-la-mortella\/mortella-ischia10\/\" data-orig-file=\"https:\/\/www.ischia.campania.it\/wp-content\/uploads\/2010\/09\/mortella-ischia10.jpg\" data-orig-size=\"375,500\" data-comments-opened=\"1\" data-image-meta=\"{&quot;aperture&quot;:&quot;0&quot;,&quot;credit&quot;:&quot;&quot;,&quot;camera&quot;:&quot;&quot;,&quot;caption&quot;:&quot;&quot;,&quot;created_timestamp&quot;:&quot;0&quot;,&quot;copyright&quot;:&quot;&quot;,&quot;focal_length&quot;:&quot;0&quot;,&quot;iso&quot;:&quot;0&quot;,&quot;shutter_speed&quot;:&quot;0&quot;,&quot;title&quot;:&quot;&quot;}\" data-image-title=\"mortella-ischia10\" data-image-description=\"\" data-image-caption=\"\" data-medium-file=\"https:\/\/www.ischia.campania.it\/wp-content\/uploads\/2010\/09\/mortella-ischia10.jpg\" data-large-file=\"https:\/\/www.ischia.campania.it\/wp-content\/uploads\/2010\/09\/mortella-ischia10.jpg\" \/><\/a>\n\t\t\t<\/dt><\/dl><dl class='gallery-item'>\n\t\t\t<dt class='gallery-icon landscape'>\n\t\t\t\t<a href='https:\/\/www.ischia.campania.it\/wp-content\/uploads\/2010\/09\/mortella-ischia11.jpg'><img width=\"150\" height=\"150\" src=\"https:\/\/www.ischia.campania.it\/wp-content\/uploads\/2010\/09\/mortella-ischia11-150x150.jpg\" class=\"attachment-thumbnail size-thumbnail\" alt=\"\" loading=\"lazy\" srcset=\"https:\/\/www.ischia.campania.it\/wp-content\/uploads\/2010\/09\/mortella-ischia11-150x150.jpg 150w, https:\/\/www.ischia.campania.it\/wp-content\/uploads\/2010\/09\/mortella-ischia11-130x130.jpg 130w, https:\/\/www.ischia.campania.it\/wp-content\/uploads\/2010\/09\/mortella-ischia11-67x67.jpg 67w, https:\/\/www.ischia.campania.it\/wp-content\/uploads\/2010\/09\/mortella-ischia11-40x40.jpg 40w, https:\/\/www.ischia.campania.it\/wp-content\/uploads\/2010\/09\/mortella-ischia11-184x184.jpg 184w\" sizes=\"(max-width: 150px) 100vw, 150px\" data-attachment-id=\"225\" data-permalink=\"https:\/\/www.ischia.campania.it\/index.php\/giardini-la-mortella\/mortella-ischia11\/\" data-orig-file=\"https:\/\/www.ischia.campania.it\/wp-content\/uploads\/2010\/09\/mortella-ischia11.jpg\" data-orig-size=\"750,563\" data-comments-opened=\"1\" data-image-meta=\"{&quot;aperture&quot;:&quot;0&quot;,&quot;credit&quot;:&quot;&quot;,&quot;camera&quot;:&quot;&quot;,&quot;caption&quot;:&quot;&quot;,&quot;created_timestamp&quot;:&quot;0&quot;,&quot;copyright&quot;:&quot;&quot;,&quot;focal_length&quot;:&quot;0&quot;,&quot;iso&quot;:&quot;0&quot;,&quot;shutter_speed&quot;:&quot;0&quot;,&quot;title&quot;:&quot;&quot;}\" data-image-title=\"mortella-ischia11\" data-image-description=\"\" data-image-caption=\"\" data-medium-file=\"https:\/\/www.ischia.campania.it\/wp-content\/uploads\/2010\/09\/mortella-ischia11-446x334.jpg\" data-large-file=\"https:\/\/www.ischia.campania.it\/wp-content\/uploads\/2010\/09\/mortella-ischia11.jpg\" \/><\/a>\n\t\t\t<\/dt><\/dl><br style=\"clear: both\" \/><dl class='gallery-item'>\n\t\t\t<dt class='gallery-icon landscape'>\n\t\t\t\t<a href='https:\/\/www.ischia.campania.it\/wp-content\/uploads\/2010\/09\/mortella-ischia12.jpg'><img width=\"150\" height=\"150\" src=\"https:\/\/www.ischia.campania.it\/wp-content\/uploads\/2010\/09\/mortella-ischia12-150x150.jpg\" class=\"attachment-thumbnail size-thumbnail\" alt=\"\" loading=\"lazy\" srcset=\"https:\/\/www.ischia.campania.it\/wp-content\/uploads\/2010\/09\/mortella-ischia12-150x150.jpg 150w, https:\/\/www.ischia.campania.it\/wp-content\/uploads\/2010\/09\/mortella-ischia12-130x130.jpg 130w, https:\/\/www.ischia.campania.it\/wp-content\/uploads\/2010\/09\/mortella-ischia12-67x67.jpg 67w, https:\/\/www.ischia.campania.it\/wp-content\/uploads\/2010\/09\/mortella-ischia12-40x40.jpg 40w, https:\/\/www.ischia.campania.it\/wp-content\/uploads\/2010\/09\/mortella-ischia12-184x184.jpg 184w\" sizes=\"(max-width: 150px) 100vw, 150px\" data-attachment-id=\"226\" data-permalink=\"https:\/\/www.ischia.campania.it\/index.php\/giardini-la-mortella\/mortella-ischia12\/\" data-orig-file=\"https:\/\/www.ischia.campania.it\/wp-content\/uploads\/2010\/09\/mortella-ischia12.jpg\" data-orig-size=\"750,563\" data-comments-opened=\"1\" data-image-meta=\"{&quot;aperture&quot;:&quot;0&quot;,&quot;credit&quot;:&quot;&quot;,&quot;camera&quot;:&quot;&quot;,&quot;caption&quot;:&quot;&quot;,&quot;created_timestamp&quot;:&quot;0&quot;,&quot;copyright&quot;:&quot;&quot;,&quot;focal_length&quot;:&quot;0&quot;,&quot;iso&quot;:&quot;0&quot;,&quot;shutter_speed&quot;:&quot;0&quot;,&quot;title&quot;:&quot;&quot;}\" data-image-title=\"mortella-ischia12\" data-image-description=\"\" data-image-caption=\"\" data-medium-file=\"https:\/\/www.ischia.campania.it\/wp-content\/uploads\/2010\/09\/mortella-ischia12-446x334.jpg\" data-large-file=\"https:\/\/www.ischia.campania.it\/wp-content\/uploads\/2010\/09\/mortella-ischia12.jpg\" \/><\/a>\n\t\t\t<\/dt><\/dl><dl class='gallery-item'>\n\t\t\t<dt class='gallery-icon landscape'>\n\t\t\t\t<a href='https:\/\/www.ischia.campania.it\/wp-content\/uploads\/2010\/09\/mortella-ischia13.jpg'><img width=\"150\" height=\"150\" src=\"https:\/\/www.ischia.campania.it\/wp-content\/uploads\/2010\/09\/mortella-ischia13-150x150.jpg\" class=\"attachment-thumbnail size-thumbnail\" alt=\"\" loading=\"lazy\" srcset=\"https:\/\/www.ischia.campania.it\/wp-content\/uploads\/2010\/09\/mortella-ischia13-150x150.jpg 150w, https:\/\/www.ischia.campania.it\/wp-content\/uploads\/2010\/09\/mortella-ischia13-130x130.jpg 130w, https:\/\/www.ischia.campania.it\/wp-content\/uploads\/2010\/09\/mortella-ischia13-67x67.jpg 67w, https:\/\/www.ischia.campania.it\/wp-content\/uploads\/2010\/09\/mortella-ischia13-40x40.jpg 40w, https:\/\/www.ischia.campania.it\/wp-content\/uploads\/2010\/09\/mortella-ischia13-184x184.jpg 184w\" sizes=\"(max-width: 150px) 100vw, 150px\" data-attachment-id=\"227\" data-permalink=\"https:\/\/www.ischia.campania.it\/index.php\/giardini-la-mortella\/mortella-ischia13\/\" data-orig-file=\"https:\/\/www.ischia.campania.it\/wp-content\/uploads\/2010\/09\/mortella-ischia13.jpg\" data-orig-size=\"750,563\" data-comments-opened=\"1\" data-image-meta=\"{&quot;aperture&quot;:&quot;0&quot;,&quot;credit&quot;:&quot;&quot;,&quot;camera&quot;:&quot;&quot;,&quot;caption&quot;:&quot;&quot;,&quot;created_timestamp&quot;:&quot;0&quot;,&quot;copyright&quot;:&quot;&quot;,&quot;focal_length&quot;:&quot;0&quot;,&quot;iso&quot;:&quot;0&quot;,&quot;shutter_speed&quot;:&quot;0&quot;,&quot;title&quot;:&quot;&quot;}\" data-image-title=\"mortella-ischia13\" data-image-description=\"\" data-image-caption=\"\" data-medium-file=\"https:\/\/www.ischia.campania.it\/wp-content\/uploads\/2010\/09\/mortella-ischia13-446x334.jpg\" data-large-file=\"https:\/\/www.ischia.campania.it\/wp-content\/uploads\/2010\/09\/mortella-ischia13.jpg\" \/><\/a>\n\t\t\t<\/dt><\/dl><dl class='gallery-item'>\n\t\t\t<dt class='gallery-icon landscape'>\n\t\t\t\t<a href='https:\/\/www.ischia.campania.it\/wp-content\/uploads\/2010\/09\/mortella-ischia14.jpg'><img width=\"150\" height=\"150\" src=\"https:\/\/www.ischia.campania.it\/wp-content\/uploads\/2010\/09\/mortella-ischia14-150x150.jpg\" class=\"attachment-thumbnail size-thumbnail\" alt=\"\" loading=\"lazy\" srcset=\"https:\/\/www.ischia.campania.it\/wp-content\/uploads\/2010\/09\/mortella-ischia14-150x150.jpg 150w, https:\/\/www.ischia.campania.it\/wp-content\/uploads\/2010\/09\/mortella-ischia14-130x130.jpg 130w, https:\/\/www.ischia.campania.it\/wp-content\/uploads\/2010\/09\/mortella-ischia14-67x67.jpg 67w, https:\/\/www.ischia.campania.it\/wp-content\/uploads\/2010\/09\/mortella-ischia14-40x40.jpg 40w, https:\/\/www.ischia.campania.it\/wp-content\/uploads\/2010\/09\/mortella-ischia14-184x184.jpg 184w\" sizes=\"(max-width: 150px) 100vw, 150px\" data-attachment-id=\"228\" data-permalink=\"https:\/\/www.ischia.campania.it\/index.php\/giardini-la-mortella\/mortella-ischia14\/\" data-orig-file=\"https:\/\/www.ischia.campania.it\/wp-content\/uploads\/2010\/09\/mortella-ischia14.jpg\" data-orig-size=\"750,563\" data-comments-opened=\"1\" data-image-meta=\"{&quot;aperture&quot;:&quot;0&quot;,&quot;credit&quot;:&quot;&quot;,&quot;camera&quot;:&quot;&quot;,&quot;caption&quot;:&quot;&quot;,&quot;created_timestamp&quot;:&quot;0&quot;,&quot;copyright&quot;:&quot;&quot;,&quot;focal_length&quot;:&quot;0&quot;,&quot;iso&quot;:&quot;0&quot;,&quot;shutter_speed&quot;:&quot;0&quot;,&quot;title&quot;:&quot;&quot;}\" data-image-title=\"mortella-ischia14\" data-image-description=\"\" data-image-caption=\"\" data-medium-file=\"https:\/\/www.ischia.campania.it\/wp-content\/uploads\/2010\/09\/mortella-ischia14-446x334.jpg\" data-large-file=\"https:\/\/www.ischia.campania.it\/wp-content\/uploads\/2010\/09\/mortella-ischia14.jpg\" \/><\/a>\n\t\t\t<\/dt><\/dl><br style=\"clear: both\" \/><dl class='gallery-item'>\n\t\t\t<dt class='gallery-icon landscape'>\n\t\t\t\t<a href='https:\/\/www.ischia.campania.it\/wp-content\/uploads\/2010\/09\/mortella-ischia15.jpg'><img width=\"150\" height=\"150\" src=\"https:\/\/www.ischia.campania.it\/wp-content\/uploads\/2010\/09\/mortella-ischia15-150x150.jpg\" class=\"attachment-thumbnail size-thumbnail\" alt=\"\" loading=\"lazy\" srcset=\"https:\/\/www.ischia.campania.it\/wp-content\/uploads\/2010\/09\/mortella-ischia15-150x150.jpg 150w, https:\/\/www.ischia.campania.it\/wp-content\/uploads\/2010\/09\/mortella-ischia15-130x130.jpg 130w, https:\/\/www.ischia.campania.it\/wp-content\/uploads\/2010\/09\/mortella-ischia15-67x67.jpg 67w, https:\/\/www.ischia.campania.it\/wp-content\/uploads\/2010\/09\/mortella-ischia15-40x40.jpg 40w, https:\/\/www.ischia.campania.it\/wp-content\/uploads\/2010\/09\/mortella-ischia15-184x184.jpg 184w\" sizes=\"(max-width: 150px) 100vw, 150px\" data-attachment-id=\"229\" data-permalink=\"https:\/\/www.ischia.campania.it\/index.php\/giardini-la-mortella\/mortella-ischia15\/\" data-orig-file=\"https:\/\/www.ischia.campania.it\/wp-content\/uploads\/2010\/09\/mortella-ischia15.jpg\" data-orig-size=\"750,563\" data-comments-opened=\"1\" data-image-meta=\"{&quot;aperture&quot;:&quot;0&quot;,&quot;credit&quot;:&quot;&quot;,&quot;camera&quot;:&quot;&quot;,&quot;caption&quot;:&quot;&quot;,&quot;created_timestamp&quot;:&quot;0&quot;,&quot;copyright&quot;:&quot;&quot;,&quot;focal_length&quot;:&quot;0&quot;,&quot;iso&quot;:&quot;0&quot;,&quot;shutter_speed&quot;:&quot;0&quot;,&quot;title&quot;:&quot;&quot;}\" data-image-title=\"mortella-ischia15\" data-image-description=\"\" data-image-caption=\"\" data-medium-file=\"https:\/\/www.ischia.campania.it\/wp-content\/uploads\/2010\/09\/mortella-ischia15-446x334.jpg\" data-large-file=\"https:\/\/www.ischia.campania.it\/wp-content\/uploads\/2010\/09\/mortella-ischia15.jpg\" \/><\/a>\n\t\t\t<\/dt><\/dl><dl class='gallery-item'>\n\t\t\t<dt class='gallery-icon landscape'>\n\t\t\t\t<a href='https:\/\/www.ischia.campania.it\/wp-content\/uploads\/2010\/09\/mortella-ischia16.jpg'><img width=\"150\" height=\"150\" src=\"https:\/\/www.ischia.campania.it\/wp-content\/uploads\/2010\/09\/mortella-ischia16-150x150.jpg\" class=\"attachment-thumbnail size-thumbnail\" alt=\"\" loading=\"lazy\" srcset=\"https:\/\/www.ischia.campania.it\/wp-content\/uploads\/2010\/09\/mortella-ischia16-150x150.jpg 150w, https:\/\/www.ischia.campania.it\/wp-content\/uploads\/2010\/09\/mortella-ischia16-130x130.jpg 130w, https:\/\/www.ischia.campania.it\/wp-content\/uploads\/2010\/09\/mortella-ischia16-67x67.jpg 67w, https:\/\/www.ischia.campania.it\/wp-content\/uploads\/2010\/09\/mortella-ischia16-40x40.jpg 40w, https:\/\/www.ischia.campania.it\/wp-content\/uploads\/2010\/09\/mortella-ischia16-184x184.jpg 184w\" sizes=\"(max-width: 150px) 100vw, 150px\" data-attachment-id=\"230\" data-permalink=\"https:\/\/www.ischia.campania.it\/index.php\/giardini-la-mortella\/mortella-ischia16\/\" data-orig-file=\"https:\/\/www.ischia.campania.it\/wp-content\/uploads\/2010\/09\/mortella-ischia16.jpg\" data-orig-size=\"750,563\" data-comments-opened=\"1\" data-image-meta=\"{&quot;aperture&quot;:&quot;0&quot;,&quot;credit&quot;:&quot;&quot;,&quot;camera&quot;:&quot;&quot;,&quot;caption&quot;:&quot;&quot;,&quot;created_timestamp&quot;:&quot;0&quot;,&quot;copyright&quot;:&quot;&quot;,&quot;focal_length&quot;:&quot;0&quot;,&quot;iso&quot;:&quot;0&quot;,&quot;shutter_speed&quot;:&quot;0&quot;,&quot;title&quot;:&quot;&quot;}\" data-image-title=\"mortella-ischia16\" data-image-description=\"\" data-image-caption=\"\" data-medium-file=\"https:\/\/www.ischia.campania.it\/wp-content\/uploads\/2010\/09\/mortella-ischia16-446x334.jpg\" data-large-file=\"https:\/\/www.ischia.campania.it\/wp-content\/uploads\/2010\/09\/mortella-ischia16.jpg\" \/><\/a>\n\t\t\t<\/dt><\/dl><dl class='gallery-item'>\n\t\t\t<dt class='gallery-icon landscape'>\n\t\t\t\t<a href='https:\/\/www.ischia.campania.it\/wp-content\/uploads\/2010\/09\/mortella-ischia17.jpg'><img width=\"150\" height=\"150\" src=\"https:\/\/www.ischia.campania.it\/wp-content\/uploads\/2010\/09\/mortella-ischia17-150x150.jpg\" class=\"attachment-thumbnail size-thumbnail\" alt=\"\" loading=\"lazy\" srcset=\"https:\/\/www.ischia.campania.it\/wp-content\/uploads\/2010\/09\/mortella-ischia17-150x150.jpg 150w, https:\/\/www.ischia.campania.it\/wp-content\/uploads\/2010\/09\/mortella-ischia17-130x130.jpg 130w, https:\/\/www.ischia.campania.it\/wp-content\/uploads\/2010\/09\/mortella-ischia17-67x67.jpg 67w, https:\/\/www.ischia.campania.it\/wp-content\/uploads\/2010\/09\/mortella-ischia17-40x40.jpg 40w, https:\/\/www.ischia.campania.it\/wp-content\/uploads\/2010\/09\/mortella-ischia17-184x184.jpg 184w\" sizes=\"(max-width: 150px) 100vw, 150px\" data-attachment-id=\"231\" data-permalink=\"https:\/\/www.ischia.campania.it\/index.php\/giardini-la-mortella\/mortella-ischia17\/\" data-orig-file=\"https:\/\/www.ischia.campania.it\/wp-content\/uploads\/2010\/09\/mortella-ischia17.jpg\" data-orig-size=\"750,563\" data-comments-opened=\"1\" data-image-meta=\"{&quot;aperture&quot;:&quot;0&quot;,&quot;credit&quot;:&quot;&quot;,&quot;camera&quot;:&quot;&quot;,&quot;caption&quot;:&quot;&quot;,&quot;created_timestamp&quot;:&quot;0&quot;,&quot;copyright&quot;:&quot;&quot;,&quot;focal_length&quot;:&quot;0&quot;,&quot;iso&quot;:&quot;0&quot;,&quot;shutter_speed&quot;:&quot;0&quot;,&quot;title&quot;:&quot;&quot;}\" data-image-title=\"mortella-ischia17\" data-image-description=\"\" data-image-caption=\"\" data-medium-file=\"https:\/\/www.ischia.campania.it\/wp-content\/uploads\/2010\/09\/mortella-ischia17-446x334.jpg\" data-large-file=\"https:\/\/www.ischia.campania.it\/wp-content\/uploads\/2010\/09\/mortella-ischia17.jpg\" \/><\/a>\n\t\t\t<\/dt><\/dl><br style=\"clear: both\" \/><dl class='gallery-item'>\n\t\t\t<dt class='gallery-icon landscape'>\n\t\t\t\t<a href='https:\/\/www.ischia.campania.it\/wp-content\/uploads\/2010\/09\/mortella-ischia18.jpg'><img width=\"150\" height=\"150\" src=\"https:\/\/www.ischia.campania.it\/wp-content\/uploads\/2010\/09\/mortella-ischia18-150x150.jpg\" class=\"attachment-thumbnail size-thumbnail\" alt=\"\" loading=\"lazy\" srcset=\"https:\/\/www.ischia.campania.it\/wp-content\/uploads\/2010\/09\/mortella-ischia18-150x150.jpg 150w, https:\/\/www.ischia.campania.it\/wp-content\/uploads\/2010\/09\/mortella-ischia18-130x130.jpg 130w, https:\/\/www.ischia.campania.it\/wp-content\/uploads\/2010\/09\/mortella-ischia18-67x67.jpg 67w, https:\/\/www.ischia.campania.it\/wp-content\/uploads\/2010\/09\/mortella-ischia18-40x40.jpg 40w, https:\/\/www.ischia.campania.it\/wp-content\/uploads\/2010\/09\/mortella-ischia18-184x184.jpg 184w\" sizes=\"(max-width: 150px) 100vw, 150px\" data-attachment-id=\"232\" data-permalink=\"https:\/\/www.ischia.campania.it\/index.php\/giardini-la-mortella\/mortella-ischia18\/\" data-orig-file=\"https:\/\/www.ischia.campania.it\/wp-content\/uploads\/2010\/09\/mortella-ischia18.jpg\" data-orig-size=\"750,563\" data-comments-opened=\"1\" data-image-meta=\"{&quot;aperture&quot;:&quot;0&quot;,&quot;credit&quot;:&quot;&quot;,&quot;camera&quot;:&quot;&quot;,&quot;caption&quot;:&quot;&quot;,&quot;created_timestamp&quot;:&quot;0&quot;,&quot;copyright&quot;:&quot;&quot;,&quot;focal_length&quot;:&quot;0&quot;,&quot;iso&quot;:&quot;0&quot;,&quot;shutter_speed&quot;:&quot;0&quot;,&quot;title&quot;:&quot;&quot;}\" data-image-title=\"mortella-ischia18\" data-image-description=\"\" data-image-caption=\"\" data-medium-file=\"https:\/\/www.ischia.campania.it\/wp-content\/uploads\/2010\/09\/mortella-ischia18-446x334.jpg\" data-large-file=\"https:\/\/www.ischia.campania.it\/wp-content\/uploads\/2010\/09\/mortella-ischia18.jpg\" \/><\/a>\n\t\t\t<\/dt><\/dl><dl class='gallery-item'>\n\t\t\t<dt class='gallery-icon landscape'>\n\t\t\t\t<a href='https:\/\/www.ischia.campania.it\/wp-content\/uploads\/2010\/09\/mortella-ischia19.jpg'><img width=\"150\" height=\"150\" src=\"https:\/\/www.ischia.campania.it\/wp-content\/uploads\/2010\/09\/mortella-ischia19-150x150.jpg\" class=\"attachment-thumbnail size-thumbnail\" alt=\"\" loading=\"lazy\" srcset=\"https:\/\/www.ischia.campania.it\/wp-content\/uploads\/2010\/09\/mortella-ischia19-150x150.jpg 150w, https:\/\/www.ischia.campania.it\/wp-content\/uploads\/2010\/09\/mortella-ischia19-130x130.jpg 130w, https:\/\/www.ischia.campania.it\/wp-content\/uploads\/2010\/09\/mortella-ischia19-67x67.jpg 67w, https:\/\/www.ischia.campania.it\/wp-content\/uploads\/2010\/09\/mortella-ischia19-40x40.jpg 40w, https:\/\/www.ischia.campania.it\/wp-content\/uploads\/2010\/09\/mortella-ischia19-184x184.jpg 184w\" sizes=\"(max-width: 150px) 100vw, 150px\" data-attachment-id=\"233\" data-permalink=\"https:\/\/www.ischia.campania.it\/index.php\/giardini-la-mortella\/mortella-ischia19\/\" data-orig-file=\"https:\/\/www.ischia.campania.it\/wp-content\/uploads\/2010\/09\/mortella-ischia19.jpg\" data-orig-size=\"750,563\" data-comments-opened=\"1\" data-image-meta=\"{&quot;aperture&quot;:&quot;0&quot;,&quot;credit&quot;:&quot;&quot;,&quot;camera&quot;:&quot;&quot;,&quot;caption&quot;:&quot;&quot;,&quot;created_timestamp&quot;:&quot;0&quot;,&quot;copyright&quot;:&quot;&quot;,&quot;focal_length&quot;:&quot;0&quot;,&quot;iso&quot;:&quot;0&quot;,&quot;shutter_speed&quot;:&quot;0&quot;,&quot;title&quot;:&quot;&quot;}\" data-image-title=\"mortella-ischia19\" data-image-description=\"\" data-image-caption=\"\" data-medium-file=\"https:\/\/www.ischia.campania.it\/wp-content\/uploads\/2010\/09\/mortella-ischia19-446x334.jpg\" data-large-file=\"https:\/\/www.ischia.campania.it\/wp-content\/uploads\/2010\/09\/mortella-ischia19.jpg\" \/><\/a>\n\t\t\t<\/dt><\/dl><dl class='gallery-item'>\n\t\t\t<dt class='gallery-icon landscape'>\n\t\t\t\t<a href='https:\/\/www.ischia.campania.it\/wp-content\/uploads\/2010\/09\/mortella-ischia20.jpg'><img width=\"150\" height=\"150\" src=\"https:\/\/www.ischia.campania.it\/wp-content\/uploads\/2010\/09\/mortella-ischia20-150x150.jpg\" class=\"attachment-thumbnail size-thumbnail\" alt=\"\" loading=\"lazy\" srcset=\"https:\/\/www.ischia.campania.it\/wp-content\/uploads\/2010\/09\/mortella-ischia20-150x150.jpg 150w, https:\/\/www.ischia.campania.it\/wp-content\/uploads\/2010\/09\/mortella-ischia20-130x130.jpg 130w, https:\/\/www.ischia.campania.it\/wp-content\/uploads\/2010\/09\/mortella-ischia20-67x67.jpg 67w, https:\/\/www.ischia.campania.it\/wp-content\/uploads\/2010\/09\/mortella-ischia20-40x40.jpg 40w, https:\/\/www.ischia.campania.it\/wp-content\/uploads\/2010\/09\/mortella-ischia20-184x184.jpg 184w\" sizes=\"(max-width: 150px) 100vw, 150px\" data-attachment-id=\"234\" data-permalink=\"https:\/\/www.ischia.campania.it\/index.php\/giardini-la-mortella\/mortella-ischia20\/\" data-orig-file=\"https:\/\/www.ischia.campania.it\/wp-content\/uploads\/2010\/09\/mortella-ischia20.jpg\" data-orig-size=\"750,563\" data-comments-opened=\"1\" data-image-meta=\"{&quot;aperture&quot;:&quot;0&quot;,&quot;credit&quot;:&quot;&quot;,&quot;camera&quot;:&quot;&quot;,&quot;caption&quot;:&quot;&quot;,&quot;created_timestamp&quot;:&quot;0&quot;,&quot;copyright&quot;:&quot;&quot;,&quot;focal_length&quot;:&quot;0&quot;,&quot;iso&quot;:&quot;0&quot;,&quot;shutter_speed&quot;:&quot;0&quot;,&quot;title&quot;:&quot;&quot;}\" data-image-title=\"mortella-ischia20\" data-image-description=\"\" data-image-caption=\"\" data-medium-file=\"https:\/\/www.ischia.campania.it\/wp-content\/uploads\/2010\/09\/mortella-ischia20-446x334.jpg\" data-large-file=\"https:\/\/www.ischia.campania.it\/wp-content\/uploads\/2010\/09\/mortella-ischia20.jpg\" \/><\/a>\n\t\t\t<\/dt><\/dl><br style=\"clear: both\" \/><dl class='gallery-item'>\n\t\t\t<dt class='gallery-icon landscape'>\n\t\t\t\t<a href='https:\/\/www.ischia.campania.it\/wp-content\/uploads\/2010\/09\/mortella-ischia21.jpg'><img width=\"150\" height=\"150\" src=\"https:\/\/www.ischia.campania.it\/wp-content\/uploads\/2010\/09\/mortella-ischia21-150x150.jpg\" class=\"attachment-thumbnail size-thumbnail\" alt=\"\" loading=\"lazy\" srcset=\"https:\/\/www.ischia.campania.it\/wp-content\/uploads\/2010\/09\/mortella-ischia21-150x150.jpg 150w, https:\/\/www.ischia.campania.it\/wp-content\/uploads\/2010\/09\/mortella-ischia21-130x130.jpg 130w, https:\/\/www.ischia.campania.it\/wp-content\/uploads\/2010\/09\/mortella-ischia21-67x67.jpg 67w, https:\/\/www.ischia.campania.it\/wp-content\/uploads\/2010\/09\/mortella-ischia21-40x40.jpg 40w, https:\/\/www.ischia.campania.it\/wp-content\/uploads\/2010\/09\/mortella-ischia21-184x184.jpg 184w\" sizes=\"(max-width: 150px) 100vw, 150px\" data-attachment-id=\"235\" data-permalink=\"https:\/\/www.ischia.campania.it\/index.php\/giardini-la-mortella\/mortella-ischia21\/\" data-orig-file=\"https:\/\/www.ischia.campania.it\/wp-content\/uploads\/2010\/09\/mortella-ischia21.jpg\" data-orig-size=\"750,563\" data-comments-opened=\"1\" data-image-meta=\"{&quot;aperture&quot;:&quot;0&quot;,&quot;credit&quot;:&quot;&quot;,&quot;camera&quot;:&quot;&quot;,&quot;caption&quot;:&quot;&quot;,&quot;created_timestamp&quot;:&quot;0&quot;,&quot;copyright&quot;:&quot;&quot;,&quot;focal_length&quot;:&quot;0&quot;,&quot;iso&quot;:&quot;0&quot;,&quot;shutter_speed&quot;:&quot;0&quot;,&quot;title&quot;:&quot;&quot;}\" data-image-title=\"mortella-ischia21\" data-image-description=\"\" data-image-caption=\"\" data-medium-file=\"https:\/\/www.ischia.campania.it\/wp-content\/uploads\/2010\/09\/mortella-ischia21-446x334.jpg\" data-large-file=\"https:\/\/www.ischia.campania.it\/wp-content\/uploads\/2010\/09\/mortella-ischia21.jpg\" \/><\/a>\n\t\t\t<\/dt><\/dl><dl class='gallery-item'>\n\t\t\t<dt class='gallery-icon landscape'>\n\t\t\t\t<a href='https:\/\/www.ischia.campania.it\/wp-content\/uploads\/2010\/09\/mortella-ischia22.jpg'><img width=\"150\" height=\"150\" src=\"https:\/\/www.ischia.campania.it\/wp-content\/uploads\/2010\/09\/mortella-ischia22-150x150.jpg\" class=\"attachment-thumbnail size-thumbnail\" alt=\"\" loading=\"lazy\" srcset=\"https:\/\/www.ischia.campania.it\/wp-content\/uploads\/2010\/09\/mortella-ischia22-150x150.jpg 150w, https:\/\/www.ischia.campania.it\/wp-content\/uploads\/2010\/09\/mortella-ischia22-130x130.jpg 130w, https:\/\/www.ischia.campania.it\/wp-content\/uploads\/2010\/09\/mortella-ischia22-67x67.jpg 67w, https:\/\/www.ischia.campania.it\/wp-content\/uploads\/2010\/09\/mortella-ischia22-40x40.jpg 40w, https:\/\/www.ischia.campania.it\/wp-content\/uploads\/2010\/09\/mortella-ischia22-184x184.jpg 184w\" sizes=\"(max-width: 150px) 100vw, 150px\" data-attachment-id=\"236\" data-permalink=\"https:\/\/www.ischia.campania.it\/index.php\/giardini-la-mortella\/mortella-ischia22\/\" data-orig-file=\"https:\/\/www.ischia.campania.it\/wp-content\/uploads\/2010\/09\/mortella-ischia22.jpg\" data-orig-size=\"750,563\" data-comments-opened=\"1\" data-image-meta=\"{&quot;aperture&quot;:&quot;0&quot;,&quot;credit&quot;:&quot;&quot;,&quot;camera&quot;:&quot;&quot;,&quot;caption&quot;:&quot;&quot;,&quot;created_timestamp&quot;:&quot;0&quot;,&quot;copyright&quot;:&quot;&quot;,&quot;focal_length&quot;:&quot;0&quot;,&quot;iso&quot;:&quot;0&quot;,&quot;shutter_speed&quot;:&quot;0&quot;,&quot;title&quot;:&quot;&quot;}\" data-image-title=\"mortella-ischia22\" data-image-description=\"\" data-image-caption=\"\" data-medium-file=\"https:\/\/www.ischia.campania.it\/wp-content\/uploads\/2010\/09\/mortella-ischia22-446x334.jpg\" data-large-file=\"https:\/\/www.ischia.campania.it\/wp-content\/uploads\/2010\/09\/mortella-ischia22.jpg\" \/><\/a>\n\t\t\t<\/dt><\/dl><dl class='gallery-item'>\n\t\t\t<dt class='gallery-icon landscape'>\n\t\t\t\t<a href='https:\/\/www.ischia.campania.it\/wp-content\/uploads\/2010\/09\/mortella-ischia23.jpg'><img width=\"150\" height=\"150\" src=\"https:\/\/www.ischia.campania.it\/wp-content\/uploads\/2010\/09\/mortella-ischia23-150x150.jpg\" class=\"attachment-thumbnail size-thumbnail\" alt=\"\" loading=\"lazy\" srcset=\"https:\/\/www.ischia.campania.it\/wp-content\/uploads\/2010\/09\/mortella-ischia23-150x150.jpg 150w, https:\/\/www.ischia.campania.it\/wp-content\/uploads\/2010\/09\/mortella-ischia23-130x130.jpg 130w, https:\/\/www.ischia.campania.it\/wp-content\/uploads\/2010\/09\/mortella-ischia23-67x67.jpg 67w, https:\/\/www.ischia.campania.it\/wp-content\/uploads\/2010\/09\/mortella-ischia23-40x40.jpg 40w, https:\/\/www.ischia.campania.it\/wp-content\/uploads\/2010\/09\/mortella-ischia23-184x184.jpg 184w\" sizes=\"(max-width: 150px) 100vw, 150px\" data-attachment-id=\"237\" data-permalink=\"https:\/\/www.ischia.campania.it\/index.php\/giardini-la-mortella\/mortella-ischia23\/\" data-orig-file=\"https:\/\/www.ischia.campania.it\/wp-content\/uploads\/2010\/09\/mortella-ischia23.jpg\" data-orig-size=\"750,563\" data-comments-opened=\"1\" data-image-meta=\"{&quot;aperture&quot;:&quot;0&quot;,&quot;credit&quot;:&quot;&quot;,&quot;camera&quot;:&quot;&quot;,&quot;caption&quot;:&quot;&quot;,&quot;created_timestamp&quot;:&quot;0&quot;,&quot;copyright&quot;:&quot;&quot;,&quot;focal_length&quot;:&quot;0&quot;,&quot;iso&quot;:&quot;0&quot;,&quot;shutter_speed&quot;:&quot;0&quot;,&quot;title&quot;:&quot;&quot;}\" data-image-title=\"mortella-ischia23\" data-image-description=\"\" data-image-caption=\"\" data-medium-file=\"https:\/\/www.ischia.campania.it\/wp-content\/uploads\/2010\/09\/mortella-ischia23-446x334.jpg\" data-large-file=\"https:\/\/www.ischia.campania.it\/wp-content\/uploads\/2010\/09\/mortella-ischia23.jpg\" \/><\/a>\n\t\t\t<\/dt><\/dl><br style=\"clear: both\" \/><dl class='gallery-item'>\n\t\t\t<dt class='gallery-icon landscape'>\n\t\t\t\t<a href='https:\/\/www.ischia.campania.it\/wp-content\/uploads\/2010\/09\/mortella-ischia24.jpg'><img width=\"150\" height=\"150\" src=\"https:\/\/www.ischia.campania.it\/wp-content\/uploads\/2010\/09\/mortella-ischia24-150x150.jpg\" class=\"attachment-thumbnail size-thumbnail\" alt=\"\" loading=\"lazy\" srcset=\"https:\/\/www.ischia.campania.it\/wp-content\/uploads\/2010\/09\/mortella-ischia24-150x150.jpg 150w, https:\/\/www.ischia.campania.it\/wp-content\/uploads\/2010\/09\/mortella-ischia24-130x130.jpg 130w, https:\/\/www.ischia.campania.it\/wp-content\/uploads\/2010\/09\/mortella-ischia24-67x67.jpg 67w, https:\/\/www.ischia.campania.it\/wp-content\/uploads\/2010\/09\/mortella-ischia24-40x40.jpg 40w, https:\/\/www.ischia.campania.it\/wp-content\/uploads\/2010\/09\/mortella-ischia24-184x184.jpg 184w\" sizes=\"(max-width: 150px) 100vw, 150px\" data-attachment-id=\"238\" data-permalink=\"https:\/\/www.ischia.campania.it\/index.php\/giardini-la-mortella\/mortella-ischia24\/\" data-orig-file=\"https:\/\/www.ischia.campania.it\/wp-content\/uploads\/2010\/09\/mortella-ischia24.jpg\" data-orig-size=\"750,563\" data-comments-opened=\"1\" data-image-meta=\"{&quot;aperture&quot;:&quot;0&quot;,&quot;credit&quot;:&quot;&quot;,&quot;camera&quot;:&quot;&quot;,&quot;caption&quot;:&quot;&quot;,&quot;created_timestamp&quot;:&quot;0&quot;,&quot;copyright&quot;:&quot;&quot;,&quot;focal_length&quot;:&quot;0&quot;,&quot;iso&quot;:&quot;0&quot;,&quot;shutter_speed&quot;:&quot;0&quot;,&quot;title&quot;:&quot;&quot;}\" data-image-title=\"mortella-ischia24\" data-image-description=\"\" data-image-caption=\"\" data-medium-file=\"https:\/\/www.ischia.campania.it\/wp-content\/uploads\/2010\/09\/mortella-ischia24-446x334.jpg\" data-large-file=\"https:\/\/www.ischia.campania.it\/wp-content\/uploads\/2010\/09\/mortella-ischia24.jpg\" \/><\/a>\n\t\t\t<\/dt><\/dl><dl class='gallery-item'>\n\t\t\t<dt class='gallery-icon landscape'>\n\t\t\t\t<a href='https:\/\/www.ischia.campania.it\/wp-content\/uploads\/2010\/09\/mortella-ischia25.jpg'><img width=\"150\" height=\"150\" src=\"https:\/\/www.ischia.campania.it\/wp-content\/uploads\/2010\/09\/mortella-ischia25-150x150.jpg\" class=\"attachment-thumbnail size-thumbnail\" alt=\"\" loading=\"lazy\" srcset=\"https:\/\/www.ischia.campania.it\/wp-content\/uploads\/2010\/09\/mortella-ischia25-150x150.jpg 150w, https:\/\/www.ischia.campania.it\/wp-content\/uploads\/2010\/09\/mortella-ischia25-130x130.jpg 130w, https:\/\/www.ischia.campania.it\/wp-content\/uploads\/2010\/09\/mortella-ischia25-67x67.jpg 67w, https:\/\/www.ischia.campania.it\/wp-content\/uploads\/2010\/09\/mortella-ischia25-40x40.jpg 40w, https:\/\/www.ischia.campania.it\/wp-content\/uploads\/2010\/09\/mortella-ischia25-184x184.jpg 184w\" sizes=\"(max-width: 150px) 100vw, 150px\" data-attachment-id=\"239\" data-permalink=\"https:\/\/www.ischia.campania.it\/index.php\/giardini-la-mortella\/mortella-ischia25\/\" data-orig-file=\"https:\/\/www.ischia.campania.it\/wp-content\/uploads\/2010\/09\/mortella-ischia25.jpg\" data-orig-size=\"750,500\" data-comments-opened=\"1\" data-image-meta=\"{&quot;aperture&quot;:&quot;0&quot;,&quot;credit&quot;:&quot;&quot;,&quot;camera&quot;:&quot;&quot;,&quot;caption&quot;:&quot;&quot;,&quot;created_timestamp&quot;:&quot;0&quot;,&quot;copyright&quot;:&quot;&quot;,&quot;focal_length&quot;:&quot;0&quot;,&quot;iso&quot;:&quot;0&quot;,&quot;shutter_speed&quot;:&quot;0&quot;,&quot;title&quot;:&quot;&quot;}\" data-image-title=\"mortella-ischia25\" data-image-description=\"\" data-image-caption=\"\" data-medium-file=\"https:\/\/www.ischia.campania.it\/wp-content\/uploads\/2010\/09\/mortella-ischia25-446x297.jpg\" data-large-file=\"https:\/\/www.ischia.campania.it\/wp-content\/uploads\/2010\/09\/mortella-ischia25.jpg\" \/><\/a>\n\t\t\t<\/dt><\/dl><dl class='gallery-item'>\n\t\t\t<dt class='gallery-icon landscape'>\n\t\t\t\t<a href='https:\/\/www.ischia.campania.it\/wp-content\/uploads\/2010\/09\/mortella-ischia26.jpg'><img width=\"150\" height=\"150\" src=\"https:\/\/www.ischia.campania.it\/wp-content\/uploads\/2010\/09\/mortella-ischia26-150x150.jpg\" class=\"attachment-thumbnail size-thumbnail\" alt=\"\" loading=\"lazy\" srcset=\"https:\/\/www.ischia.campania.it\/wp-content\/uploads\/2010\/09\/mortella-ischia26-150x150.jpg 150w, https:\/\/www.ischia.campania.it\/wp-content\/uploads\/2010\/09\/mortella-ischia26-130x130.jpg 130w, https:\/\/www.ischia.campania.it\/wp-content\/uploads\/2010\/09\/mortella-ischia26-67x67.jpg 67w, https:\/\/www.ischia.campania.it\/wp-content\/uploads\/2010\/09\/mortella-ischia26-40x40.jpg 40w, https:\/\/www.ischia.campania.it\/wp-content\/uploads\/2010\/09\/mortella-ischia26-184x184.jpg 184w\" sizes=\"(max-width: 150px) 100vw, 150px\" data-attachment-id=\"240\" data-permalink=\"https:\/\/www.ischia.campania.it\/index.php\/giardini-la-mortella\/mortella-ischia26\/\" data-orig-file=\"https:\/\/www.ischia.campania.it\/wp-content\/uploads\/2010\/09\/mortella-ischia26.jpg\" data-orig-size=\"750,563\" data-comments-opened=\"1\" data-image-meta=\"{&quot;aperture&quot;:&quot;0&quot;,&quot;credit&quot;:&quot;&quot;,&quot;camera&quot;:&quot;&quot;,&quot;caption&quot;:&quot;&quot;,&quot;created_timestamp&quot;:&quot;0&quot;,&quot;copyright&quot;:&quot;&quot;,&quot;focal_length&quot;:&quot;0&quot;,&quot;iso&quot;:&quot;0&quot;,&quot;shutter_speed&quot;:&quot;0&quot;,&quot;title&quot;:&quot;&quot;}\" data-image-title=\"mortella-ischia26\" data-image-description=\"\" data-image-caption=\"\" data-medium-file=\"https:\/\/www.ischia.campania.it\/wp-content\/uploads\/2010\/09\/mortella-ischia26-446x334.jpg\" data-large-file=\"https:\/\/www.ischia.campania.it\/wp-content\/uploads\/2010\/09\/mortella-ischia26.jpg\" \/><\/a>\n\t\t\t<\/dt><\/dl><br style=\"clear: both\" \/><dl class='gallery-item'>\n\t\t\t<dt class='gallery-icon landscape'>\n\t\t\t\t<a href='https:\/\/www.ischia.campania.it\/wp-content\/uploads\/2010\/09\/mortella-ischia27.jpg'><img width=\"150\" height=\"150\" src=\"https:\/\/www.ischia.campania.it\/wp-content\/uploads\/2010\/09\/mortella-ischia27-150x150.jpg\" class=\"attachment-thumbnail size-thumbnail\" alt=\"\" loading=\"lazy\" srcset=\"https:\/\/www.ischia.campania.it\/wp-content\/uploads\/2010\/09\/mortella-ischia27-150x150.jpg 150w, https:\/\/www.ischia.campania.it\/wp-content\/uploads\/2010\/09\/mortella-ischia27-130x130.jpg 130w, https:\/\/www.ischia.campania.it\/wp-content\/uploads\/2010\/09\/mortella-ischia27-67x67.jpg 67w, https:\/\/www.ischia.campania.it\/wp-content\/uploads\/2010\/09\/mortella-ischia27-40x40.jpg 40w, https:\/\/www.ischia.campania.it\/wp-content\/uploads\/2010\/09\/mortella-ischia27-184x184.jpg 184w\" sizes=\"(max-width: 150px) 100vw, 150px\" data-attachment-id=\"241\" data-permalink=\"https:\/\/www.ischia.campania.it\/index.php\/giardini-la-mortella\/mortella-ischia27\/\" data-orig-file=\"https:\/\/www.ischia.campania.it\/wp-content\/uploads\/2010\/09\/mortella-ischia27.jpg\" data-orig-size=\"750,563\" data-comments-opened=\"1\" data-image-meta=\"{&quot;aperture&quot;:&quot;0&quot;,&quot;credit&quot;:&quot;&quot;,&quot;camera&quot;:&quot;&quot;,&quot;caption&quot;:&quot;&quot;,&quot;created_timestamp&quot;:&quot;0&quot;,&quot;copyright&quot;:&quot;&quot;,&quot;focal_length&quot;:&quot;0&quot;,&quot;iso&quot;:&quot;0&quot;,&quot;shutter_speed&quot;:&quot;0&quot;,&quot;title&quot;:&quot;&quot;}\" data-image-title=\"mortella-ischia27\" data-image-description=\"\" data-image-caption=\"\" data-medium-file=\"https:\/\/www.ischia.campania.it\/wp-content\/uploads\/2010\/09\/mortella-ischia27-446x334.jpg\" data-large-file=\"https:\/\/www.ischia.campania.it\/wp-content\/uploads\/2010\/09\/mortella-ischia27.jpg\" \/><\/a>\n\t\t\t<\/dt><\/dl><dl class='gallery-item'>\n\t\t\t<dt class='gallery-icon landscape'>\n\t\t\t\t<a href='https:\/\/www.ischia.campania.it\/wp-content\/uploads\/2010\/09\/mortella-ischia28.jpg'><img width=\"150\" height=\"150\" src=\"https:\/\/www.ischia.campania.it\/wp-content\/uploads\/2010\/09\/mortella-ischia28-150x150.jpg\" class=\"attachment-thumbnail size-thumbnail\" alt=\"\" loading=\"lazy\" srcset=\"https:\/\/www.ischia.campania.it\/wp-content\/uploads\/2010\/09\/mortella-ischia28-150x150.jpg 150w, https:\/\/www.ischia.campania.it\/wp-content\/uploads\/2010\/09\/mortella-ischia28-130x130.jpg 130w, https:\/\/www.ischia.campania.it\/wp-content\/uploads\/2010\/09\/mortella-ischia28-67x67.jpg 67w, https:\/\/www.ischia.campania.it\/wp-content\/uploads\/2010\/09\/mortella-ischia28-40x40.jpg 40w, https:\/\/www.ischia.campania.it\/wp-content\/uploads\/2010\/09\/mortella-ischia28-184x184.jpg 184w\" sizes=\"(max-width: 150px) 100vw, 150px\" data-attachment-id=\"242\" data-permalink=\"https:\/\/www.ischia.campania.it\/index.php\/giardini-la-mortella\/mortella-ischia28\/\" data-orig-file=\"https:\/\/www.ischia.campania.it\/wp-content\/uploads\/2010\/09\/mortella-ischia28.jpg\" data-orig-size=\"750,563\" data-comments-opened=\"1\" data-image-meta=\"{&quot;aperture&quot;:&quot;0&quot;,&quot;credit&quot;:&quot;&quot;,&quot;camera&quot;:&quot;&quot;,&quot;caption&quot;:&quot;&quot;,&quot;created_timestamp&quot;:&quot;0&quot;,&quot;copyright&quot;:&quot;&quot;,&quot;focal_length&quot;:&quot;0&quot;,&quot;iso&quot;:&quot;0&quot;,&quot;shutter_speed&quot;:&quot;0&quot;,&quot;title&quot;:&quot;&quot;}\" data-image-title=\"mortella-ischia28\" data-image-description=\"\" data-image-caption=\"\" data-medium-file=\"https:\/\/www.ischia.campania.it\/wp-content\/uploads\/2010\/09\/mortella-ischia28-446x334.jpg\" data-large-file=\"https:\/\/www.ischia.campania.it\/wp-content\/uploads\/2010\/09\/mortella-ischia28.jpg\" \/><\/a>\n\t\t\t<\/dt><\/dl><dl class='gallery-item'>\n\t\t\t<dt class='gallery-icon landscape'>\n\t\t\t\t<a href='https:\/\/www.ischia.campania.it\/wp-content\/uploads\/2010\/09\/mortella-ischia29.jpg'><img width=\"150\" height=\"150\" src=\"https:\/\/www.ischia.campania.it\/wp-content\/uploads\/2010\/09\/mortella-ischia29-150x150.jpg\" class=\"attachment-thumbnail size-thumbnail\" alt=\"\" loading=\"lazy\" srcset=\"https:\/\/www.ischia.campania.it\/wp-content\/uploads\/2010\/09\/mortella-ischia29-150x150.jpg 150w, https:\/\/www.ischia.campania.it\/wp-content\/uploads\/2010\/09\/mortella-ischia29-130x130.jpg 130w, https:\/\/www.ischia.campania.it\/wp-content\/uploads\/2010\/09\/mortella-ischia29-67x67.jpg 67w, https:\/\/www.ischia.campania.it\/wp-content\/uploads\/2010\/09\/mortella-ischia29-40x40.jpg 40w, https:\/\/www.ischia.campania.it\/wp-content\/uploads\/2010\/09\/mortella-ischia29-184x184.jpg 184w\" sizes=\"(max-width: 150px) 100vw, 150px\" data-attachment-id=\"243\" data-permalink=\"https:\/\/www.ischia.campania.it\/index.php\/giardini-la-mortella\/mortella-ischia29\/\" data-orig-file=\"https:\/\/www.ischia.campania.it\/wp-content\/uploads\/2010\/09\/mortella-ischia29.jpg\" data-orig-size=\"750,563\" data-comments-opened=\"1\" data-image-meta=\"{&quot;aperture&quot;:&quot;0&quot;,&quot;credit&quot;:&quot;&quot;,&quot;camera&quot;:&quot;&quot;,&quot;caption&quot;:&quot;&quot;,&quot;created_timestamp&quot;:&quot;0&quot;,&quot;copyright&quot;:&quot;&quot;,&quot;focal_length&quot;:&quot;0&quot;,&quot;iso&quot;:&quot;0&quot;,&quot;shutter_speed&quot;:&quot;0&quot;,&quot;title&quot;:&quot;&quot;}\" data-image-title=\"mortella-ischia29\" data-image-description=\"\" data-image-caption=\"\" data-medium-file=\"https:\/\/www.ischia.campania.it\/wp-content\/uploads\/2010\/09\/mortella-ischia29-446x334.jpg\" data-large-file=\"https:\/\/www.ischia.campania.it\/wp-content\/uploads\/2010\/09\/mortella-ischia29.jpg\" \/><\/a>\n\t\t\t<\/dt><\/dl><br style=\"clear: both\" \/><dl class='gallery-item'>\n\t\t\t<dt class='gallery-icon landscape'>\n\t\t\t\t<a href='https:\/\/www.ischia.campania.it\/wp-content\/uploads\/2010\/09\/mortella-ischia30.jpg'><img width=\"150\" height=\"150\" src=\"https:\/\/www.ischia.campania.it\/wp-content\/uploads\/2010\/09\/mortella-ischia30-150x150.jpg\" class=\"attachment-thumbnail size-thumbnail\" alt=\"\" loading=\"lazy\" srcset=\"https:\/\/www.ischia.campania.it\/wp-content\/uploads\/2010\/09\/mortella-ischia30-150x150.jpg 150w, https:\/\/www.ischia.campania.it\/wp-content\/uploads\/2010\/09\/mortella-ischia30-130x130.jpg 130w, https:\/\/www.ischia.campania.it\/wp-content\/uploads\/2010\/09\/mortella-ischia30-67x67.jpg 67w, https:\/\/www.ischia.campania.it\/wp-content\/uploads\/2010\/09\/mortella-ischia30-40x40.jpg 40w, https:\/\/www.ischia.campania.it\/wp-content\/uploads\/2010\/09\/mortella-ischia30-184x184.jpg 184w\" sizes=\"(max-width: 150px) 100vw, 150px\" data-attachment-id=\"244\" data-permalink=\"https:\/\/www.ischia.campania.it\/index.php\/giardini-la-mortella\/mortella-ischia30\/\" data-orig-file=\"https:\/\/www.ischia.campania.it\/wp-content\/uploads\/2010\/09\/mortella-ischia30.jpg\" data-orig-size=\"750,563\" data-comments-opened=\"1\" data-image-meta=\"{&quot;aperture&quot;:&quot;0&quot;,&quot;credit&quot;:&quot;&quot;,&quot;camera&quot;:&quot;&quot;,&quot;caption&quot;:&quot;&quot;,&quot;created_timestamp&quot;:&quot;0&quot;,&quot;copyright&quot;:&quot;&quot;,&quot;focal_length&quot;:&quot;0&quot;,&quot;iso&quot;:&quot;0&quot;,&quot;shutter_speed&quot;:&quot;0&quot;,&quot;title&quot;:&quot;&quot;}\" data-image-title=\"mortella-ischia30\" data-image-description=\"\" data-image-caption=\"\" data-medium-file=\"https:\/\/www.ischia.campania.it\/wp-content\/uploads\/2010\/09\/mortella-ischia30-446x334.jpg\" data-large-file=\"https:\/\/www.ischia.campania.it\/wp-content\/uploads\/2010\/09\/mortella-ischia30.jpg\" \/><\/a>\n\t\t\t<\/dt><\/dl><dl class='gallery-item'>\n\t\t\t<dt class='gallery-icon landscape'>\n\t\t\t\t<a href='https:\/\/www.ischia.campania.it\/wp-content\/uploads\/2010\/09\/mortella-ischia31.jpg'><img width=\"150\" height=\"150\" src=\"https:\/\/www.ischia.campania.it\/wp-content\/uploads\/2010\/09\/mortella-ischia31-150x150.jpg\" class=\"attachment-thumbnail size-thumbnail\" alt=\"\" loading=\"lazy\" srcset=\"https:\/\/www.ischia.campania.it\/wp-content\/uploads\/2010\/09\/mortella-ischia31-150x150.jpg 150w, https:\/\/www.ischia.campania.it\/wp-content\/uploads\/2010\/09\/mortella-ischia31-130x130.jpg 130w, https:\/\/www.ischia.campania.it\/wp-content\/uploads\/2010\/09\/mortella-ischia31-67x67.jpg 67w, https:\/\/www.ischia.campania.it\/wp-content\/uploads\/2010\/09\/mortella-ischia31-40x40.jpg 40w, https:\/\/www.ischia.campania.it\/wp-content\/uploads\/2010\/09\/mortella-ischia31-184x184.jpg 184w\" sizes=\"(max-width: 150px) 100vw, 150px\" data-attachment-id=\"245\" data-permalink=\"https:\/\/www.ischia.campania.it\/index.php\/giardini-la-mortella\/mortella-ischia31\/\" data-orig-file=\"https:\/\/www.ischia.campania.it\/wp-content\/uploads\/2010\/09\/mortella-ischia31.jpg\" data-orig-size=\"750,563\" data-comments-opened=\"1\" data-image-meta=\"{&quot;aperture&quot;:&quot;0&quot;,&quot;credit&quot;:&quot;&quot;,&quot;camera&quot;:&quot;&quot;,&quot;caption&quot;:&quot;&quot;,&quot;created_timestamp&quot;:&quot;0&quot;,&quot;copyright&quot;:&quot;&quot;,&quot;focal_length&quot;:&quot;0&quot;,&quot;iso&quot;:&quot;0&quot;,&quot;shutter_speed&quot;:&quot;0&quot;,&quot;title&quot;:&quot;&quot;}\" data-image-title=\"mortella-ischia31\" data-image-description=\"\" data-image-caption=\"\" data-medium-file=\"https:\/\/www.ischia.campania.it\/wp-content\/uploads\/2010\/09\/mortella-ischia31-446x334.jpg\" data-large-file=\"https:\/\/www.ischia.campania.it\/wp-content\/uploads\/2010\/09\/mortella-ischia31.jpg\" \/><\/a>\n\t\t\t<\/dt><\/dl><dl class='gallery-item'>\n\t\t\t<dt class='gallery-icon landscape'>\n\t\t\t\t<a href='https:\/\/www.ischia.campania.it\/wp-content\/uploads\/2010\/09\/mortella-ischia32.jpg'><img width=\"150\" height=\"150\" src=\"https:\/\/www.ischia.campania.it\/wp-content\/uploads\/2010\/09\/mortella-ischia32-150x150.jpg\" class=\"attachment-thumbnail size-thumbnail\" alt=\"\" loading=\"lazy\" srcset=\"https:\/\/www.ischia.campania.it\/wp-content\/uploads\/2010\/09\/mortella-ischia32-150x150.jpg 150w, https:\/\/www.ischia.campania.it\/wp-content\/uploads\/2010\/09\/mortella-ischia32-130x130.jpg 130w, https:\/\/www.ischia.campania.it\/wp-content\/uploads\/2010\/09\/mortella-ischia32-67x67.jpg 67w, https:\/\/www.ischia.campania.it\/wp-content\/uploads\/2010\/09\/mortella-ischia32-40x40.jpg 40w, https:\/\/www.ischia.campania.it\/wp-content\/uploads\/2010\/09\/mortella-ischia32-184x184.jpg 184w\" sizes=\"(max-width: 150px) 100vw, 150px\" data-attachment-id=\"246\" data-permalink=\"https:\/\/www.ischia.campania.it\/index.php\/giardini-la-mortella\/mortella-ischia32\/\" data-orig-file=\"https:\/\/www.ischia.campania.it\/wp-content\/uploads\/2010\/09\/mortella-ischia32.jpg\" data-orig-size=\"750,563\" data-comments-opened=\"1\" data-image-meta=\"{&quot;aperture&quot;:&quot;0&quot;,&quot;credit&quot;:&quot;&quot;,&quot;camera&quot;:&quot;&quot;,&quot;caption&quot;:&quot;&quot;,&quot;created_timestamp&quot;:&quot;0&quot;,&quot;copyright&quot;:&quot;&quot;,&quot;focal_length&quot;:&quot;0&quot;,&quot;iso&quot;:&quot;0&quot;,&quot;shutter_speed&quot;:&quot;0&quot;,&quot;title&quot;:&quot;&quot;}\" data-image-title=\"mortella-ischia32\" data-image-description=\"\" data-image-caption=\"\" data-medium-file=\"https:\/\/www.ischia.campania.it\/wp-content\/uploads\/2010\/09\/mortella-ischia32-446x334.jpg\" data-large-file=\"https:\/\/www.ischia.campania.it\/wp-content\/uploads\/2010\/09\/mortella-ischia32.jpg\" \/><\/a>\n\t\t\t<\/dt><\/dl><br style=\"clear: both\" \/><dl class='gallery-item'>\n\t\t\t<dt class='gallery-icon landscape'>\n\t\t\t\t<a href='https:\/\/www.ischia.campania.it\/wp-content\/uploads\/2010\/09\/mortella-ischia33.jpg'><img width=\"150\" height=\"150\" src=\"https:\/\/www.ischia.campania.it\/wp-content\/uploads\/2010\/09\/mortella-ischia33-150x150.jpg\" class=\"attachment-thumbnail size-thumbnail\" alt=\"\" loading=\"lazy\" srcset=\"https:\/\/www.ischia.campania.it\/wp-content\/uploads\/2010\/09\/mortella-ischia33-150x150.jpg 150w, https:\/\/www.ischia.campania.it\/wp-content\/uploads\/2010\/09\/mortella-ischia33-130x130.jpg 130w, https:\/\/www.ischia.campania.it\/wp-content\/uploads\/2010\/09\/mortella-ischia33-67x67.jpg 67w, https:\/\/www.ischia.campania.it\/wp-content\/uploads\/2010\/09\/mortella-ischia33-40x40.jpg 40w, https:\/\/www.ischia.campania.it\/wp-content\/uploads\/2010\/09\/mortella-ischia33-184x184.jpg 184w\" sizes=\"(max-width: 150px) 100vw, 150px\" data-attachment-id=\"247\" data-permalink=\"https:\/\/www.ischia.campania.it\/index.php\/giardini-la-mortella\/mortella-ischia33\/\" data-orig-file=\"https:\/\/www.ischia.campania.it\/wp-content\/uploads\/2010\/09\/mortella-ischia33.jpg\" data-orig-size=\"750,563\" data-comments-opened=\"1\" data-image-meta=\"{&quot;aperture&quot;:&quot;0&quot;,&quot;credit&quot;:&quot;&quot;,&quot;camera&quot;:&quot;&quot;,&quot;caption&quot;:&quot;&quot;,&quot;created_timestamp&quot;:&quot;0&quot;,&quot;copyright&quot;:&quot;&quot;,&quot;focal_length&quot;:&quot;0&quot;,&quot;iso&quot;:&quot;0&quot;,&quot;shutter_speed&quot;:&quot;0&quot;,&quot;title&quot;:&quot;&quot;}\" data-image-title=\"mortella-ischia33\" data-image-description=\"\" data-image-caption=\"\" data-medium-file=\"https:\/\/www.ischia.campania.it\/wp-content\/uploads\/2010\/09\/mortella-ischia33-446x334.jpg\" data-large-file=\"https:\/\/www.ischia.campania.it\/wp-content\/uploads\/2010\/09\/mortella-ischia33.jpg\" \/><\/a>\n\t\t\t<\/dt><\/dl><dl class='gallery-item'>\n\t\t\t<dt class='gallery-icon landscape'>\n\t\t\t\t<a href='https:\/\/www.ischia.campania.it\/wp-content\/uploads\/2010\/09\/mortella-ischia34.jpg'><img width=\"150\" height=\"150\" src=\"https:\/\/www.ischia.campania.it\/wp-content\/uploads\/2010\/09\/mortella-ischia34-150x150.jpg\" class=\"attachment-thumbnail size-thumbnail\" alt=\"\" loading=\"lazy\" srcset=\"https:\/\/www.ischia.campania.it\/wp-content\/uploads\/2010\/09\/mortella-ischia34-150x150.jpg 150w, https:\/\/www.ischia.campania.it\/wp-content\/uploads\/2010\/09\/mortella-ischia34-130x130.jpg 130w, https:\/\/www.ischia.campania.it\/wp-content\/uploads\/2010\/09\/mortella-ischia34-67x67.jpg 67w, https:\/\/www.ischia.campania.it\/wp-content\/uploads\/2010\/09\/mortella-ischia34-40x40.jpg 40w, https:\/\/www.ischia.campania.it\/wp-content\/uploads\/2010\/09\/mortella-ischia34-184x184.jpg 184w\" sizes=\"(max-width: 150px) 100vw, 150px\" data-attachment-id=\"248\" data-permalink=\"https:\/\/www.ischia.campania.it\/index.php\/giardini-la-mortella\/mortella-ischia34\/\" data-orig-file=\"https:\/\/www.ischia.campania.it\/wp-content\/uploads\/2010\/09\/mortella-ischia34.jpg\" data-orig-size=\"750,563\" data-comments-opened=\"1\" data-image-meta=\"{&quot;aperture&quot;:&quot;0&quot;,&quot;credit&quot;:&quot;&quot;,&quot;camera&quot;:&quot;&quot;,&quot;caption&quot;:&quot;&quot;,&quot;created_timestamp&quot;:&quot;0&quot;,&quot;copyright&quot;:&quot;&quot;,&quot;focal_length&quot;:&quot;0&quot;,&quot;iso&quot;:&quot;0&quot;,&quot;shutter_speed&quot;:&quot;0&quot;,&quot;title&quot;:&quot;&quot;}\" data-image-title=\"mortella-ischia34\" data-image-description=\"\" data-image-caption=\"\" data-medium-file=\"https:\/\/www.ischia.campania.it\/wp-content\/uploads\/2010\/09\/mortella-ischia34-446x334.jpg\" data-large-file=\"https:\/\/www.ischia.campania.it\/wp-content\/uploads\/2010\/09\/mortella-ischia34.jpg\" \/><\/a>\n\t\t\t<\/dt><\/dl><dl class='gallery-item'>\n\t\t\t<dt class='gallery-icon landscape'>\n\t\t\t\t<a href='https:\/\/www.ischia.campania.it\/wp-content\/uploads\/2010\/09\/mortella-ischia35.jpg'><img width=\"150\" height=\"150\" src=\"https:\/\/www.ischia.campania.it\/wp-content\/uploads\/2010\/09\/mortella-ischia35-150x150.jpg\" class=\"attachment-thumbnail size-thumbnail\" alt=\"\" loading=\"lazy\" srcset=\"https:\/\/www.ischia.campania.it\/wp-content\/uploads\/2010\/09\/mortella-ischia35-150x150.jpg 150w, https:\/\/www.ischia.campania.it\/wp-content\/uploads\/2010\/09\/mortella-ischia35-130x130.jpg 130w, https:\/\/www.ischia.campania.it\/wp-content\/uploads\/2010\/09\/mortella-ischia35-67x67.jpg 67w, https:\/\/www.ischia.campania.it\/wp-content\/uploads\/2010\/09\/mortella-ischia35-40x40.jpg 40w, https:\/\/www.ischia.campania.it\/wp-content\/uploads\/2010\/09\/mortella-ischia35-184x184.jpg 184w\" sizes=\"(max-width: 150px) 100vw, 150px\" data-attachment-id=\"249\" data-permalink=\"https:\/\/www.ischia.campania.it\/index.php\/giardini-la-mortella\/mortella-ischia35\/\" data-orig-file=\"https:\/\/www.ischia.campania.it\/wp-content\/uploads\/2010\/09\/mortella-ischia35.jpg\" data-orig-size=\"750,563\" data-comments-opened=\"1\" data-image-meta=\"{&quot;aperture&quot;:&quot;0&quot;,&quot;credit&quot;:&quot;&quot;,&quot;camera&quot;:&quot;&quot;,&quot;caption&quot;:&quot;&quot;,&quot;created_timestamp&quot;:&quot;0&quot;,&quot;copyright&quot;:&quot;&quot;,&quot;focal_length&quot;:&quot;0&quot;,&quot;iso&quot;:&quot;0&quot;,&quot;shutter_speed&quot;:&quot;0&quot;,&quot;title&quot;:&quot;&quot;}\" data-image-title=\"mortella-ischia35\" data-image-description=\"\" data-image-caption=\"\" data-medium-file=\"https:\/\/www.ischia.campania.it\/wp-content\/uploads\/2010\/09\/mortella-ischia35-446x334.jpg\" data-large-file=\"https:\/\/www.ischia.campania.it\/wp-content\/uploads\/2010\/09\/mortella-ischia35.jpg\" \/><\/a>\n\t\t\t<\/dt><\/dl><br style=\"clear: both\" \/><dl class='gallery-item'>\n\t\t\t<dt class='gallery-icon landscape'>\n\t\t\t\t<a href='https:\/\/www.ischia.campania.it\/wp-content\/uploads\/2010\/09\/mortella-ischia36.jpg'><img width=\"150\" height=\"150\" src=\"https:\/\/www.ischia.campania.it\/wp-content\/uploads\/2010\/09\/mortella-ischia36-150x150.jpg\" class=\"attachment-thumbnail size-thumbnail\" alt=\"\" loading=\"lazy\" srcset=\"https:\/\/www.ischia.campania.it\/wp-content\/uploads\/2010\/09\/mortella-ischia36-150x150.jpg 150w, https:\/\/www.ischia.campania.it\/wp-content\/uploads\/2010\/09\/mortella-ischia36-130x130.jpg 130w, https:\/\/www.ischia.campania.it\/wp-content\/uploads\/2010\/09\/mortella-ischia36-67x67.jpg 67w, https:\/\/www.ischia.campania.it\/wp-content\/uploads\/2010\/09\/mortella-ischia36-40x40.jpg 40w, https:\/\/www.ischia.campania.it\/wp-content\/uploads\/2010\/09\/mortella-ischia36-184x184.jpg 184w\" sizes=\"(max-width: 150px) 100vw, 150px\" data-attachment-id=\"250\" data-permalink=\"https:\/\/www.ischia.campania.it\/index.php\/giardini-la-mortella\/mortella-ischia36\/\" data-orig-file=\"https:\/\/www.ischia.campania.it\/wp-content\/uploads\/2010\/09\/mortella-ischia36.jpg\" data-orig-size=\"750,563\" data-comments-opened=\"1\" data-image-meta=\"{&quot;aperture&quot;:&quot;0&quot;,&quot;credit&quot;:&quot;&quot;,&quot;camera&quot;:&quot;&quot;,&quot;caption&quot;:&quot;&quot;,&quot;created_timestamp&quot;:&quot;0&quot;,&quot;copyright&quot;:&quot;&quot;,&quot;focal_length&quot;:&quot;0&quot;,&quot;iso&quot;:&quot;0&quot;,&quot;shutter_speed&quot;:&quot;0&quot;,&quot;title&quot;:&quot;&quot;}\" data-image-title=\"mortella-ischia36\" data-image-description=\"\" data-image-caption=\"\" data-medium-file=\"https:\/\/www.ischia.campania.it\/wp-content\/uploads\/2010\/09\/mortella-ischia36-446x334.jpg\" data-large-file=\"https:\/\/www.ischia.campania.it\/wp-content\/uploads\/2010\/09\/mortella-ischia36.jpg\" \/><\/a>\n\t\t\t<\/dt><\/dl><dl class='gallery-item'>\n\t\t\t<dt class='gallery-icon landscape'>\n\t\t\t\t<a href='https:\/\/www.ischia.campania.it\/wp-content\/uploads\/2010\/09\/mortella-ischia37.jpg'><img width=\"150\" height=\"150\" src=\"https:\/\/www.ischia.campania.it\/wp-content\/uploads\/2010\/09\/mortella-ischia37-150x150.jpg\" class=\"attachment-thumbnail size-thumbnail\" alt=\"\" loading=\"lazy\" srcset=\"https:\/\/www.ischia.campania.it\/wp-content\/uploads\/2010\/09\/mortella-ischia37-150x150.jpg 150w, https:\/\/www.ischia.campania.it\/wp-content\/uploads\/2010\/09\/mortella-ischia37-130x130.jpg 130w, https:\/\/www.ischia.campania.it\/wp-content\/uploads\/2010\/09\/mortella-ischia37-67x67.jpg 67w, https:\/\/www.ischia.campania.it\/wp-content\/uploads\/2010\/09\/mortella-ischia37-40x40.jpg 40w, https:\/\/www.ischia.campania.it\/wp-content\/uploads\/2010\/09\/mortella-ischia37-184x184.jpg 184w\" sizes=\"(max-width: 150px) 100vw, 150px\" data-attachment-id=\"251\" data-permalink=\"https:\/\/www.ischia.campania.it\/index.php\/giardini-la-mortella\/mortella-ischia37\/\" data-orig-file=\"https:\/\/www.ischia.campania.it\/wp-content\/uploads\/2010\/09\/mortella-ischia37.jpg\" data-orig-size=\"750,563\" data-comments-opened=\"1\" data-image-meta=\"{&quot;aperture&quot;:&quot;0&quot;,&quot;credit&quot;:&quot;&quot;,&quot;camera&quot;:&quot;&quot;,&quot;caption&quot;:&quot;&quot;,&quot;created_timestamp&quot;:&quot;0&quot;,&quot;copyright&quot;:&quot;&quot;,&quot;focal_length&quot;:&quot;0&quot;,&quot;iso&quot;:&quot;0&quot;,&quot;shutter_speed&quot;:&quot;0&quot;,&quot;title&quot;:&quot;&quot;}\" data-image-title=\"mortella-ischia37\" data-image-description=\"\" data-image-caption=\"\" data-medium-file=\"https:\/\/www.ischia.campania.it\/wp-content\/uploads\/2010\/09\/mortella-ischia37-446x334.jpg\" data-large-file=\"https:\/\/www.ischia.campania.it\/wp-content\/uploads\/2010\/09\/mortella-ischia37.jpg\" \/><\/a>\n\t\t\t<\/dt><\/dl><dl class='gallery-item'>\n\t\t\t<dt class='gallery-icon landscape'>\n\t\t\t\t<a href='https:\/\/www.ischia.campania.it\/wp-content\/uploads\/2010\/09\/mortella-ischia38.jpg'><img width=\"150\" height=\"150\" src=\"https:\/\/www.ischia.campania.it\/wp-content\/uploads\/2010\/09\/mortella-ischia38-150x150.jpg\" class=\"attachment-thumbnail size-thumbnail\" alt=\"\" loading=\"lazy\" srcset=\"https:\/\/www.ischia.campania.it\/wp-content\/uploads\/2010\/09\/mortella-ischia38-150x150.jpg 150w, https:\/\/www.ischia.campania.it\/wp-content\/uploads\/2010\/09\/mortella-ischia38-130x130.jpg 130w, https:\/\/www.ischia.campania.it\/wp-content\/uploads\/2010\/09\/mortella-ischia38-67x67.jpg 67w, https:\/\/www.ischia.campania.it\/wp-content\/uploads\/2010\/09\/mortella-ischia38-40x40.jpg 40w, https:\/\/www.ischia.campania.it\/wp-content\/uploads\/2010\/09\/mortella-ischia38-184x184.jpg 184w\" sizes=\"(max-width: 150px) 100vw, 150px\" data-attachment-id=\"252\" data-permalink=\"https:\/\/www.ischia.campania.it\/index.php\/giardini-la-mortella\/mortella-ischia38\/\" data-orig-file=\"https:\/\/www.ischia.campania.it\/wp-content\/uploads\/2010\/09\/mortella-ischia38.jpg\" data-orig-size=\"750,563\" data-comments-opened=\"1\" data-image-meta=\"{&quot;aperture&quot;:&quot;0&quot;,&quot;credit&quot;:&quot;&quot;,&quot;camera&quot;:&quot;&quot;,&quot;caption&quot;:&quot;&quot;,&quot;created_timestamp&quot;:&quot;0&quot;,&quot;copyright&quot;:&quot;&quot;,&quot;focal_length&quot;:&quot;0&quot;,&quot;iso&quot;:&quot;0&quot;,&quot;shutter_speed&quot;:&quot;0&quot;,&quot;title&quot;:&quot;&quot;}\" data-image-title=\"mortella-ischia38\" data-image-description=\"\" data-image-caption=\"\" data-medium-file=\"https:\/\/www.ischia.campania.it\/wp-content\/uploads\/2010\/09\/mortella-ischia38-446x334.jpg\" data-large-file=\"https:\/\/www.ischia.campania.it\/wp-content\/uploads\/2010\/09\/mortella-ischia38.jpg\" \/><\/a>\n\t\t\t<\/dt><\/dl><br style=\"clear: both\" \/>\n\t\t<\/div>\n\n","protected":false},"excerpt":{"rendered":"<p>I Giardini La Mortella si trovano nel versante nord occidentale dell\u2019isola d\u2019Ischia, in localit\u00e0 Zaro (Forio). Sono anche conosciuti come Villa Walton, dal nome del loro proprietario, il famoso compositore e direttore d&#8217;orchestra inglese sir William Walton (1902 &#8211; 1983) che, nel 1949, acquist\u00f2 quest&#8217;angolo di macchia mediterranea, per lo pi\u00f9 popolato da lecci e [&hellip;]<\/p>\n","protected":false},"author":1,"featured_media":243,"comment_status":"open","ping_status":"open","sticky":false,"template":"","format":"standard","meta":{"_et_pb_use_builder":"","_et_pb_old_content":"","_et_gb_content_width":"","_monsterinsights_skip_tracking":false,"_monsterinsights_sitenote_active":false,"_monsterinsights_sitenote_note":"","_monsterinsights_sitenote_category":0,"spay_email":""},"categories":[21,4,1],"tags":[],"jetpack_featured_media_url":"https:\/\/www.ischia.campania.it\/wp-content\/uploads\/2010\/09\/mortella-ischia29.jpg","jetpack_shortlink":"https:\/\/wp.me\/p3yuov-3q","jetpack_sharing_enabled":true,"_links":{"self":[{"href":"https:\/\/www.ischia.campania.it\/index.php\/wp-json\/wp\/v2\/posts\/212"}],"collection":[{"href":"https:\/\/www.ischia.campania.it\/index.php\/wp-json\/wp\/v2\/posts"}],"about":[{"href":"https:\/\/www.ischia.campania.it\/index.php\/wp-json\/wp\/v2\/types\/post"}],"author":[{"embeddable":true,"href":"https:\/\/www.ischia.campania.it\/index.php\/wp-json\/wp\/v2\/users\/1"}],"replies":[{"embeddable":true,"href":"https:\/\/www.ischia.campania.it\/index.php\/wp-json\/wp\/v2\/comments?post=212"}],"version-history":[{"count":27,"href":"https:\/\/www.ischia.campania.it\/index.php\/wp-json\/wp\/v2\/posts\/212\/revisions"}],"predecessor-version":[{"id":8744,"href":"https:\/\/www.ischia.campania.it\/index.php\/wp-json\/wp\/v2\/posts\/212\/revisions\/8744"}],"wp:featuredmedia":[{"embeddable":true,"href":"https:\/\/www.ischia.campania.it\/index.php\/wp-json\/wp\/v2\/media\/243"}],"wp:attachment":[{"href":"https:\/\/www.ischia.campania.it\/index.php\/wp-json\/wp\/v2\/media?parent=212"}],"wp:term":[{"taxonomy":"category","embeddable":true,"href":"https:\/\/www.ischia.campania.it\/index.php\/wp-json\/wp\/v2\/categories?post=212"},{"taxonomy":"post_tag","embeddable":true,"href":"https:\/\/www.ischia.campania.it\/index.php\/wp-json\/wp\/v2\/tags?post=212"}],"curies":[{"name":"wp","href":"https:\/\/api.w.org\/{rel}","templated":true}]}}