{"id":2450,"date":"2014-01-23T17:06:11","date_gmt":"2014-01-23T17:06:11","guid":{"rendered":"https:\/\/www.ischia.campania.it\/?page_id=2450"},"modified":"2014-11-06T16:21:45","modified_gmt":"2014-11-06T15:21:45","slug":"ischia-cosa-vedere","status":"publish","type":"post","link":"https:\/\/www.ischia.campania.it\/index.php\/ischia-cosa-vedere\/","title":{"rendered":"Ischia, cosa vedere"},"content":{"rendered":"<div id=\"itiner-social\" style=\"padding: 5px 0; float:left; width:100%;\"><a href=\"https:\/\/twitter.com\/share\" class=\"twitter-share-button\" data-url=\"http:\/\/www.ischia.campania.it\/index.php\/ischia-cosa-vedere\/\" data-text=\"ItinerSocial\" data-count=\"horizontal\" data-via=\"ItinerSocial\" style=\"flaot:left;margin: 0 10px\"><\/a><div class=\"fb-like\" data-href=\"http:\/\/www.ischia.campania.it\/index.php\/ischia-cosa-vedere\/\" data-layout=\"button_count\" data-send=\"false\" data-show-faces=\"false\" data-width=\"90\" style=\"flaot:left;margin: 0 10px\"><\/div><div class=\"g-plusone\" data-annotation=\"inline\" data-href=\"http:\/\/www.ischia.campania.it\/index.php\/ischia-cosa-vedere\/\" data-size=\"medium\" data-width=\"120\" style=\"flaot:left;margin: 0 10px\"><\/div><\/div><p style=\"text-align: left;\"><strong>Ischia non \u00e8 di quelle isole che si conoscono in un giorno<\/strong>, con una piazzetta, un bar, il ristorante, la spiaggia e&#8230; basta. Perci\u00f2, \u00e8 bene organizzarsi per tempo e seguire qualche consiglio sulle <a href=\"https:\/\/www.ischia.campania.it\/index.php\/cose-da-fare-a-ischia-in-tre-giorni\/\">cose da fare a Ischia in tre giorni<\/a> o, se la vostra vacanza \u00e8 pi\u00f9 lunga, sulle <a href=\"https:\/\/www.ischia.campania.it\/index.php\/cose-da-fare-a-ischia-in-una-settimana\/\">cose da fare a Ischia in una settimana<\/a>.<\/p>\n<p><strong>Naturalmente si tratta di suggerimenti e nulla pi\u00f9<\/strong>. Ciascuno in vacanza \u00e8 libero di agire come meglio crede, senn\u00f2 che vacanza sarebbe! Al limite, pu\u00f2 essere utile sapere le maggiori attrazioni di ciascun comune, in modo da pianificare le proprie uscite tenendo presente dove ci si trova con l\u2019albergo, B&amp;B, casa vacanze.<\/p>\n<p><strong>FORIO<\/strong><\/p>\n<p><strong>Chiesa del Soccorso<br \/>\n<a href=\"https:\/\/www.ischia.campania.it\/index.php\/cose-da-fare-a-ischia-in-una-settimana\/attachment\/soccorso\/\" rel=\"attachment wp-att-1451\"><img data-attachment-id=\"1451\" data-permalink=\"https:\/\/www.ischia.campania.it\/index.php\/cose-da-fare-a-ischia-in-una-settimana\/soccorso\/\" data-orig-file=\"https:\/\/www.ischia.campania.it\/wp-content\/uploads\/2013\/07\/soccorso.jpg\" data-orig-size=\"750,500\" data-comments-opened=\"1\" data-image-meta=\"{&quot;aperture&quot;:&quot;0&quot;,&quot;credit&quot;:&quot;&quot;,&quot;camera&quot;:&quot;&quot;,&quot;caption&quot;:&quot;&quot;,&quot;created_timestamp&quot;:&quot;0&quot;,&quot;copyright&quot;:&quot;&quot;,&quot;focal_length&quot;:&quot;0&quot;,&quot;iso&quot;:&quot;0&quot;,&quot;shutter_speed&quot;:&quot;0&quot;,&quot;title&quot;:&quot;&quot;}\" data-image-title=\"soccorso\" data-image-description=\"\" data-image-caption=\"\" data-medium-file=\"https:\/\/www.ischia.campania.it\/wp-content\/uploads\/2013\/07\/soccorso-446x297.jpg\" data-large-file=\"https:\/\/www.ischia.campania.it\/wp-content\/uploads\/2013\/07\/soccorso.jpg\" loading=\"lazy\" class=\"alignnone wp-image-1451 size-full\" src=\"https:\/\/www.ischia.campania.it\/wp-content\/uploads\/2013\/07\/soccorso.jpg\" alt=\"soccorso\" width=\"750\" height=\"500\" srcset=\"https:\/\/www.ischia.campania.it\/wp-content\/uploads\/2013\/07\/soccorso.jpg 750w, https:\/\/www.ischia.campania.it\/wp-content\/uploads\/2013\/07\/soccorso-446x297.jpg 446w, https:\/\/www.ischia.campania.it\/wp-content\/uploads\/2013\/07\/soccorso-140x94.jpg 140w\" sizes=\"(max-width: 750px) 100vw, 750px\" \/><\/a><\/strong><br \/>\n<strong>Il Soccorso, insieme al Castello Aragonese, \u00e8 la localit\u00e0 pi\u00f9 fotografata dell\u2019isola d\u2019Ischia<\/strong>, l\u2019immagine pi\u00f9 utilizzata, ormai da moltissimi anni, per promuovere Ischia nel mondo. \u00c8 una piccola chiesa a picco sul mare, semplice, senza elementi decorativi o opere d\u2019arte di grande rilievo, eppure bellissima. Dalla terrazza intorno \u00e8 possibile assistere, nelle giornate d\u2019estate particolarmente terse, al fenomeno ottico del raggio verde, appena un attimo prima che il sole tramonti in mare.<\/p>\n<p><strong>Altre chiese da vedere a Forio<\/strong>: la Chiesa di Santa Maria di Loreto; la Chiesa di San Vito Martire; <a href=\"https:\/\/www.ischia.campania.it\/index.php\/il-santuario-della-madonna-della-libera-di-forio\/\">il Santuario della Madonna della Libera<\/a>.<\/p>\n<p><strong>Museo Civico del Torrione<\/strong><br \/>\n<a href=\"https:\/\/www.ischia.campania.it\/index.php\/cenni-storici\/attachment\/torrione-forio\/\" rel=\"attachment wp-att-274\"><img data-attachment-id=\"274\" data-permalink=\"https:\/\/www.ischia.campania.it\/index.php\/cenni-storici\/torrione-forio\/\" data-orig-file=\"https:\/\/www.ischia.campania.it\/wp-content\/uploads\/2010\/09\/torrione-forio.jpg\" data-orig-size=\"750,562\" data-comments-opened=\"1\" data-image-meta=\"{&quot;aperture&quot;:&quot;0&quot;,&quot;credit&quot;:&quot;&quot;,&quot;camera&quot;:&quot;&quot;,&quot;caption&quot;:&quot;&quot;,&quot;created_timestamp&quot;:&quot;0&quot;,&quot;copyright&quot;:&quot;&quot;,&quot;focal_length&quot;:&quot;0&quot;,&quot;iso&quot;:&quot;0&quot;,&quot;shutter_speed&quot;:&quot;0&quot;,&quot;title&quot;:&quot;&quot;}\" data-image-title=\"torrione-forio\" data-image-description=\"\" data-image-caption=\"\" data-medium-file=\"https:\/\/www.ischia.campania.it\/wp-content\/uploads\/2010\/09\/torrione-forio-446x334.jpg\" data-large-file=\"https:\/\/www.ischia.campania.it\/wp-content\/uploads\/2010\/09\/torrione-forio.jpg\" loading=\"lazy\" class=\"alignnone wp-image-274 size-full\" src=\"https:\/\/www.ischia.campania.it\/wp-content\/uploads\/2010\/09\/torrione-forio.jpg\" alt=\"torrione-forio\" width=\"750\" height=\"562\" srcset=\"https:\/\/www.ischia.campania.it\/wp-content\/uploads\/2010\/09\/torrione-forio.jpg 750w, https:\/\/www.ischia.campania.it\/wp-content\/uploads\/2010\/09\/torrione-forio-446x334.jpg 446w\" sizes=\"(max-width: 750px) 100vw, 750px\" \/><\/a><br \/>\n<strong>Il Torrione \u00e8 la pi\u00f9 grande e importante delle torri costiere di Forio<\/strong> che servivano alla popolazione locale per avvistare le galee saracene e difendersi dai loro violenti attacchi, particolarmente frequenti nella prima met\u00e0 del XVI secolo. L\u2019edificio \u00e8 da molti anni adibito a Museo Civico cittadino: al primo piano c\u2019\u00e8 una sala circolare, che asseconda la pianta dell\u2019edificio, utilizzata per vernissages, collettive e personali di artisti locali e non. Al secondo piano c\u2019\u00e8 una permanente di <a href=\"https:\/\/www.ischia.campania.it\/index.php\/giovanni-maltese-pittore-e-scultore-foriano-del-xix-secolo\/\">Giovanni Maltese<\/a>, scultore, ritrattista e poeta foriano che visse per molti anni all\u2019interno del Torrione.<\/p>\n<p><strong>Nei mesi invernali il Torrione<\/strong> \u00e8 aperto nei fine settimana dalle 10:30 alle 12:30 del mattino.<br \/>\n<strong>In estate, tutti i giorni<\/strong>: al mattino dalle 10.30-13.00 e al pomeriggio dalle 17.30-22.00.<\/p>\n<p><strong><br \/>\nGiardini La Mortella<\/strong><br \/>\n<a href=\"https:\/\/www.ischia.campania.it\/index.php\/giardini-la-mortella\/attachment\/mortella-ischia8\/\" rel=\"attachment wp-att-222\"><img data-attachment-id=\"222\" data-permalink=\"https:\/\/www.ischia.campania.it\/index.php\/giardini-la-mortella\/mortella-ischia8\/\" data-orig-file=\"https:\/\/www.ischia.campania.it\/wp-content\/uploads\/2010\/09\/mortella-ischia8.jpg\" data-orig-size=\"750,563\" data-comments-opened=\"1\" data-image-meta=\"{&quot;aperture&quot;:&quot;0&quot;,&quot;credit&quot;:&quot;&quot;,&quot;camera&quot;:&quot;&quot;,&quot;caption&quot;:&quot;&quot;,&quot;created_timestamp&quot;:&quot;0&quot;,&quot;copyright&quot;:&quot;&quot;,&quot;focal_length&quot;:&quot;0&quot;,&quot;iso&quot;:&quot;0&quot;,&quot;shutter_speed&quot;:&quot;0&quot;,&quot;title&quot;:&quot;&quot;}\" data-image-title=\"mortella-ischia8\" data-image-description=\"\" data-image-caption=\"\" data-medium-file=\"https:\/\/www.ischia.campania.it\/wp-content\/uploads\/2010\/09\/mortella-ischia8-446x334.jpg\" data-large-file=\"https:\/\/www.ischia.campania.it\/wp-content\/uploads\/2010\/09\/mortella-ischia8.jpg\" loading=\"lazy\" class=\"alignnone wp-image-222 size-full\" src=\"https:\/\/www.ischia.campania.it\/wp-content\/uploads\/2010\/09\/mortella-ischia8.jpg\" alt=\"mortella-ischia8\" width=\"750\" height=\"563\" srcset=\"https:\/\/www.ischia.campania.it\/wp-content\/uploads\/2010\/09\/mortella-ischia8.jpg 750w, https:\/\/www.ischia.campania.it\/wp-content\/uploads\/2010\/09\/mortella-ischia8-446x334.jpg 446w\" sizes=\"(max-width: 750px) 100vw, 750px\" \/><\/a><br \/>\n<strong>I Giardini La Mortella si trovano in localit\u00e0 Zaro<\/strong>, poco distante dal comune di Lacco Ameno. Sono tra i parchi mediterranei e subtropicali pi\u00f9 belli al mondo, nel 2004 premiato come \u201cParco pi\u00f9 bello d\u2019Italia\u201d nel concorso annuale organizzato dalla \u201cBriggs&amp;Stratton\u201d, azienda leader mondiale nel giardinaggio.<\/p>\n<p><strong>I Giardini La Mortella sono aperti<\/strong>: Marted\u00ec-Gioved\u00ec-Sabato e Domenica, dalle 9:00 alle 19:00.<br \/>\n<strong> La tariffa d\u2019ingresso \u00e8 \u20ac 12.00<\/strong> con possibilit\u00e0 di sconti e riduzioni.<\/p>\n<p><strong>Tel.<\/strong>: 081.986220<br \/>\n<strong> Email<\/strong>: info@lamortella.org<\/p>\n<p>&nbsp;<\/p>\n<p><strong>Villa La Colombaia<\/strong><br \/>\n<a href=\"https:\/\/www.ischia.campania.it\/index.php\/la-colombaia-il-rifugio-dartista-di-luchino-visconti\/attachment\/colombaiadamare\/\" rel=\"attachment wp-att-794\"><img data-attachment-id=\"794\" data-permalink=\"https:\/\/www.ischia.campania.it\/index.php\/la-colombaia-il-rifugio-dartista-di-luchino-visconti\/colombaiadamare\/\" data-orig-file=\"https:\/\/www.ischia.campania.it\/wp-content\/uploads\/2013\/01\/colombaiaDaMare.jpg\" data-orig-size=\"750,500\" data-comments-opened=\"1\" data-image-meta=\"{&quot;aperture&quot;:&quot;0&quot;,&quot;credit&quot;:&quot;&quot;,&quot;camera&quot;:&quot;&quot;,&quot;caption&quot;:&quot;&quot;,&quot;created_timestamp&quot;:&quot;0&quot;,&quot;copyright&quot;:&quot;&quot;,&quot;focal_length&quot;:&quot;0&quot;,&quot;iso&quot;:&quot;0&quot;,&quot;shutter_speed&quot;:&quot;0&quot;,&quot;title&quot;:&quot;&quot;}\" data-image-title=\"colombaiaDaMare\" data-image-description=\"\" data-image-caption=\"\" data-medium-file=\"https:\/\/www.ischia.campania.it\/wp-content\/uploads\/2013\/01\/colombaiaDaMare-446x297.jpg\" data-large-file=\"https:\/\/www.ischia.campania.it\/wp-content\/uploads\/2013\/01\/colombaiaDaMare.jpg\" loading=\"lazy\" class=\"alignnone wp-image-794 size-full\" src=\"https:\/\/www.ischia.campania.it\/wp-content\/uploads\/2013\/01\/colombaiaDaMare.jpg\" alt=\"colombaiaDaMare\" width=\"750\" height=\"500\" srcset=\"https:\/\/www.ischia.campania.it\/wp-content\/uploads\/2013\/01\/colombaiaDaMare.jpg 750w, https:\/\/www.ischia.campania.it\/wp-content\/uploads\/2013\/01\/colombaiaDaMare-446x297.jpg 446w, https:\/\/www.ischia.campania.it\/wp-content\/uploads\/2013\/01\/colombaiaDaMare-140x94.jpg 140w\" sizes=\"(max-width: 750px) 100vw, 750px\" \/><\/a><br \/>\n<strong>Storica dimora estiva del regista e sceneggiatore Luchino Visconti<\/strong>, la Colombaia \u00e8 una villa in stile liberty a picco sul mare, immersa nella fitta vegetazione del bosco di Zaro, ad appena qualche centinaio di metri dai bellissimi Giardini La Mortella (vd. sopra).<\/p>\n<p><strong>Dal 2001 \u00e8 una Fondazione cui partecipano Comune, Provincia e Regione Campania<\/strong>. Lo scopo, diffondere la cultura della comunicazione e dello spettacolo, in particolare cinema e teatro con la creazione di progetti ed eventi ad hoc.<\/p>\n<p><strong>Orari di apertura della Villa e del Caff\u00e8 Letterario<\/strong><br \/>\ndal marted\u00ec alla domenica<br \/>\n10:00\u00a0 \u2013 13:00 \/ 16:00 \u2013 20:00<br \/>\nLuned\u00ec chiuso.<br \/>\n<strong>Ingresso<\/strong>: \u20ac5,00. Sono previsti sconti per i possessori di Campania&gt;Artecard, Ischia.<br \/>\n<strong>Tel<\/strong>: 081. 987115; 081. 3332147.<\/p>\n<p style=\"text-align: left;\"><strong><br \/>\nGiardini Poseidon<\/strong><br \/>\n<a href=\"https:\/\/www.ischia.campania.it\/index.php\/ischia-cosa-vedere\/attachment\/poseidon-2\/\" rel=\"attachment wp-att-1981\"><img data-attachment-id=\"1981\" data-permalink=\"https:\/\/www.ischia.campania.it\/index.php\/ischia-cosa-vedere\/poseidon-2\/\" data-orig-file=\"https:\/\/www.ischia.campania.it\/wp-content\/uploads\/2013\/10\/poseidon.jpg\" data-orig-size=\"800,533\" data-comments-opened=\"1\" data-image-meta=\"{&quot;aperture&quot;:&quot;0&quot;,&quot;credit&quot;:&quot;&quot;,&quot;camera&quot;:&quot;&quot;,&quot;caption&quot;:&quot;&quot;,&quot;created_timestamp&quot;:&quot;0&quot;,&quot;copyright&quot;:&quot;&quot;,&quot;focal_length&quot;:&quot;0&quot;,&quot;iso&quot;:&quot;0&quot;,&quot;shutter_speed&quot;:&quot;0&quot;,&quot;title&quot;:&quot;&quot;}\" data-image-title=\"poseidon\" data-image-description=\"\" data-image-caption=\"\" data-medium-file=\"https:\/\/www.ischia.campania.it\/wp-content\/uploads\/2013\/10\/poseidon-446x297.jpg\" data-large-file=\"https:\/\/www.ischia.campania.it\/wp-content\/uploads\/2013\/10\/poseidon.jpg\" loading=\"lazy\" class=\"alignnone wp-image-1981 size-full\" src=\"https:\/\/www.ischia.campania.it\/wp-content\/uploads\/2013\/10\/poseidon.jpg\" alt=\"poseidon\" width=\"800\" height=\"533\" srcset=\"https:\/\/www.ischia.campania.it\/wp-content\/uploads\/2013\/10\/poseidon.jpg 800w, https:\/\/www.ischia.campania.it\/wp-content\/uploads\/2013\/10\/poseidon-446x297.jpg 446w, https:\/\/www.ischia.campania.it\/wp-content\/uploads\/2013\/10\/poseidon-140x94.jpg 140w\" sizes=\"(max-width: 800px) 100vw, 800px\" \/><\/a><br \/>\n<strong>I Poseidon si trovano in fondo alla baia di Citara<\/strong> e sono tra i parchi termali pi\u00f9 belli e grandi d\u2019Europa. Pi\u00f9 di venti piscine, tre ristoranti, bar, spiaggia privata e reparto per le cure termali (SSN) su una superficie di 60.000 mq.<\/p>\n<p><strong>I Giardini Poseidon sono aperti al pubblico tutti i giorni, da aprile a ottobre, dalle 9:00 alle 19:00<\/strong>. L\u2019abbonamento giornaliero costa \u20ac 30.00 a persona con la possibilit\u00e0 di sottoscrivere abbonamenti per pi\u00f9 giorni, settimane o anche un mese. Nel solo mese di Agosto leggero aumento del costo d\u2019ingresso.<\/p>\n<p><strong>Tel.<\/strong>: 081. 9087111<br \/>\n<strong>Info<\/strong>:www.giardiniposeidonterme.com<\/p>\n<p><strong>Se invece vi affascina l\u2019idea di un parco termale naturale<\/strong>, all\u2019aperto, gratuito e fruibile tutto l\u2019anno non lasciatevi sfuggire la bellissima <a href=\"https:\/\/www.ischia.campania.it\/index.php\/la-baia-di-sorgeto-e-la-discesa-al-paradiso\/\">Baia di Sorgeto<\/a> nella frazione di Panza.<\/p>\n<p><strong><br \/>\nLACCO AMENO<\/strong><\/p>\n<p style=\"text-align: left;\"><strong>Museo di Pithecusa<br \/>\n<a href=\"https:\/\/www.ischia.campania.it\/index.php\/giorgio-buchner-e-la-colonia-di-pithecusa\/attachment\/coppa-di-nestore\/\" rel=\"attachment wp-att-633\"><img data-attachment-id=\"633\" data-permalink=\"https:\/\/www.ischia.campania.it\/index.php\/giorgio-buchner-e-la-colonia-di-pithecusa\/coppa-di-nestore\/\" data-orig-file=\"https:\/\/www.ischia.campania.it\/wp-content\/uploads\/2013\/01\/coppa-di-nestore.jpg\" data-orig-size=\"750,418\" data-comments-opened=\"1\" data-image-meta=\"{&quot;aperture&quot;:&quot;0&quot;,&quot;credit&quot;:&quot;&quot;,&quot;camera&quot;:&quot;&quot;,&quot;caption&quot;:&quot;&quot;,&quot;created_timestamp&quot;:&quot;0&quot;,&quot;copyright&quot;:&quot;&quot;,&quot;focal_length&quot;:&quot;0&quot;,&quot;iso&quot;:&quot;0&quot;,&quot;shutter_speed&quot;:&quot;0&quot;,&quot;title&quot;:&quot;&quot;}\" data-image-title=\"coppa di nestore\" data-image-description=\"\" data-image-caption=\"\" data-medium-file=\"https:\/\/www.ischia.campania.it\/wp-content\/uploads\/2013\/01\/coppa-di-nestore-446x248.jpg\" data-large-file=\"https:\/\/www.ischia.campania.it\/wp-content\/uploads\/2013\/01\/coppa-di-nestore.jpg\" loading=\"lazy\" class=\"alignnone wp-image-633 size-full\" src=\"https:\/\/www.ischia.campania.it\/wp-content\/uploads\/2013\/01\/coppa-di-nestore.jpg\" alt=\"coppa di nestore\" width=\"750\" height=\"418\" srcset=\"https:\/\/www.ischia.campania.it\/wp-content\/uploads\/2013\/01\/coppa-di-nestore.jpg 750w, https:\/\/www.ischia.campania.it\/wp-content\/uploads\/2013\/01\/coppa-di-nestore-446x248.jpg 446w, https:\/\/www.ischia.campania.it\/wp-content\/uploads\/2013\/01\/coppa-di-nestore-95x54.jpg 95w\" sizes=\"(max-width: 750px) 100vw, 750px\" \/><\/a><\/strong><br \/>\n<strong>Il museo si trova all\u2019interno della magnifica Villa Arbusto<\/strong>, l\u2019antica dimora del nobile don Carlo Acquaviva, acquistata e riportata al suo antico splendore nel 1952 dal cavaliere del lavoro <a href=\"https:\/\/www.ischia.campania.it\/index.php\/lisola-dischia-e-gli-anni-di-angelo-rizzoli\/\">Angelo Rizzoli<\/a>, l\u201d<em>\u2019inventore<\/em>\u201d del turismo a Ischia. Il reperto pi\u00f9 importante \u00e8 la celebre Coppa di Nestore, una piccola coppa di uso domestico dell\u2019ultimo quarto del VII sec. a.C. con un\u2019incisione laterale che rappresenta una delle pi\u00f9 antiche testimonianze di testo scritto in greco attico, quello che ancora oggi si studia al Liceo Classico.<\/p>\n<p><strong>All\u2019interno della villa<\/strong>, &#8211; non poteva essere altrimenti &#8211; c\u2019\u00e8 una sala dedicata alla memoria del \u201c<em>padrone di casa<\/em>\u201d Angelo Rizzoli, con un\u2019ampia rassegna di foto del jet-set internazionale presente a Ischia negli anni \u201850 e \u201860 del secolo scorso.<\/p>\n<p><strong>Il Museo di Villa Arbusto \u00e8 aperto tutti i giorni:<\/strong> 9:00\/13:00 e 15:00\/18:00.<br \/>\n<strong>Giugno-Settembre<\/strong>: 9:00\/13:00 e 16:00\/17:30<br \/>\n<strong>Luglio-Agosto<\/strong>: 9:30\/13:00 e 19:00\/23:00<\/p>\n<p><strong>Tariffe<\/strong>: adulti \u20ac5,00; over 65 \u20ac3,00; gruppo min. 10 persone \u20ac1,00 (per singolo ingresso); bambini \u20ac1,00; residenti isola d&#8217;Ischia \u20ac1,00.<\/p>\n<p><strong>\u00c8 indispensabile la prenotazione per le visite guidate<\/strong>.<\/p>\n<p><strong>Tel.<\/strong>:<br \/>\n<strong>Direzione<\/strong>: 081. 3330288<br \/>\n<strong>Biglietteria\/Bookshop<\/strong>: 081. 996103<br \/>\n<strong>Comune di Lacco Ameno<\/strong>: 081.900183<\/p>\n<p><strong>Da non perdere anche gli scavi di Santa Restituta<\/strong>, a lato dell\u2019omonima Chiesa al civico 10 dell\u2019omonima piazza.<\/p>\n<p><strong>Orario invernale<\/strong> (1 aprile\/31 maggio e 1 settembre\/ 31 ottobre): 9.30\/12.30 e 16.00\/18.00<br \/>\n<strong>Orario estivo<\/strong> (1 giugno\/31 agosto) 9.30\/12.30 e 17.00\/1900.<br \/>\n<strong>Possibili visite giudate con prenotazione<\/strong>.<br \/>\n<strong>Tel.<\/strong>: 081. 980538<\/p>\n<p><strong>Parco Termale Negombo<\/strong><br \/>\n<a href=\"https:\/\/www.ischia.campania.it\/index.php\/il-negombo-terme-e-natura\/attachment\/negombo\/\" rel=\"attachment wp-att-1135\"><img data-attachment-id=\"1135\" data-permalink=\"https:\/\/www.ischia.campania.it\/index.php\/il-negombo-terme-e-natura\/negombo\/\" data-orig-file=\"https:\/\/www.ischia.campania.it\/wp-content\/uploads\/2013\/02\/negombo.jpg\" data-orig-size=\"750,500\" data-comments-opened=\"1\" data-image-meta=\"{&quot;aperture&quot;:&quot;0&quot;,&quot;credit&quot;:&quot;&quot;,&quot;camera&quot;:&quot;&quot;,&quot;caption&quot;:&quot;&quot;,&quot;created_timestamp&quot;:&quot;0&quot;,&quot;copyright&quot;:&quot;&quot;,&quot;focal_length&quot;:&quot;0&quot;,&quot;iso&quot;:&quot;0&quot;,&quot;shutter_speed&quot;:&quot;0&quot;,&quot;title&quot;:&quot;&quot;}\" data-image-title=\"negombo\" data-image-description=\"\" data-image-caption=\"\" data-medium-file=\"https:\/\/www.ischia.campania.it\/wp-content\/uploads\/2013\/02\/negombo-446x297.jpg\" data-large-file=\"https:\/\/www.ischia.campania.it\/wp-content\/uploads\/2013\/02\/negombo.jpg\" loading=\"lazy\" class=\"alignnone wp-image-1135 size-full\" src=\"https:\/\/www.ischia.campania.it\/wp-content\/uploads\/2013\/02\/negombo.jpg\" alt=\"negombo\" width=\"750\" height=\"500\" srcset=\"https:\/\/www.ischia.campania.it\/wp-content\/uploads\/2013\/02\/negombo.jpg 750w, https:\/\/www.ischia.campania.it\/wp-content\/uploads\/2013\/02\/negombo-446x297.jpg 446w, https:\/\/www.ischia.campania.it\/wp-content\/uploads\/2013\/02\/negombo-140x94.jpg 140w\" sizes=\"(max-width: 750px) 100vw, 750px\" \/><\/a><br \/>\n<strong>Il Negombo \u00e8 un parco termale con dodici piscine<\/strong>, pi\u00f9 un attrezzato Centro benessere aperto anche d\u2019inverno. Il giardino \u00e8 curato nei minimi dettagli con piante provenienti da tutto il mondo. Lungo il percorso trovano posto diverse installazioni di noti artisti contemporanei, tra cui il famoso \u201c<em>Arc \u2013 en \u2013 ciel<\/em>\u201d (Arco in Cielo) di Arnaldo Pomodoro. Completano l\u2019offerta tre ristoranti, tre bar e spiaggia privata nell\u2019incantevole scenario della baia di San Montano.<\/p>\n<p><strong>Il Negombo \u00e8 aperto tutti i giorni<\/strong> da aprile a ottobre con il seguente orario:09:00\/19:00<br \/>\n<strong>Il biglietto d\u2019ingresso<\/strong> oscilla dai 26,00 ai 32,00 \u20ac.<br \/>\n<strong>In inverno<\/strong>, l\u2019orario del Centro Benessere \u00e8 10:00\/17:00. La Domenica 10:00\/ 14:00.<br \/>\nDomenica pomeriggio e luned\u00ec chiuso.<br \/>\nLa tariffa varia dai 10.00 ai 15.00 \u20ac<br \/>\n<strong>Tel.<\/strong>: 081. 986152;\u00a0 081. 986055.<br \/>\n<strong>Solo d\u2019inverno<\/strong> 081.986295.<br \/>\n<strong>Email<\/strong>:<br \/>\nnegombo@negombo.it<br \/>\namministrazione@negombo.it<br \/>\nbenessere@negombo.it<\/p>\n<p><strong><br \/>\nCASAMICCIOLA<\/strong><\/p>\n<p style=\"text-align: left;\"><strong>Parco Termale Oasi Castiglione<br \/>\n<a href=\"https:\/\/www.ischia.campania.it\/index.php\/giro-dellisola-dischia-in-bus\/attachment\/castiglione\/\" rel=\"attachment wp-att-1979\"><img data-attachment-id=\"1979\" data-permalink=\"https:\/\/www.ischia.campania.it\/index.php\/giro-dellisola-dischia-in-bus\/castiglione\/\" data-orig-file=\"https:\/\/www.ischia.campania.it\/wp-content\/uploads\/2013\/10\/castiglione.jpg\" data-orig-size=\"800,533\" data-comments-opened=\"1\" data-image-meta=\"{&quot;aperture&quot;:&quot;0&quot;,&quot;credit&quot;:&quot;&quot;,&quot;camera&quot;:&quot;&quot;,&quot;caption&quot;:&quot;&quot;,&quot;created_timestamp&quot;:&quot;0&quot;,&quot;copyright&quot;:&quot;&quot;,&quot;focal_length&quot;:&quot;0&quot;,&quot;iso&quot;:&quot;0&quot;,&quot;shutter_speed&quot;:&quot;0&quot;,&quot;title&quot;:&quot;&quot;}\" data-image-title=\"castiglione\" data-image-description=\"\" data-image-caption=\"\" data-medium-file=\"https:\/\/www.ischia.campania.it\/wp-content\/uploads\/2013\/10\/castiglione-446x297.jpg\" data-large-file=\"https:\/\/www.ischia.campania.it\/wp-content\/uploads\/2013\/10\/castiglione.jpg\" loading=\"lazy\" class=\"alignnone wp-image-1979 size-full\" src=\"https:\/\/www.ischia.campania.it\/wp-content\/uploads\/2013\/10\/castiglione.jpg\" alt=\"castiglione\" width=\"800\" height=\"533\" srcset=\"https:\/\/www.ischia.campania.it\/wp-content\/uploads\/2013\/10\/castiglione.jpg 800w, https:\/\/www.ischia.campania.it\/wp-content\/uploads\/2013\/10\/castiglione-446x297.jpg 446w, https:\/\/www.ischia.campania.it\/wp-content\/uploads\/2013\/10\/castiglione-140x94.jpg 140w\" sizes=\"(max-width: 800px) 100vw, 800px\" \/><\/a><\/strong><br \/>\n<strong>ll Parco Termale Oasi Castiglione si trova sul mare<\/strong>, sotto l\u2019omonima collina al confine con il comune di Ischia. Dieci piscine, di cui otto termali, una olimpionica e una per i bambini. Suggestiva la funicolare che dall\u2019ampio parcheggio conduce al parco. Due i ristoranti: una tavola calda self-service (aperta 9:00\/19:00) e un ristorante specializzato nella cucina marinara partenopea (aperto pranzo e cena).<\/p>\n<p><strong>Il parco \u00e8 aperto da aprile a ottobre<\/strong> dalle 9:00 alle 19:00.<br \/>\n<strong>La tariffa \u00e8 di \u20ac 27,00 a persona<\/strong>. Possibilit\u00e0 di sottoscrivere abbonamenti, anche ridotti.<br \/>\n<strong>Tel.<\/strong>: 081. 982551<br \/>\n<strong>Mail<\/strong>:info@termecastiglione.it.<\/p>\n<p>&nbsp;<\/p>\n<p><strong>ISCHIA<\/strong><\/p>\n<p style=\"text-align: left;\"><strong>Borgo di Sant\u2019Alessandro<br \/>\n<a href=\"https:\/\/www.ischia.campania.it\/index.php\/il-borgo-di-santalessandro\/attachment\/img_7809\/\" rel=\"attachment wp-att-1738\"><img data-attachment-id=\"1738\" data-permalink=\"https:\/\/www.ischia.campania.it\/index.php\/il-borgo-di-santalessandro\/img_7809\/\" data-orig-file=\"https:\/\/www.ischia.campania.it\/wp-content\/uploads\/2013\/09\/IMG_7809.jpg\" data-orig-size=\"800,533\" data-comments-opened=\"1\" data-image-meta=\"{&quot;aperture&quot;:&quot;0&quot;,&quot;credit&quot;:&quot;&quot;,&quot;camera&quot;:&quot;&quot;,&quot;caption&quot;:&quot;&quot;,&quot;created_timestamp&quot;:&quot;0&quot;,&quot;copyright&quot;:&quot;&quot;,&quot;focal_length&quot;:&quot;0&quot;,&quot;iso&quot;:&quot;0&quot;,&quot;shutter_speed&quot;:&quot;0&quot;,&quot;title&quot;:&quot;&quot;}\" data-image-title=\"IMG_7809\" data-image-description=\"\" data-image-caption=\"\" data-medium-file=\"https:\/\/www.ischia.campania.it\/wp-content\/uploads\/2013\/09\/IMG_7809-446x297.jpg\" data-large-file=\"https:\/\/www.ischia.campania.it\/wp-content\/uploads\/2013\/09\/IMG_7809.jpg\" loading=\"lazy\" class=\"alignnone wp-image-1738 size-full\" src=\"https:\/\/www.ischia.campania.it\/wp-content\/uploads\/2013\/09\/IMG_7809.jpg\" alt=\"IMG_7809\" width=\"800\" height=\"533\" srcset=\"https:\/\/www.ischia.campania.it\/wp-content\/uploads\/2013\/09\/IMG_7809.jpg 800w, https:\/\/www.ischia.campania.it\/wp-content\/uploads\/2013\/09\/IMG_7809-446x297.jpg 446w, https:\/\/www.ischia.campania.it\/wp-content\/uploads\/2013\/09\/IMG_7809-140x94.jpg 140w\" sizes=\"(max-width: 800px) 100vw, 800px\" \/><\/a><\/strong><br \/>\n<strong>Sant\u2019Alessandro \u00e8 una piccola contrada poco distante dal porto di Ischia<\/strong>. Si arriva per una strada alle spalle della banchina olimpica del porto, dal lato del molo di imbarco dei traghetti, oppure da una traversa a lato di via Baldassarre Cossa, il tratto della ex Ss 270 che arriva fino in localit\u00e0 Castiglione, al confine con Casamicciola Terme.<\/p>\n<p><strong>La localit\u00e0 \u00e8 famosa perch\u00e8 il 26 agosto<\/strong>, giorno di ricorrenza del santo, una sfilata in costumi d\u2019epoca che rievoca la storia civile, politica e religiosa dell\u2019isola d\u2019Ischia attraversa l\u2019intero centro storico del comune di Ischia, terminando proprio a Sant\u2019Alessandro con la celebrazione della Santa Messa nella piccola chiesa del borgo, seguita da festeggiamenti e ottimo cibo come nella migliore delle tradizioni popolari.<\/p>\n<p><strong>Da non perdere la suggestiva spiaggetta, conosciuta come Spiaggia degli Inglesi, al termine del borgo<\/strong>.<\/p>\n<p><strong><br \/>\nIschia Ponte<\/strong><a href=\"https:\/\/www.ischia.campania.it\/index.php\/il-museo-del-mare-di-ischia-ponte\/attachment\/museo-mare\/\" rel=\"attachment wp-att-2046\"><br \/>\n<\/a><a href=\"https:\/\/www.ischia.campania.it\/index.php\/il-museo-del-mare-di-ischia-ponte\/attachment\/museo-mare\/\" rel=\"attachment wp-att-2046\"><img data-attachment-id=\"2046\" data-permalink=\"https:\/\/www.ischia.campania.it\/index.php\/il-museo-del-mare-di-ischia-ponte\/museo-mare\/\" data-orig-file=\"https:\/\/www.ischia.campania.it\/wp-content\/uploads\/2013\/10\/museo-mare.jpg\" data-orig-size=\"800,533\" data-comments-opened=\"1\" data-image-meta=\"{&quot;aperture&quot;:&quot;0&quot;,&quot;credit&quot;:&quot;&quot;,&quot;camera&quot;:&quot;&quot;,&quot;caption&quot;:&quot;&quot;,&quot;created_timestamp&quot;:&quot;0&quot;,&quot;copyright&quot;:&quot;&quot;,&quot;focal_length&quot;:&quot;0&quot;,&quot;iso&quot;:&quot;0&quot;,&quot;shutter_speed&quot;:&quot;0&quot;,&quot;title&quot;:&quot;&quot;}\" data-image-title=\"museo-mare\" data-image-description=\"\" data-image-caption=\"\" data-medium-file=\"https:\/\/www.ischia.campania.it\/wp-content\/uploads\/2013\/10\/museo-mare-446x297.jpg\" data-large-file=\"https:\/\/www.ischia.campania.it\/wp-content\/uploads\/2013\/10\/museo-mare.jpg\" loading=\"lazy\" class=\"alignnone wp-image-2046 size-full\" src=\"https:\/\/www.ischia.campania.it\/wp-content\/uploads\/2013\/10\/museo-mare.jpg\" alt=\"museo-mare\" width=\"800\" height=\"533\" srcset=\"https:\/\/www.ischia.campania.it\/wp-content\/uploads\/2013\/10\/museo-mare.jpg 800w, https:\/\/www.ischia.campania.it\/wp-content\/uploads\/2013\/10\/museo-mare-446x297.jpg 446w, https:\/\/www.ischia.campania.it\/wp-content\/uploads\/2013\/10\/museo-mare-140x94.jpg 140w\" sizes=\"(max-width: 800px) 100vw, 800px\" \/><\/a><strong>Insieme a Sant\u2019Angelo, Ischia Ponte \u00e8 l\u2019altro antico borgo marinaro dell\u2019isola d\u2019Ischia<\/strong>, testimonianza preziosa della bellezza dell\u2019architettura mediterranea con l\u2019alternanza tra le case bianche e basse dei pescatori con le chiese e i palazzi signorili dallo stile tipicamente barocco. Per secoli, l\u2019antico &#8220;<em>borgo di Celsa<\/em>&#8221; \u00e8 stato il centro culturale ed economico pi\u00f9 importante dell\u2019isola d\u2019Ischia, nonch\u00e8 fonte continua di ispirazione per numerosi artisti locali e non.<br \/>\nDa non perdere la Galleria d\u2019Arte di Mario Mazzella, oggi con grande dedizione e professionalit\u00e0 portata avanti dal figlio dell\u2019artista, e il piccolo Museo del Mare all\u2019interno dell settecentesco Palazzo dell\u2019Orologio.<\/p>\n<p><strong>Il Museo del Mare \u00e8 aperto tutti i giorni<\/strong>.<br \/>\n<strong>Da Novembre a Marzo<\/strong> (febbraio chiuso) \u00e8 aperto al mattino dalle 10.30 alle 12.30.<br \/>\n<strong>Luglio e Agosto<\/strong>: 10.30\/12.30 e 18.30\/22.00.<br \/>\n<strong>I restanti mesi<\/strong>: 10.30\/12.30 e 15.00\/19.00.<br \/>\n<strong>Mail<\/strong>: info@museodelmareischia.it<br \/>\n<strong>Tel.<\/strong>: 081. 981124<\/p>\n<p style=\"text-align: left;\"><strong><br \/>\nCastello Aragonese<br \/>\n<a href=\"https:\/\/www.ischia.campania.it\/index.php\/il-castello-aragonese\/attachment\/castelloaragonese2\/\" rel=\"attachment wp-att-1048\"><img data-attachment-id=\"1048\" data-permalink=\"https:\/\/www.ischia.campania.it\/index.php\/il-castello-aragonese\/castelloaragonese2\/\" data-orig-file=\"https:\/\/www.ischia.campania.it\/wp-content\/uploads\/2013\/02\/castelloAragonese2.jpg\" data-orig-size=\"750,500\" data-comments-opened=\"1\" data-image-meta=\"{&quot;aperture&quot;:&quot;0&quot;,&quot;credit&quot;:&quot;&quot;,&quot;camera&quot;:&quot;&quot;,&quot;caption&quot;:&quot;&quot;,&quot;created_timestamp&quot;:&quot;0&quot;,&quot;copyright&quot;:&quot;&quot;,&quot;focal_length&quot;:&quot;0&quot;,&quot;iso&quot;:&quot;0&quot;,&quot;shutter_speed&quot;:&quot;0&quot;,&quot;title&quot;:&quot;&quot;}\" data-image-title=\"castelloAragonese2\" data-image-description=\"\" data-image-caption=\"\" data-medium-file=\"https:\/\/www.ischia.campania.it\/wp-content\/uploads\/2013\/02\/castelloAragonese2-446x297.jpg\" data-large-file=\"https:\/\/www.ischia.campania.it\/wp-content\/uploads\/2013\/02\/castelloAragonese2.jpg\" loading=\"lazy\" class=\"alignnone wp-image-1048 size-full\" src=\"https:\/\/www.ischia.campania.it\/wp-content\/uploads\/2013\/02\/castelloAragonese2.jpg\" alt=\"castelloAragonese2\" width=\"750\" height=\"500\" srcset=\"https:\/\/www.ischia.campania.it\/wp-content\/uploads\/2013\/02\/castelloAragonese2.jpg 750w, https:\/\/www.ischia.campania.it\/wp-content\/uploads\/2013\/02\/castelloAragonese2-446x297.jpg 446w, https:\/\/www.ischia.campania.it\/wp-content\/uploads\/2013\/02\/castelloAragonese2-140x94.jpg 140w\" sizes=\"(max-width: 750px) 100vw, 750px\" \/><\/a><\/strong><br \/>\n<strong>Insieme alla Chiesa del Soccorso, il Castello Aragonese \u00e8 l\u2019altra cartolina simbolo dell\u2019isola d\u2019Ischia<\/strong>. L\u2019architettura richiama da vicino quella del Maschio Angioino di Napoli e la gran parte della sua fisionomia si deve all\u2019ingegno di Alfonso I d\u2019Aragona, il sovrano che tra il 1441 e il 1447 si incaric\u00f2 di fortificarne le mura e costruire l\u2019istmo che lega l\u2019isolotto tufaceo al &#8220;<em>borgo di Celsa<\/em>&#8220;, l\u2019antico nome di Ischia Ponte.<\/p>\n<p><strong>Nel periodo di massimo splendore della dinastia aragonese<\/strong> all\u2019interno delle mura vivevano quasi duemila nuclei familiari, mentre dalla fine del XVIII secolo, fino all\u2019unit\u00e0 d\u2019Italia, il Castello Aragonese fu convertito prima in colonia penale e poi in carcere speciale per i prigioneri politici del Risorgimento napoletano. Nei primi del \u2018900 il giovane Stato italiano ha alienato il bene a privati che hanno provveduto a negli anni a trasformarlo in una rinomata localit\u00e0 turistica, con turisti che vengono da tutto il mondo per ammirarne l\u2019imponente struttura e visitarlo dall\u2019interno.<\/p>\n<p><strong>Il Castello Aragonese \u00e8 aperto anche nel periodo invernale<\/strong>.<br \/>\n<strong>Il costo d\u2019ingresso<\/strong> \u00e8 di \u20ac10.00.<br \/>\n<strong>Tel.<\/strong>: 081. 991959<\/p>\n<p><strong><br \/>\nBARANO D\u2019ISCHIA<\/strong><\/p>\n<p style=\"text-align: left;\"><strong>Spiaggia dei Maronti<br \/>\n<a href=\"https:\/\/www.ischia.campania.it\/index.php\/ischia-cosa-vedere\/attachment\/maronti-2\/\" rel=\"attachment wp-att-1963\"><img data-attachment-id=\"1963\" data-permalink=\"https:\/\/www.ischia.campania.it\/index.php\/ischia-cosa-vedere\/maronti-2\/\" data-orig-file=\"https:\/\/www.ischia.campania.it\/wp-content\/uploads\/2013\/10\/maronti.jpg\" data-orig-size=\"800,533\" data-comments-opened=\"1\" data-image-meta=\"{&quot;aperture&quot;:&quot;0&quot;,&quot;credit&quot;:&quot;&quot;,&quot;camera&quot;:&quot;&quot;,&quot;caption&quot;:&quot;&quot;,&quot;created_timestamp&quot;:&quot;0&quot;,&quot;copyright&quot;:&quot;&quot;,&quot;focal_length&quot;:&quot;0&quot;,&quot;iso&quot;:&quot;0&quot;,&quot;shutter_speed&quot;:&quot;0&quot;,&quot;title&quot;:&quot;&quot;}\" data-image-title=\"maronti\" data-image-description=\"\" data-image-caption=\"\" data-medium-file=\"https:\/\/www.ischia.campania.it\/wp-content\/uploads\/2013\/10\/maronti-446x297.jpg\" data-large-file=\"https:\/\/www.ischia.campania.it\/wp-content\/uploads\/2013\/10\/maronti.jpg\" loading=\"lazy\" class=\"alignnone wp-image-1963 size-full\" src=\"https:\/\/www.ischia.campania.it\/wp-content\/uploads\/2013\/10\/maronti.jpg\" alt=\"maronti\" width=\"800\" height=\"533\" srcset=\"https:\/\/www.ischia.campania.it\/wp-content\/uploads\/2013\/10\/maronti.jpg 800w, https:\/\/www.ischia.campania.it\/wp-content\/uploads\/2013\/10\/maronti-446x297.jpg 446w, https:\/\/www.ischia.campania.it\/wp-content\/uploads\/2013\/10\/maronti-140x94.jpg 140w\" sizes=\"(max-width: 800px) 100vw, 800px\" \/><\/a><\/strong><br \/>\n<strong>I Maronti sono la spiaggia pi\u00f9 grande dell\u2019isola d\u2019Ischia<\/strong>. Quasi 3 km, lungo i quali si susseguono alberghi, bar, ristoranti e lidi privati con un giro d\u2019affari di tutto rispetto. Il turismo per\u00f2 non ha modificato del tutto la natura\u00a0 selvaggia dell\u2019arenile, come ben testimoniano la <a href=\"https:\/\/www.ischia.campania.it\/index.php\/cavascura-un-luogo-da-favola-sulla-spiaggia-dei-maronti\/\">sorgente di Cavascura<\/a> e le Fumarole, l&#8217;ultimo tratto di spiaggia che sconfina nel comune di Serrara Fontana, famoso perch\u00e8 l\u2019acqua termale che sgorga dal sottosuolo si mantiene a temperature altissime fin sul bagnasciuga.<\/p>\n<p style=\"text-align: left;\"><strong><br \/>\nFonte di Nitrodi<br \/>\n<a href=\"https:\/\/www.ischia.campania.it\/index.php\/barano-dischia-e-il-riscatto-turistico\/attachment\/fonte-nitrodi\/\" rel=\"attachment wp-att-614\"><img data-attachment-id=\"614\" data-permalink=\"https:\/\/www.ischia.campania.it\/index.php\/barano-dischia-e-il-riscatto-turistico\/fonte-nitrodi\/\" data-orig-file=\"https:\/\/www.ischia.campania.it\/wp-content\/uploads\/2013\/01\/fonte-nitrodi.jpg\" data-orig-size=\"434,293\" data-comments-opened=\"1\" data-image-meta=\"{&quot;aperture&quot;:&quot;0&quot;,&quot;credit&quot;:&quot;&quot;,&quot;camera&quot;:&quot;&quot;,&quot;caption&quot;:&quot;&quot;,&quot;created_timestamp&quot;:&quot;0&quot;,&quot;copyright&quot;:&quot;&quot;,&quot;focal_length&quot;:&quot;0&quot;,&quot;iso&quot;:&quot;0&quot;,&quot;shutter_speed&quot;:&quot;0&quot;,&quot;title&quot;:&quot;&quot;}\" data-image-title=\"fonte-nitrodi\" data-image-description=\"\" data-image-caption=\"\" data-medium-file=\"https:\/\/www.ischia.campania.it\/wp-content\/uploads\/2013\/01\/fonte-nitrodi.jpg\" data-large-file=\"https:\/\/www.ischia.campania.it\/wp-content\/uploads\/2013\/01\/fonte-nitrodi.jpg\" loading=\"lazy\" class=\"alignnone wp-image-614 size-full\" src=\"https:\/\/www.ischia.campania.it\/wp-content\/uploads\/2013\/01\/fonte-nitrodi.jpg\" alt=\"fonte-nitrodi\" width=\"434\" height=\"293\" srcset=\"https:\/\/www.ischia.campania.it\/wp-content\/uploads\/2013\/01\/fonte-nitrodi.jpg 434w, https:\/\/www.ischia.campania.it\/wp-content\/uploads\/2013\/01\/fonte-nitrodi-140x94.jpg 140w\" sizes=\"(max-width: 434px) 100vw, 434px\" \/><\/a><\/strong><br \/>\n<strong>Nel 2003, il Ministero della Salute ha riconosciuto con apposito decreto<\/strong> (num. 3509 del 09 ottobre 2003) le propriet\u00e0 curative di questa antichissima sorgente minerale ipotermale solfata, nota sin dall\u2019epoca classica, come testimoniano i bassorilievi di et\u00e0 romana trovati nei paraggi\u00a0 della sorgente nel 1759 e ancora oggi\u00a0 visibili nel Museo Nazionale di Napoli.<\/p>\n<p><strong>Oggi la Fonte delle ninfe Nitrodi \u00e8 uno stabilimento attrezzato<\/strong> con solarium, spogliatoi, docce e fontane a disposizione di quanti vogliono passare una giornata diversa sull\u2019isola d\u2019Ischia e, soprattutto, di chi ha necessit\u00e0 di curare malattie assai insidiose come ulcere varicose, piaghe da decubito, psoriasi e alopecia.<\/p>\n<p><strong>Lo stabilimento Fonte delle Ninfe Nitrodi<\/strong> si trova nella frazione di Buonopane ed \u00e8 aperto da aprile a novembre. Rispetta i seguenti orari d\u2019apertura:<\/p>\n<p>09.00\/18.30 (aprile)<br \/>\n09.00\/19.30 (maggio, giugno, luglio e agosto)<br \/>\n09.00\/19.00 (settembre)<br \/>\n09.00\/18.00 (ottobre)<br \/>\n09.00\/17.00 (novembre)<\/p>\n<p><strong>Queste le tariffe<\/strong>:<br \/>\nAPRILE \u2013 MAGGIO \u2013 GIUGNO \u2013 SETTEMBRE \u2013 OTTOBRE<br \/>\nIngresso ordinario + guida* (4 lingue: ita\/ing\/ted\/rus) \u20ac 12,00<br \/>\nIngresso pomeridiano (dalle 16.30) + guida* (4 lingue: ita\/ing\/ted\/rus) \u20ac 9,00<br \/>\nIngresso residenti Isola d\u2019Ischia \u20ac 8,00<br \/>\nIngresso ridotto bambini (da 3 a 12 anni) \u20ac 6,00.<\/p>\n<p><strong><br \/>\nSERRARA FONTANA<\/strong><\/p>\n<p style=\"text-align: left;\"><strong>Monte Epomeo<br \/>\n<a href=\"https:\/\/www.ischia.campania.it\/index.php\/epomeo-in-sella-a-dorso-di-cavallo-sulla-vetta-del-gigante-buono-dellisola-dischia\/attachment\/100_1473\/\" rel=\"attachment wp-att-1805\"><img data-attachment-id=\"1805\" data-permalink=\"https:\/\/www.ischia.campania.it\/index.php\/epomeo-in-sella-a-dorso-di-cavallo-sulla-vetta-del-gigante-buono-dellisola-dischia\/100_1473\/\" data-orig-file=\"https:\/\/www.ischia.campania.it\/wp-content\/uploads\/2013\/10\/100_1473.jpg\" data-orig-size=\"800,600\" data-comments-opened=\"1\" data-image-meta=\"{&quot;aperture&quot;:&quot;0&quot;,&quot;credit&quot;:&quot;&quot;,&quot;camera&quot;:&quot;&quot;,&quot;caption&quot;:&quot;&quot;,&quot;created_timestamp&quot;:&quot;0&quot;,&quot;copyright&quot;:&quot;&quot;,&quot;focal_length&quot;:&quot;0&quot;,&quot;iso&quot;:&quot;0&quot;,&quot;shutter_speed&quot;:&quot;0&quot;,&quot;title&quot;:&quot;&quot;}\" data-image-title=\"100_1473\" data-image-description=\"\" data-image-caption=\"\" data-medium-file=\"https:\/\/www.ischia.campania.it\/wp-content\/uploads\/2013\/10\/100_1473-446x334.jpg\" data-large-file=\"https:\/\/www.ischia.campania.it\/wp-content\/uploads\/2013\/10\/100_1473.jpg\" loading=\"lazy\" class=\"alignnone wp-image-1805 size-full\" src=\"https:\/\/www.ischia.campania.it\/wp-content\/uploads\/2013\/10\/100_1473.jpg\" alt=\"100_1473\" width=\"800\" height=\"600\" srcset=\"https:\/\/www.ischia.campania.it\/wp-content\/uploads\/2013\/10\/100_1473.jpg 800w, https:\/\/www.ischia.campania.it\/wp-content\/uploads\/2013\/10\/100_1473-446x334.jpg 446w\" sizes=\"(max-width: 800px) 100vw, 800px\" \/><\/a><\/strong><br \/>\n<strong>Diversamente da\u00a0 quanto credono in molti, il Monte Epomeo non \u00e8 un vulcano<\/strong> ma una struttura vulcano-tettonica generata circa 55.000 anni fa da una forte eruzione di tipo esplosivo, nota appunto come eruzione del tufo verde del Monte Epomeo.<\/p>\n<p><strong>Quanto al nome, con tutta probabilit\u00e0 deriva dalla traslazione<\/strong> \u2013 dal greco, al latino, fino all\u2019italiano \u2013 del verbo \u1f14\u03c0\u03b5\u03b9\u03bc\u03b9 [epeimi] che significa letteralmente &#8220;<em>sovrastare<\/em>&#8220;. Ed effettivamente con i suoi 789 metri sul livello del mare il Monte Epomeo sovrasta benevolo l\u2019isola Ischia.<\/p>\n<p><strong>Raggiungere la vetta non \u00e8 difficile<\/strong>. Basta imboccare Via Epomeo, poco distante da Piazza IV Novembre a Fontana e in 35\/40 minuti si arriva fin su la cima, dove c\u2019\u00e8 l\u2019antico eremo di San Nicola. Oppure da Via Nuova Falanga, poco distante dal cimitero comunale, seguendo le indicazioni per il<a href=\"https:\/\/www.ischia.campania.it\/index.php\/i-sentieri-di-serrara-fontana-la-pietra-dellacqua\/\"> sentiero della Pietra dell\u2019Acqua<\/a>.<\/p>\n<p><strong>Il panorama \u00e8 mozzafiato<\/strong>, con una prospettiva che abbraccia la penisola Sorrentina, Capri, le isole Pontine, il Promontorio del Circeo e, naturalmente, l\u2019intero periplo dell\u2019isola d\u2019Ischia.<\/p>\n<p style=\"text-align: left;\"><strong><br \/>\nBelvedere di Serrara Fontana<\/strong><br \/>\n<a href=\"https:\/\/www.ischia.campania.it\/index.php\/ischia-cosa-vedere\/attachment\/100_2640\/\" rel=\"attachment wp-att-2433\"><img data-attachment-id=\"2433\" data-permalink=\"https:\/\/www.ischia.campania.it\/index.php\/ischia-cosa-vedere\/100_2640\/\" data-orig-file=\"https:\/\/www.ischia.campania.it\/wp-content\/uploads\/2014\/01\/100_2640.jpg\" data-orig-size=\"750,563\" data-comments-opened=\"1\" data-image-meta=\"{&quot;aperture&quot;:&quot;0&quot;,&quot;credit&quot;:&quot;&quot;,&quot;camera&quot;:&quot;&quot;,&quot;caption&quot;:&quot;&quot;,&quot;created_timestamp&quot;:&quot;0&quot;,&quot;copyright&quot;:&quot;&quot;,&quot;focal_length&quot;:&quot;0&quot;,&quot;iso&quot;:&quot;0&quot;,&quot;shutter_speed&quot;:&quot;0&quot;,&quot;title&quot;:&quot;&quot;}\" data-image-title=\"100_2640\" data-image-description=\"\" data-image-caption=\"\" data-medium-file=\"https:\/\/www.ischia.campania.it\/wp-content\/uploads\/2014\/01\/100_2640-446x334.jpg\" data-large-file=\"https:\/\/www.ischia.campania.it\/wp-content\/uploads\/2014\/01\/100_2640.jpg\" loading=\"lazy\" class=\"alignnone wp-image-2433 size-full\" src=\"https:\/\/www.ischia.campania.it\/wp-content\/uploads\/2014\/01\/100_2640.jpg\" alt=\"100_2640\" width=\"750\" height=\"563\" srcset=\"https:\/\/www.ischia.campania.it\/wp-content\/uploads\/2014\/01\/100_2640.jpg 750w, https:\/\/www.ischia.campania.it\/wp-content\/uploads\/2014\/01\/100_2640-446x334.jpg 446w\" sizes=\"(max-width: 750px) 100vw, 750px\" \/><\/a><br \/>\n<strong>Il Belvedere di Serrara \u00e8 uno dei posti pi\u00f9 panoramici di Ischia<\/strong>, con la vista, senza soluzione di continuit\u00e0, dell\u2019intera costa sud-occidentale dell\u2019isola, dalla collina di Punta Imperatore, dove c\u2019\u00e8 uno dei fari pi\u00f9 importanti di tutto il Mediterraneo, fino alla Torre di Sant\u2019Angelo, l\u2019estrema punta meridionale dell\u2019isola, proprio davanti la piazzetta dell\u2019omonimo borgo. Sullo sfondo, ben visibili nelle giornate serene, l\u2019isola di Capri e la penisola sorrentina.<\/p>\n<p>&nbsp;<\/p>\n<p><strong>Sant\u2019Angelo<\/strong><br \/>\n<a href=\"https:\/\/www.ischia.campania.it\/index.php\/ischia-cosa-vedere\/attachment\/ant_0147\/\" rel=\"attachment wp-att-2426\"><img data-attachment-id=\"2426\" data-permalink=\"https:\/\/www.ischia.campania.it\/index.php\/ischia-cosa-vedere\/ant_0147\/\" data-orig-file=\"https:\/\/www.ischia.campania.it\/wp-content\/uploads\/2014\/01\/ANT_0147.jpg\" data-orig-size=\"750,500\" data-comments-opened=\"1\" data-image-meta=\"{&quot;aperture&quot;:&quot;0&quot;,&quot;credit&quot;:&quot;&quot;,&quot;camera&quot;:&quot;&quot;,&quot;caption&quot;:&quot;&quot;,&quot;created_timestamp&quot;:&quot;0&quot;,&quot;copyright&quot;:&quot;&quot;,&quot;focal_length&quot;:&quot;0&quot;,&quot;iso&quot;:&quot;0&quot;,&quot;shutter_speed&quot;:&quot;0&quot;,&quot;title&quot;:&quot;&quot;}\" data-image-title=\"ANT_0147\" data-image-description=\"\" data-image-caption=\"\" data-medium-file=\"https:\/\/www.ischia.campania.it\/wp-content\/uploads\/2014\/01\/ANT_0147-446x297.jpg\" data-large-file=\"https:\/\/www.ischia.campania.it\/wp-content\/uploads\/2014\/01\/ANT_0147.jpg\" loading=\"lazy\" class=\"alignnone wp-image-2426 size-full\" src=\"https:\/\/www.ischia.campania.it\/wp-content\/uploads\/2014\/01\/ANT_0147.jpg\" alt=\"ANT_0147\" width=\"750\" height=\"500\" srcset=\"https:\/\/www.ischia.campania.it\/wp-content\/uploads\/2014\/01\/ANT_0147.jpg 750w, https:\/\/www.ischia.campania.it\/wp-content\/uploads\/2014\/01\/ANT_0147-446x297.jpg 446w, https:\/\/www.ischia.campania.it\/wp-content\/uploads\/2014\/01\/ANT_0147-140x94.jpg 140w\" sizes=\"(max-width: 750px) 100vw, 750px\" \/><\/a><br \/>\n<strong>La &#8220;<em>piccola Capri<\/em>&#8221; dell\u2019isola d\u2019Ischia<\/strong>. Un borgo interamente pedonale, al termine di una strada che poco o nulla lascia intuire della straordinaria bellezza che improvvisa compare davanti.<\/p>\n<p><strong>Sant\u2019Angelo \u00e8 idealmente divisa in due<\/strong>: nella parte alta i caratteristici vicoli, la Chiesa di San Michele Arcangelo, il cimitero e gli alberghi. Gi\u00f9, in piazzetta, bar, ristoranti, negozi, il porticciolo turistico e la \u201cTorre\u201d, l\u2019isolotto tufaceo collegato alla terraferma da un piccolo istmo in pietra. Ai due lati del Ponte, come solo in qualche isola del Peloponneso, due lingue di spiaggia.<\/p>\n<p><strong>E, dopo questa rassegna, nemmeno esaustiva, non ci sono pi\u00f9 scuse<\/strong>. Nessuno potr\u00e0 dire&#8230; &#8220;<em>non lo sapevo<\/em>&#8220;!!!<\/p>\n","protected":false},"excerpt":{"rendered":"<p>Ischia non \u00e8 di quelle isole che si conoscono in un giorno, con una piazzetta, un bar, il ristorante, la spiaggia e&#8230; basta. Perci\u00f2, \u00e8 bene organizzarsi per tempo e seguire qualche consiglio sulle cose da fare a Ischia in tre giorni o, se la vostra vacanza \u00e8 pi\u00f9 lunga, sulle cose da fare a [&hellip;]<\/p>\n","protected":false},"author":2,"featured_media":1805,"comment_status":"open","ping_status":"open","sticky":false,"template":"","format":"standard","meta":{"_et_pb_use_builder":"","_et_pb_old_content":"","_et_gb_content_width":"","_monsterinsights_skip_tracking":false,"_monsterinsights_sitenote_active":false,"_monsterinsights_sitenote_note":"","_monsterinsights_sitenote_category":0,"spay_email":""},"categories":[21,1],"tags":[],"jetpack_featured_media_url":"https:\/\/www.ischia.campania.it\/wp-content\/uploads\/2013\/10\/100_1473.jpg","jetpack_shortlink":"https:\/\/wp.me\/p3yuov-Dw","jetpack_sharing_enabled":true,"_links":{"self":[{"href":"https:\/\/www.ischia.campania.it\/index.php\/wp-json\/wp\/v2\/posts\/2450"}],"collection":[{"href":"https:\/\/www.ischia.campania.it\/index.php\/wp-json\/wp\/v2\/posts"}],"about":[{"href":"https:\/\/www.ischia.campania.it\/index.php\/wp-json\/wp\/v2\/types\/post"}],"author":[{"embeddable":true,"href":"https:\/\/www.ischia.campania.it\/index.php\/wp-json\/wp\/v2\/users\/2"}],"replies":[{"embeddable":true,"href":"https:\/\/www.ischia.campania.it\/index.php\/wp-json\/wp\/v2\/comments?post=2450"}],"version-history":[{"count":22,"href":"https:\/\/www.ischia.campania.it\/index.php\/wp-json\/wp\/v2\/posts\/2450\/revisions"}],"predecessor-version":[{"id":4857,"href":"https:\/\/www.ischia.campania.it\/index.php\/wp-json\/wp\/v2\/posts\/2450\/revisions\/4857"}],"wp:featuredmedia":[{"embeddable":true,"href":"https:\/\/www.ischia.campania.it\/index.php\/wp-json\/wp\/v2\/media\/1805"}],"wp:attachment":[{"href":"https:\/\/www.ischia.campania.it\/index.php\/wp-json\/wp\/v2\/media?parent=2450"}],"wp:term":[{"taxonomy":"category","embeddable":true,"href":"https:\/\/www.ischia.campania.it\/index.php\/wp-json\/wp\/v2\/categories?post=2450"},{"taxonomy":"post_tag","embeddable":true,"href":"https:\/\/www.ischia.campania.it\/index.php\/wp-json\/wp\/v2\/tags?post=2450"}],"curies":[{"name":"wp","href":"https:\/\/api.w.org\/{rel}","templated":true}]}}