{"id":2872,"date":"2014-03-18T16:40:55","date_gmt":"2014-03-18T16:40:55","guid":{"rendered":"https:\/\/www.ischia.campania.it\/?page_id=2872"},"modified":"2015-04-14T12:20:31","modified_gmt":"2015-04-14T10:20:31","slug":"il-realismo-visionario-di-gabriele-mattera-lartista-del-castello-aragonese","status":"publish","type":"post","link":"https:\/\/www.ischia.campania.it\/index.php\/il-realismo-visionario-di-gabriele-mattera-lartista-del-castello-aragonese\/","title":{"rendered":"Il realismo visionario di Gabriele Mattera, l&#8217;artista del Castello Aragonese"},"content":{"rendered":"<div id=\"itiner-social\" style=\"padding: 5px 0; float:left; width:100%;\"><a href=\"https:\/\/twitter.com\/share\" class=\"twitter-share-button\" data-url=\"http:\/\/www.ischia.campania.it\/index.php\/il-realismo-visionario-di-gabriele-mattera-lartista-del-castello-aragonese\/\" data-text=\"ItinerSocial\" data-count=\"horizontal\" data-via=\"ItinerSocial\" style=\"flaot:left;margin: 0 10px\"><\/a><div class=\"fb-like\" data-href=\"http:\/\/www.ischia.campania.it\/index.php\/il-realismo-visionario-di-gabriele-mattera-lartista-del-castello-aragonese\/\" data-layout=\"button_count\" data-send=\"false\" data-show-faces=\"false\" data-width=\"90\" style=\"flaot:left;margin: 0 10px\"><\/div><div class=\"g-plusone\" data-annotation=\"inline\" data-href=\"http:\/\/www.ischia.campania.it\/index.php\/il-realismo-visionario-di-gabriele-mattera-lartista-del-castello-aragonese\/\" data-size=\"medium\" data-width=\"120\" style=\"flaot:left;margin: 0 10px\"><\/div><\/div><p><strong>La pittura di Gabriele Mattera (1929-2005)<\/strong> ha sempre avuto una precisa e riconoscibile tensione ideale: svelare ci\u00f2 che &#8220;<em>sta dietro<\/em>&#8221; l&#8217;apparenza delle cose. La malinconia, addirittura pi\u00f9 forte dello stupore per la &#8220;<em>generosa<\/em>&#8221; natura ischitana, \u00e8 il sentimento che maggiormente ha ispirato questo pittore autodidatta, nato e vissuto tutta la vita sul <a href=\"https:\/\/www.ischia.campania.it\/index.php\/il-castello-aragonese\/\">Castello Aragonese<\/a>.<\/p>\n<p><strong>Poco pi\u00f9 che ventenne inaugura il ciclo de &#8220;I pescatori&#8221;<\/strong>. Per anni sono le figure su cui focalizza la personale ricerca artistica, facilitato sicuramente dal fatto di conoscerne bene fatiche e insicurezze. Con loro Mattera divide gli spazi e la quotidianit\u00e0 di <a href=\"https:\/\/www.ischia.campania.it\/index.php\/la-magia-del-borgo-di-ischia-ponte\/\">Ischia Ponte<\/a>, con il privilegio per\u00f2 di poterne osservare dall\u2019alto gesti e movenze che poi riesce a trasferire magistralmente su tela. Il ciclo, inoltre, attraversa la transizione tra la fine della seconda guerra mondiale e l\u2019inizio dell&#8217;economia turistica che, per radicarsi, ha bisogno di ancorare nell&#8217;immaginario collettivo quei miti \u201c<em>solari<\/em>\u201d della mediterraneit\u00e0 che Mattera,\u00a0al contrario, si incarica di smascherare.<\/p>\n<p><strong>Il tempo perci\u00f2 che il turismo &#8220;<em>metta radici<\/em>&#8220;e i pescatori scompaiono <\/strong>insieme alla realt\u00e0 sociale che li aveva prodotti. Comincia il ciclo de \u201cLe Bagnanti\u201d. Secondo la definizione dello storico crociano Raffaello Franchini, \u201c<em>femmine desessualizzate<\/em>\u201d che Gabriele Mattera osserva muoversi in spiaggia e sugli scogli trascinando il peso di vite noiose, sempre uguali, soffocate ancor di pi\u00f9 dall\u2019afa estiva che impedisce alla luce del sole e del mare di espandersi.<\/p>\n\n\t\t<style type=\"text\/css\">\n\t\t\t#gallery-1 {\n\t\t\t\tmargin: auto;\n\t\t\t}\n\t\t\t#gallery-1 .gallery-item {\n\t\t\t\tfloat: left;\n\t\t\t\tmargin-top: 10px;\n\t\t\t\ttext-align: center;\n\t\t\t\twidth: 33%;\n\t\t\t}\n\t\t\t#gallery-1 img {\n\t\t\t\tborder: 2px solid #cfcfcf;\n\t\t\t}\n\t\t\t#gallery-1 .gallery-caption {\n\t\t\t\tmargin-left: 0;\n\t\t\t}\n\t\t\t\/* see gallery_shortcode() in wp-includes\/media.php *\/\n\t\t<\/style>\n\t\t<div data-carousel-extra='{\"blog_id\":1,\"permalink\":\"https:\\\/\\\/www.ischia.campania.it\\\/index.php\\\/il-realismo-visionario-di-gabriele-mattera-lartista-del-castello-aragonese\\\/\"}' id='gallery-1' class='gallery galleryid-2872 gallery-columns-3 gallery-size-thumbnail'><dl class='gallery-item'>\n\t\t\t<dt class='gallery-icon portrait'>\n\t\t\t\t<a href='https:\/\/www.ischia.campania.it\/wp-content\/uploads\/2014\/03\/2.jpg'><img width=\"150\" height=\"150\" src=\"https:\/\/www.ischia.campania.it\/wp-content\/uploads\/2014\/03\/2-150x150.jpg\" class=\"attachment-thumbnail size-thumbnail\" alt=\"\" loading=\"lazy\" srcset=\"https:\/\/www.ischia.campania.it\/wp-content\/uploads\/2014\/03\/2-150x150.jpg 150w, https:\/\/www.ischia.campania.it\/wp-content\/uploads\/2014\/03\/2-130x130.jpg 130w, https:\/\/www.ischia.campania.it\/wp-content\/uploads\/2014\/03\/2-67x67.jpg 67w, https:\/\/www.ischia.campania.it\/wp-content\/uploads\/2014\/03\/2-40x40.jpg 40w, https:\/\/www.ischia.campania.it\/wp-content\/uploads\/2014\/03\/2-184x184.jpg 184w\" sizes=\"(max-width: 150px) 100vw, 150px\" data-attachment-id=\"2865\" data-permalink=\"https:\/\/www.ischia.campania.it\/2-4\/\" data-orig-file=\"https:\/\/www.ischia.campania.it\/wp-content\/uploads\/2014\/03\/2.jpg\" data-orig-size=\"539,800\" data-comments-opened=\"1\" data-image-meta=\"{&quot;aperture&quot;:&quot;7.1&quot;,&quot;credit&quot;:&quot;&quot;,&quot;camera&quot;:&quot;Canon EOS 70D&quot;,&quot;caption&quot;:&quot;&quot;,&quot;created_timestamp&quot;:&quot;1395144665&quot;,&quot;copyright&quot;:&quot;&quot;,&quot;focal_length&quot;:&quot;40&quot;,&quot;iso&quot;:&quot;500&quot;,&quot;shutter_speed&quot;:&quot;0.0125&quot;,&quot;title&quot;:&quot;&quot;}\" data-image-title=\"2\" data-image-description=\"\" data-image-caption=\"\" data-medium-file=\"https:\/\/www.ischia.campania.it\/wp-content\/uploads\/2014\/03\/2-446x661.jpg\" data-large-file=\"https:\/\/www.ischia.campania.it\/wp-content\/uploads\/2014\/03\/2.jpg\" \/><\/a>\n\t\t\t<\/dt><\/dl><dl class='gallery-item'>\n\t\t\t<dt class='gallery-icon landscape'>\n\t\t\t\t<a href='https:\/\/www.ischia.campania.it\/wp-content\/uploads\/2014\/03\/3.jpg'><img width=\"150\" height=\"150\" src=\"https:\/\/www.ischia.campania.it\/wp-content\/uploads\/2014\/03\/3-150x150.jpg\" class=\"attachment-thumbnail size-thumbnail\" alt=\"\" loading=\"lazy\" srcset=\"https:\/\/www.ischia.campania.it\/wp-content\/uploads\/2014\/03\/3-150x150.jpg 150w, https:\/\/www.ischia.campania.it\/wp-content\/uploads\/2014\/03\/3-130x130.jpg 130w, https:\/\/www.ischia.campania.it\/wp-content\/uploads\/2014\/03\/3-67x67.jpg 67w, https:\/\/www.ischia.campania.it\/wp-content\/uploads\/2014\/03\/3-40x40.jpg 40w, https:\/\/www.ischia.campania.it\/wp-content\/uploads\/2014\/03\/3-184x184.jpg 184w\" sizes=\"(max-width: 150px) 100vw, 150px\" data-attachment-id=\"2866\" data-permalink=\"https:\/\/www.ischia.campania.it\/3-4\/\" data-orig-file=\"https:\/\/www.ischia.campania.it\/wp-content\/uploads\/2014\/03\/3.jpg\" data-orig-size=\"800,605\" data-comments-opened=\"1\" data-image-meta=\"{&quot;aperture&quot;:&quot;7.1&quot;,&quot;credit&quot;:&quot;&quot;,&quot;camera&quot;:&quot;Canon EOS 70D&quot;,&quot;caption&quot;:&quot;&quot;,&quot;created_timestamp&quot;:&quot;1395144665&quot;,&quot;copyright&quot;:&quot;&quot;,&quot;focal_length&quot;:&quot;40&quot;,&quot;iso&quot;:&quot;500&quot;,&quot;shutter_speed&quot;:&quot;0.0125&quot;,&quot;title&quot;:&quot;&quot;}\" data-image-title=\"3\" data-image-description=\"\" data-image-caption=\"\" data-medium-file=\"https:\/\/www.ischia.campania.it\/wp-content\/uploads\/2014\/03\/3-446x337.jpg\" data-large-file=\"https:\/\/www.ischia.campania.it\/wp-content\/uploads\/2014\/03\/3.jpg\" \/><\/a>\n\t\t\t<\/dt><\/dl><dl class='gallery-item'>\n\t\t\t<dt class='gallery-icon portrait'>\n\t\t\t\t<a href='https:\/\/www.ischia.campania.it\/wp-content\/uploads\/2014\/03\/5.jpg'><img width=\"150\" height=\"150\" src=\"https:\/\/www.ischia.campania.it\/wp-content\/uploads\/2014\/03\/5-150x150.jpg\" class=\"attachment-thumbnail size-thumbnail\" alt=\"\" loading=\"lazy\" srcset=\"https:\/\/www.ischia.campania.it\/wp-content\/uploads\/2014\/03\/5-150x150.jpg 150w, https:\/\/www.ischia.campania.it\/wp-content\/uploads\/2014\/03\/5-130x130.jpg 130w, https:\/\/www.ischia.campania.it\/wp-content\/uploads\/2014\/03\/5-67x67.jpg 67w, https:\/\/www.ischia.campania.it\/wp-content\/uploads\/2014\/03\/5-40x40.jpg 40w, https:\/\/www.ischia.campania.it\/wp-content\/uploads\/2014\/03\/5-184x184.jpg 184w\" sizes=\"(max-width: 150px) 100vw, 150px\" data-attachment-id=\"2867\" data-permalink=\"https:\/\/www.ischia.campania.it\/5-4\/\" data-orig-file=\"https:\/\/www.ischia.campania.it\/wp-content\/uploads\/2014\/03\/5.jpg\" data-orig-size=\"520,800\" data-comments-opened=\"1\" data-image-meta=\"{&quot;aperture&quot;:&quot;7.1&quot;,&quot;credit&quot;:&quot;&quot;,&quot;camera&quot;:&quot;Canon EOS 70D&quot;,&quot;caption&quot;:&quot;&quot;,&quot;created_timestamp&quot;:&quot;1395144665&quot;,&quot;copyright&quot;:&quot;&quot;,&quot;focal_length&quot;:&quot;40&quot;,&quot;iso&quot;:&quot;500&quot;,&quot;shutter_speed&quot;:&quot;0.0125&quot;,&quot;title&quot;:&quot;&quot;}\" data-image-title=\"5\" data-image-description=\"\" data-image-caption=\"\" data-medium-file=\"https:\/\/www.ischia.campania.it\/wp-content\/uploads\/2014\/03\/5-446x686.jpg\" data-large-file=\"https:\/\/www.ischia.campania.it\/wp-content\/uploads\/2014\/03\/5.jpg\" \/><\/a>\n\t\t\t<\/dt><\/dl><br style=\"clear: both\" \/><dl class='gallery-item'>\n\t\t\t<dt class='gallery-icon landscape'>\n\t\t\t\t<a href='https:\/\/www.ischia.campania.it\/wp-content\/uploads\/2014\/03\/IMG_6024.jpg'><img width=\"150\" height=\"150\" src=\"https:\/\/www.ischia.campania.it\/wp-content\/uploads\/2014\/03\/IMG_6024-150x150.jpg\" class=\"attachment-thumbnail size-thumbnail\" alt=\"\" loading=\"lazy\" srcset=\"https:\/\/www.ischia.campania.it\/wp-content\/uploads\/2014\/03\/IMG_6024-150x150.jpg 150w, https:\/\/www.ischia.campania.it\/wp-content\/uploads\/2014\/03\/IMG_6024-130x130.jpg 130w, https:\/\/www.ischia.campania.it\/wp-content\/uploads\/2014\/03\/IMG_6024-67x67.jpg 67w, https:\/\/www.ischia.campania.it\/wp-content\/uploads\/2014\/03\/IMG_6024-40x40.jpg 40w, https:\/\/www.ischia.campania.it\/wp-content\/uploads\/2014\/03\/IMG_6024-184x184.jpg 184w\" sizes=\"(max-width: 150px) 100vw, 150px\" data-attachment-id=\"2869\" data-permalink=\"https:\/\/www.ischia.campania.it\/index.php\/artecinema-a-ischia-la-creativita-e-nellaria\/img_6024\/\" data-orig-file=\"https:\/\/www.ischia.campania.it\/wp-content\/uploads\/2014\/03\/IMG_6024.jpg\" data-orig-size=\"800,645\" data-comments-opened=\"1\" data-image-meta=\"{&quot;aperture&quot;:&quot;7.1&quot;,&quot;credit&quot;:&quot;&quot;,&quot;camera&quot;:&quot;Canon EOS 70D&quot;,&quot;caption&quot;:&quot;&quot;,&quot;created_timestamp&quot;:&quot;1395144665&quot;,&quot;copyright&quot;:&quot;&quot;,&quot;focal_length&quot;:&quot;40&quot;,&quot;iso&quot;:&quot;500&quot;,&quot;shutter_speed&quot;:&quot;0.0125&quot;,&quot;title&quot;:&quot;&quot;}\" data-image-title=\"IMG_6024\" data-image-description=\"\" data-image-caption=\"\" data-medium-file=\"https:\/\/www.ischia.campania.it\/wp-content\/uploads\/2014\/03\/IMG_6024-446x359.jpg\" data-large-file=\"https:\/\/www.ischia.campania.it\/wp-content\/uploads\/2014\/03\/IMG_6024.jpg\" \/><\/a>\n\t\t\t<\/dt><\/dl><dl class='gallery-item'>\n\t\t\t<dt class='gallery-icon portrait'>\n\t\t\t\t<a href='https:\/\/www.ischia.campania.it\/wp-content\/uploads\/2014\/03\/TKimg447b0bee97145.jpg'><img width=\"150\" height=\"150\" src=\"https:\/\/www.ischia.campania.it\/wp-content\/uploads\/2014\/03\/TKimg447b0bee97145-150x150.jpg\" class=\"attachment-thumbnail size-thumbnail\" alt=\"\" loading=\"lazy\" srcset=\"https:\/\/www.ischia.campania.it\/wp-content\/uploads\/2014\/03\/TKimg447b0bee97145-150x150.jpg 150w, https:\/\/www.ischia.campania.it\/wp-content\/uploads\/2014\/03\/TKimg447b0bee97145-130x130.jpg 130w, https:\/\/www.ischia.campania.it\/wp-content\/uploads\/2014\/03\/TKimg447b0bee97145-67x67.jpg 67w, https:\/\/www.ischia.campania.it\/wp-content\/uploads\/2014\/03\/TKimg447b0bee97145-40x40.jpg 40w, https:\/\/www.ischia.campania.it\/wp-content\/uploads\/2014\/03\/TKimg447b0bee97145-184x184.jpg 184w\" sizes=\"(max-width: 150px) 100vw, 150px\" data-attachment-id=\"2870\" data-permalink=\"https:\/\/www.ischia.campania.it\/tkimg447b0bee97145\/\" data-orig-file=\"https:\/\/www.ischia.campania.it\/wp-content\/uploads\/2014\/03\/TKimg447b0bee97145.jpg\" data-orig-size=\"456,500\" data-comments-opened=\"1\" data-image-meta=\"{&quot;aperture&quot;:&quot;0&quot;,&quot;credit&quot;:&quot;&quot;,&quot;camera&quot;:&quot;&quot;,&quot;caption&quot;:&quot;&quot;,&quot;created_timestamp&quot;:&quot;0&quot;,&quot;copyright&quot;:&quot;&quot;,&quot;focal_length&quot;:&quot;0&quot;,&quot;iso&quot;:&quot;0&quot;,&quot;shutter_speed&quot;:&quot;0&quot;,&quot;title&quot;:&quot;&quot;}\" data-image-title=\"TKimg447b0bee97145\" data-image-description=\"\" data-image-caption=\"\" data-medium-file=\"https:\/\/www.ischia.campania.it\/wp-content\/uploads\/2014\/03\/TKimg447b0bee97145-446x489.jpg\" data-large-file=\"https:\/\/www.ischia.campania.it\/wp-content\/uploads\/2014\/03\/TKimg447b0bee97145.jpg\" \/><\/a>\n\t\t\t<\/dt><\/dl><dl class='gallery-item'>\n\t\t\t<dt class='gallery-icon portrait'>\n\t\t\t\t<a href='https:\/\/www.ischia.campania.it\/wp-content\/uploads\/2014\/03\/TKimg45587c6b923ba.jpg'><img width=\"150\" height=\"150\" src=\"https:\/\/www.ischia.campania.it\/wp-content\/uploads\/2014\/03\/TKimg45587c6b923ba-150x150.jpg\" class=\"attachment-thumbnail size-thumbnail\" alt=\"\" loading=\"lazy\" srcset=\"https:\/\/www.ischia.campania.it\/wp-content\/uploads\/2014\/03\/TKimg45587c6b923ba-150x150.jpg 150w, https:\/\/www.ischia.campania.it\/wp-content\/uploads\/2014\/03\/TKimg45587c6b923ba-446x450.jpg 446w, https:\/\/www.ischia.campania.it\/wp-content\/uploads\/2014\/03\/TKimg45587c6b923ba-130x130.jpg 130w, https:\/\/www.ischia.campania.it\/wp-content\/uploads\/2014\/03\/TKimg45587c6b923ba-67x67.jpg 67w, https:\/\/www.ischia.campania.it\/wp-content\/uploads\/2014\/03\/TKimg45587c6b923ba-40x40.jpg 40w, https:\/\/www.ischia.campania.it\/wp-content\/uploads\/2014\/03\/TKimg45587c6b923ba-184x184.jpg 184w\" sizes=\"(max-width: 150px) 100vw, 150px\" data-attachment-id=\"2871\" data-permalink=\"https:\/\/www.ischia.campania.it\/tkimg45587c6b923ba\/\" data-orig-file=\"https:\/\/www.ischia.campania.it\/wp-content\/uploads\/2014\/03\/TKimg45587c6b923ba.jpg\" data-orig-size=\"495,500\" data-comments-opened=\"1\" data-image-meta=\"{&quot;aperture&quot;:&quot;0&quot;,&quot;credit&quot;:&quot;&quot;,&quot;camera&quot;:&quot;&quot;,&quot;caption&quot;:&quot;&quot;,&quot;created_timestamp&quot;:&quot;0&quot;,&quot;copyright&quot;:&quot;&quot;,&quot;focal_length&quot;:&quot;0&quot;,&quot;iso&quot;:&quot;0&quot;,&quot;shutter_speed&quot;:&quot;0&quot;,&quot;title&quot;:&quot;&quot;}\" data-image-title=\"TKimg45587c6b923ba\" data-image-description=\"\" data-image-caption=\"\" data-medium-file=\"https:\/\/www.ischia.campania.it\/wp-content\/uploads\/2014\/03\/TKimg45587c6b923ba-446x450.jpg\" data-large-file=\"https:\/\/www.ischia.campania.it\/wp-content\/uploads\/2014\/03\/TKimg45587c6b923ba.jpg\" \/><\/a>\n\t\t\t<\/dt><\/dl><br style=\"clear: both\" \/>\n\t\t<\/div>\n\n<p><strong>Il giornalista e critico d\u2019arte Paolo Ricci<\/strong>, nel ciclo de \u201cLe Bagnanti\u201d colse invece una serrata denuncia della civilt\u00e0 dei consumi. Secondo il critico d\u2019arte napoletano, Mattera attribuirebbe al consumismo &#8211; in particolare al turismo, che ne \u00e8 una delle forme pi\u00f9 sofisticate -, la responsabilit\u00e0 di una diffusa infelicit\u00e0, non appagata evidentemente nemmeno dal contatto con la natura e i colori dell&#8217;isola d&#8217;Ischia.<\/p>\n<p><strong>Di qui le definizioni di realismo &#8220;<em>lirico<\/em>&#8220;, &#8220;<em>magico<\/em>&#8220;, &#8220;<em>pessimistico<\/em>&#8220;<\/strong>, con cui di volta in volta la critica ha descritto la poetica del pittore del Castello Aragonese, la cui arte per\u00f2 con la maturit\u00e0 divenne pi\u00f9 &#8220;<em>visionaria<\/em>&#8220;, maggiormente incline alla sperimentazione cromatica a dispetto dell\u2019essenzialit\u00e0 delle forme che fin l\u00ec ne aveva contraddistinto lo stile.<\/p>\n<p><strong>Nascono i successivi capitoli della pittura di Gabriele Mattera:<\/strong> \u201cTende\u201d;\u00a0 \u201cUomini nella natura\u201d e \u201cUomini rossi\u201d. La preferenza viene progressivamente accordata a tele monocrome gialle, rosse, blu che svelano al pubblico una versatilit\u00e0 nuova che si affianca, senza smentirla, all&#8217;inclinazione figurativa fin l\u00ec mostrata.<\/p>\n<p><strong>Insomma, Gabriele Mattera \u00e8 riuscito ad andare oltre l&#8217;immaginario turistico<\/strong> facilmente associabile a un\u2019isola come Ischia confermando, in questo modo, la tesi che fa da sfondo al bel libro \u201cArtisti dell\u2019isola d\u2019Ischia\u201d (<em>a cura di<\/em> Massimo Ielasi, Societ\u00e0 Editrice Napoletana,1982), circa l\u2019esistenza di una scuola ischitana di pittura che ha attraversato tutto il \u2018900 e di cui, insieme a Luigi De Angelis, Mario Mazzella e altri, proprio Gabriele Mattera sarebbe uno dei maggiori interpreti.<\/p>\n","protected":false},"excerpt":{"rendered":"<p>La pittura di Gabriele Mattera (1929-2005) ha sempre avuto una precisa e riconoscibile tensione ideale: svelare ci\u00f2 che &#8220;sta dietro&#8221; l&#8217;apparenza delle cose. La malinconia, addirittura pi\u00f9 forte dello stupore per la &#8220;generosa&#8221; natura ischitana, \u00e8 il sentimento che maggiormente ha ispirato questo pittore autodidatta, nato e vissuto tutta la vita sul Castello Aragonese. Poco [&hellip;]<\/p>\n","protected":false},"author":2,"featured_media":3019,"comment_status":"open","ping_status":"open","sticky":false,"template":"","format":"standard","meta":{"_et_pb_use_builder":"","_et_pb_old_content":"","_et_gb_content_width":"","_monsterinsights_skip_tracking":false,"_monsterinsights_sitenote_active":false,"_monsterinsights_sitenote_note":"","_monsterinsights_sitenote_category":0,"spay_email":""},"categories":[22,3,1],"tags":[],"jetpack_featured_media_url":"https:\/\/www.ischia.campania.it\/wp-content\/uploads\/2014\/03\/gabrielemattera.jpg","jetpack_shortlink":"https:\/\/wp.me\/p3yuov-Kk","jetpack_sharing_enabled":true,"_links":{"self":[{"href":"https:\/\/www.ischia.campania.it\/index.php\/wp-json\/wp\/v2\/posts\/2872"}],"collection":[{"href":"https:\/\/www.ischia.campania.it\/index.php\/wp-json\/wp\/v2\/posts"}],"about":[{"href":"https:\/\/www.ischia.campania.it\/index.php\/wp-json\/wp\/v2\/types\/post"}],"author":[{"embeddable":true,"href":"https:\/\/www.ischia.campania.it\/index.php\/wp-json\/wp\/v2\/users\/2"}],"replies":[{"embeddable":true,"href":"https:\/\/www.ischia.campania.it\/index.php\/wp-json\/wp\/v2\/comments?post=2872"}],"version-history":[{"count":19,"href":"https:\/\/www.ischia.campania.it\/index.php\/wp-json\/wp\/v2\/posts\/2872\/revisions"}],"predecessor-version":[{"id":5777,"href":"https:\/\/www.ischia.campania.it\/index.php\/wp-json\/wp\/v2\/posts\/2872\/revisions\/5777"}],"wp:featuredmedia":[{"embeddable":true,"href":"https:\/\/www.ischia.campania.it\/index.php\/wp-json\/wp\/v2\/media\/3019"}],"wp:attachment":[{"href":"https:\/\/www.ischia.campania.it\/index.php\/wp-json\/wp\/v2\/media?parent=2872"}],"wp:term":[{"taxonomy":"category","embeddable":true,"href":"https:\/\/www.ischia.campania.it\/index.php\/wp-json\/wp\/v2\/categories?post=2872"},{"taxonomy":"post_tag","embeddable":true,"href":"https:\/\/www.ischia.campania.it\/index.php\/wp-json\/wp\/v2\/tags?post=2872"}],"curies":[{"name":"wp","href":"https:\/\/api.w.org\/{rel}","templated":true}]}}