{"id":381,"date":"2012-12-05T14:39:46","date_gmt":"2012-12-05T14:39:46","guid":{"rendered":"https:\/\/www.ischia.campania.it\/?page_id=381"},"modified":"2014-04-02T14:54:57","modified_gmt":"2014-04-02T14:54:57","slug":"ischia-nella-letteratura","status":"publish","type":"post","link":"https:\/\/www.ischia.campania.it\/index.php\/ischia-nella-letteratura\/","title":{"rendered":"Ischia nella letteratura"},"content":{"rendered":"<div id=\"itiner-social\" style=\"padding: 5px 0; float:left; width:100%;\"><a href=\"https:\/\/twitter.com\/share\" class=\"twitter-share-button\" data-url=\"http:\/\/www.ischia.campania.it\/index.php\/ischia-nella-letteratura\/\" data-text=\"ItinerSocial\" data-count=\"horizontal\" data-via=\"ItinerSocial\" style=\"flaot:left;margin: 0 10px\"><\/a><div class=\"fb-like\" data-href=\"http:\/\/www.ischia.campania.it\/index.php\/ischia-nella-letteratura\/\" data-layout=\"button_count\" data-send=\"false\" data-show-faces=\"false\" data-width=\"90\" style=\"flaot:left;margin: 0 10px\"><\/div><div class=\"g-plusone\" data-annotation=\"inline\" data-href=\"http:\/\/www.ischia.campania.it\/index.php\/ischia-nella-letteratura\/\" data-size=\"medium\" data-width=\"120\" style=\"flaot:left;margin: 0 10px\"><\/div><\/div><p>Da poco \u00e8 uscito in libreria <strong>Ischia<\/strong>, il secondo noir di <strong>Gianni Mura<\/strong> (edito da <strong>Feltrinelli<\/strong>). L\u2019ispettore Magritte, gi\u00e0 protagonista del precedente <strong>Giallo su giallo<\/strong>, stavolta \u00e8 a <a title=\"Ischia\" href=\"http:\/\/www.prontoischia.it\/\" target=\"_blank\">Ischia<\/a> in compagnia del giudice <strong>Michelle Lapierre<\/strong>, con la quale intreccia proprio durante il soggiorno sull\u2019isola un\u2019affettuosa relazione amorosa. Come conviene al genere la trama \u00e8 agile e ricca di colpi di scena, con un finale addirittura catartico che ha per protagonista \u201c<em>Peppe o\u2019 frances<\/em>\u201d, personaggio centrale nel romanzo, a cui lo scrittore affida il compito di mostrare al poliziotto parigino in vacanza tutti i lati nascosti, ma non meno fascinosi, di quest\u2019isola al centro del <strong>Mediterraneo<\/strong>.<\/p>\n<p>Del resto, il felice connubio Ischia-letteratura ha origini antiche. Ne hanno tessuto per primi le lodi gli storici di epoca classica<strong> Strabone<\/strong> e <strong>Tito Livio<\/strong>. Nel <strong>Medioevo<\/strong> \u00e8 stata la volta di <strong>Boccaccio<\/strong> e in <strong>epoca rinascimentale<\/strong> quella di <strong>Ludovico Ariosto<\/strong>. Senza dimenticare nel \u2018700 il vescovo e filosofo irlandese <strong>George Berkeley<\/strong> e agli inizi del \u2018900 le sorelle di origine americana <strong>Augustine<\/strong> e <strong>Sybil Fitzgerald<\/strong>. Fino ai bellissimi e pi\u00f9 recenti report di <strong>Truman Capote<\/strong> e <strong>Pierpaolo Pasolini<\/strong>.<\/p>\n<p>Scrive <strong>Capote<\/strong> nel 1949: \u201c<em>Le isole sono come navi perennemente all\u2019ancora. Sbarcarvi \u00e8 come percorrere una passerella: si \u00e8 presi dalla stessa sensazione di trovarsi magicamente sospesi: diresti che nulla di volgare o scortese pu\u00f2 succederti; e allorch\u00e9 la Principessa entr\u00f2 nella caletta di Porto d\u2019Ischia, alla vista dei tenui, scorticati colori pastello delle case intorno, il paesaggio ti parve tanto intimo e soddisfacente quanto il battito del tuo stesso cuore. Nella fretta inciampai e caddi: mi si ruppe l\u2019orologio. Ci\u00f2 aveva qualcosa di simbolico, fin troppo evidente: di primo acchitto, era chiaro che Ischia non era un posto per la fretta e la furia delle ore<\/em>\u201d.<\/p>\n<p>Lo scrittore di <strong>Ragazzi di vita<\/strong>, <strong>Una vita violenta<\/strong>, <strong>Scritti Corsari<\/strong>, giunse invece a <strong>Ischia<\/strong> nel 1959. Tappa di un reportage in giro per la penisola (&#8220;<strong>La lunga strada di sabbia<\/strong>&#8220;) commissionatogli dalla rivista <strong>Il Successo<\/strong>, <strong>Pasolini<\/strong> fu subito entusiasta del suo soggiorno sull\u2019isola, tanto da annotarlo negli appunti immediatamente successivi all\u2019arrivo in albergo:<\/p>\n<p>&#8220;<em>Sono felice. Era tanto che non potevo dirlo: e cos&#8217;\u00e8 che mi d\u00e0 questo intimo, preciso senso di gioia, di leggerezza? Niente. O quasi. Un silenzio meraviglioso \u00e8 intorno a me: la camera del mio albergo, in cui mi trovo da cinque minuti, d\u00e0 su un grosso monte, verde verde, qualche casa modesta, normale<\/em>. [&#8230;] <em>Il senso di pace, di avventura che mi d\u00e0 l&#8217;essere in questo albergo nell&#8217;interno di Ischia, \u00e8 una di quelle cose che ormai la vita d\u00e0 cos\u00ec raramente. \u00c8 un posto dove mi pare di essere sempre stato. Mi sembra il Friuli, la Carnia, l&#8217;Emilia. Solo ogni tanto qualche voce vicina mi ricorda che sono nel Sud<\/em>. <em>Mi aspetta qualcosa di stupendo: quello che si aspetta quando si \u00e8 ragazzi, il primo giorno di villeggiatura, e si ha davanti un&#8217;estate eterna<\/em>\u201d.<\/p>\n<p>In assoluto per\u00f2 le parole pi\u00f9 belle, memorabili, che danno l\u2019idea di cosa significhi <strong>visitare Ischia<\/strong>, sono le ultime righe della quartina che chiude la poesia di commiato a Ischia del grande poeta <strong>W.H.Auden<\/strong>, dal titolo &#8220;<strong>Good bye to the Mezzogiorno<\/strong>&#8221; [<strong>Addio al Mezzogiorno<\/strong>]:<\/p>\n<p>\u201c<em>though one cannot always remember exactly why one has been happy, there is no forgetting that one was<\/em>\u201d [sebbene non sempre si possa ricordare esattamente perch\u00e9 si \u00e8 stati felici, non ci si dimentica d&#8217;esserlo stati\u201d].<\/p>\n<p>Niente meglio di queste parole chiarisce l\u2019emozione e lo stupore delle tante <a title=\"cosa fare ad Ischia\" href=\"http:\/\/www.prontoischia.it\/articoli\/isola-ischia\/escursioni\/una-settimana-ad-ischia\" target=\"_blank\">cose da fare ad Ischia<\/a>: qualcosa che rimane dentro, scavando nel profondo, anche a distanza di anni e che, immancabilmente obbliga al ritorno.<\/p>\n","protected":false},"excerpt":{"rendered":"<p>Da poco \u00e8 uscito in libreria Ischia, il secondo noir di Gianni Mura (edito da Feltrinelli). L\u2019ispettore Magritte, gi\u00e0 protagonista del precedente Giallo su giallo, stavolta \u00e8 a Ischia in compagnia del giudice Michelle Lapierre, con la quale intreccia proprio durante il soggiorno sull\u2019isola un\u2019affettuosa relazione amorosa. Come conviene al genere la trama \u00e8 agile [&hellip;]<\/p>\n","protected":false},"author":2,"featured_media":0,"comment_status":"open","ping_status":"open","sticky":false,"template":"","format":"standard","meta":{"_et_pb_use_builder":"","_et_pb_old_content":"","_et_gb_content_width":"","_monsterinsights_skip_tracking":false,"_monsterinsights_sitenote_active":false,"_monsterinsights_sitenote_note":"","_monsterinsights_sitenote_category":0,"spay_email":""},"categories":[1],"tags":[],"jetpack_featured_media_url":"","jetpack_shortlink":"https:\/\/wp.me\/p3yuov-69","jetpack_sharing_enabled":true,"_links":{"self":[{"href":"https:\/\/www.ischia.campania.it\/index.php\/wp-json\/wp\/v2\/posts\/381"}],"collection":[{"href":"https:\/\/www.ischia.campania.it\/index.php\/wp-json\/wp\/v2\/posts"}],"about":[{"href":"https:\/\/www.ischia.campania.it\/index.php\/wp-json\/wp\/v2\/types\/post"}],"author":[{"embeddable":true,"href":"https:\/\/www.ischia.campania.it\/index.php\/wp-json\/wp\/v2\/users\/2"}],"replies":[{"embeddable":true,"href":"https:\/\/www.ischia.campania.it\/index.php\/wp-json\/wp\/v2\/comments?post=381"}],"version-history":[{"count":3,"href":"https:\/\/www.ischia.campania.it\/index.php\/wp-json\/wp\/v2\/posts\/381\/revisions"}],"predecessor-version":[{"id":384,"href":"https:\/\/www.ischia.campania.it\/index.php\/wp-json\/wp\/v2\/posts\/381\/revisions\/384"}],"wp:attachment":[{"href":"https:\/\/www.ischia.campania.it\/index.php\/wp-json\/wp\/v2\/media?parent=381"}],"wp:term":[{"taxonomy":"category","embeddable":true,"href":"https:\/\/www.ischia.campania.it\/index.php\/wp-json\/wp\/v2\/categories?post=381"},{"taxonomy":"post_tag","embeddable":true,"href":"https:\/\/www.ischia.campania.it\/index.php\/wp-json\/wp\/v2\/tags?post=381"}],"curies":[{"name":"wp","href":"https:\/\/api.w.org\/{rel}","templated":true}]}}