{"id":394,"date":"2013-01-03T15:56:15","date_gmt":"2013-01-03T15:56:15","guid":{"rendered":"https:\/\/www.ischia.campania.it\/?page_id=394"},"modified":"2014-04-28T12:15:46","modified_gmt":"2014-04-28T10:15:46","slug":"ischia-natura-e-cultura","status":"publish","type":"post","link":"https:\/\/www.ischia.campania.it\/index.php\/ischia-natura-e-cultura\/","title":{"rendered":"Ischia, natura e cultura"},"content":{"rendered":"<div id=\"itiner-social\" style=\"padding: 5px 0; float:left; width:100%;\"><a href=\"https:\/\/twitter.com\/share\" class=\"twitter-share-button\" data-url=\"http:\/\/www.ischia.campania.it\/index.php\/ischia-natura-e-cultura\/\" data-text=\"ItinerSocial\" data-count=\"horizontal\" data-via=\"ItinerSocial\" style=\"flaot:left;margin: 0 10px\"><\/a><div class=\"fb-like\" data-href=\"http:\/\/www.ischia.campania.it\/index.php\/ischia-natura-e-cultura\/\" data-layout=\"button_count\" data-send=\"false\" data-show-faces=\"false\" data-width=\"90\" style=\"flaot:left;margin: 0 10px\"><\/div><div class=\"g-plusone\" data-annotation=\"inline\" data-href=\"http:\/\/www.ischia.campania.it\/index.php\/ischia-natura-e-cultura\/\" data-size=\"medium\" data-width=\"120\" style=\"flaot:left;margin: 0 10px\"><\/div><\/div><p style=\"text-align: left;\"><strong>Chi non conosce Ischia, o al pi\u00f9 ne ha sentito solo parlare<\/strong>, pu\u00f2 pensare si tratti di una localit\u00e0 balneare come tante, con tutto il corredo di immagini associabili a una vacanza al mare. Non \u00e8 cos\u00ec. La pi\u00f9 grande delle isole flegree, prima ancora che per il suo clima, il suo mare, la sua gastronomia, le terme, gli alberghi e quant\u2019altro, ha un lato selvaggio, fatto di strapiombi vertiginosi, alvei naturali, boschi, colline, che merita di essere conosciuto e valorizzato.<\/p>\n<p><strong>Per anni l\u2019importante patrimonio boschivo dell\u2019isola d\u2019Ischia<\/strong> \u00e8 stato il regno incontrastato di volitivi turisti tedeschi, da sempre amanti delle escursioni naturalistiche, senza che vi fosse per\u00f2 particolare attenzione a un segmento, il trekking, in grado di intercettare un turismo pi\u00f9 rispettoso dell\u2019ambiente e una domanda meno convenzionale di vacanza.<\/p>\n<p><strong>Oggi questa nuova consapevolezza fa capolino tra gli operatori del turismo<\/strong>, soprattutto nella societ\u00e0 civile ischitana, con una moltiplicazione importante di associazioni ed eventi riconducibili al filone nobile dell\u2019ecoturismo.<\/p>\n<p><strong>Da segnalare l\u2019attivissima<\/strong> <strong>ProLoco di Panza<\/strong> (frazione giuridica del comune di Forio) che, nel giro di pochi anni, ha reso nuovamente fruibili al pubblico tre bellissimi sentieri dall\u2019inestimabile valore naturalistico. I primi due, il Monte di Panza e la Baia della Pelara sono percorsi contigui, di difficolt\u00e0 non elevata, che partono da una viuzza laterale lungo la strada che conduce alla bellissima baia di Sorgeto, nel versante sud-occidentale dell\u2019isola. Proprio la <a href=\"https:\/\/www.ischia.campania.it\/index.php\/la-baia-di-sorgeto-e-la-discesa-al-paradiso\/\">Baia di Sorgeto<\/a> \u00e8 ben visibile dallo strapiombo del Monte di Panza, insieme al promontorio di Sant\u2019Angelo, la parte pi\u00f9 meridionale dell\u2019isola, collegato all\u2019omonimo borgo di pescatori da un caratteristico istmo che divide in due l\u2019arenile a ridosso della piazzetta.<\/p>\n<p><strong>La Baia della Pelara \u00e8 invece un alveo naturale che arriva fino al mare<\/strong>, protetto ai due lati da imponenti pareti rocciose di chiara origine vulcanica. Il percorso \u00e8 bellissimo per l\u2019alternanza di scenari naturalistici assai diversi: prima un suggestivo boschetto di lecci, poi una fitta vegetazione di felci e infine un sentiero brullo, quasi lunare, interrotto qua e l\u00e0 da robuste agavi selvatiche.<\/p>\n<p><strong>Il terzo percorso, rinominato<\/strong> <strong>Bocca di Tifeo<\/strong>, si trova alla fine della piana di Montecorvo, una tranquilla zona residenziale del comune di Forio &#8211; tra l\u2019altro, localit\u00e0 di assoluto pregio per la produzione vinicola &#8211; e arriva, al termine di un percorso in salita di circa un km in prossimit\u00e0 di una sorgente fumarolica che fuoriesce dalle viscere della montagna. Nei pressi della fumarola cresce il raro &#8220;Cyperus polystachius&#8221; o &#8220;Papiro delle Fumarole&#8221; che incontriamo in altre parti dell\u2019isola come la bellissima Pineta di Fiaiano.<\/p>\n<p><strong>E a proposito di pinete, basta percorrere via Roma e il centralissimo Corso Vittoria Colonna<\/strong>, nel comune di Ischia, per trovarsi al cospetto di numerose variet\u00e0 di piante arbustive come la ginestra, il lauro e il mirto, immediatamente a ridosso delle vie dello shopping e del turismo pi\u00f9 convenzionale.<\/p>\n<p><strong>Ci sono poi i tanti percorsi del<\/strong> <strong>Monte Epomeo<\/strong>, la montagna simbolo di Ischia che, da sola, occupa poco pi\u00f9 di un terzo dell\u2019intera superficie dell\u2019isola. Salendo dalla frazione di Fontana, nell\u2019omonimo comune di Serrara Fontana, \u00e8 abbastanza agevole guadagnare la vetta, a 789 mt. sul livello del mare. Il panorama che si gode dalla cima, in corrispondenza di un antico eremo dedicato al culto di San Nicola, abbraccia senza soluzione di continuit\u00e0 l\u2019intera isola, la penisola sorrentina e l\u2019arcipelago pontino.<\/p>\n<p><strong>Da vedere assolutamente anche il bellissimo bosco della Falanga<\/strong>, quasi sei ettari di castagni a 500 mt. sul mare appena sotto la vetta dell\u2019Epomeo. Vi ci si arriva pi\u00f9 agevolmente da Forio, seguendo la strada che parte da localit\u00e0 Bocca, o anche da Serrara Fontana, passando per un altro bosco di notevole interesse naturalistico, i Frassitelli.<\/p>\n<p><strong>La Falanga reca anche importanti tracce dell\u2019antica architettura rupestre dell\u2019isola<\/strong>: grotte, ricoveri e anfratti ricavati manualmente nella caratteristica pietra di tufo verde che sono testimonianze indelebili di un passato, nemmeno tanto lontano, in cui era l\u2019agricoltura, in particolar modo la viticoltura, l\u2019economia prevalente dell\u2019isola d\u2019Ischia.<\/p>\n<p><strong>Restano poi altri percorsi sicuramente pi\u00f9 adatti a escursionisti pi\u00f9 esperti<\/strong>, come i famosissimi <a href=\"https:\/\/www.ischia.campania.it\/index.php\/i-pizzi-bianchi-a-serrara-fontana\/\">Pizzi Bianchi<\/a>, raggiungibili da Noia, antico borgo agricolo di Serrara Fontana e il sentiero che dallo Schiappone, collina di Barano d\u2019Ischia, conduce a un altro borgo contadino, Piano Liguori, nel comune di Ischia. Bellissimi vigneti a picco sul mare, fanno da contorno a questa stupenda passeggiata, a ulteriore dimostrazione dell\u2019enorme fatica e dell\u2019ingegno con cui i contadini dell\u2019isola recuperavano superfici coltivabili a una natura impervia e difficile.<\/p>\n\n\t\t<style type=\"text\/css\">\n\t\t\t#gallery-1 {\n\t\t\t\tmargin: auto;\n\t\t\t}\n\t\t\t#gallery-1 .gallery-item {\n\t\t\t\tfloat: left;\n\t\t\t\tmargin-top: 10px;\n\t\t\t\ttext-align: center;\n\t\t\t\twidth: 33%;\n\t\t\t}\n\t\t\t#gallery-1 img {\n\t\t\t\tborder: 2px solid #cfcfcf;\n\t\t\t}\n\t\t\t#gallery-1 .gallery-caption {\n\t\t\t\tmargin-left: 0;\n\t\t\t}\n\t\t\t\/* see gallery_shortcode() in wp-includes\/media.php *\/\n\t\t<\/style>\n\t\t<div data-carousel-extra='{\"blog_id\":1,\"permalink\":\"https:\\\/\\\/www.ischia.campania.it\\\/index.php\\\/ischia-natura-e-cultura\\\/\"}' id='gallery-1' class='gallery galleryid-394 gallery-columns-3 gallery-size-thumbnail'><dl class='gallery-item'>\n\t\t\t<dt class='gallery-icon landscape'>\n\t\t\t\t<a href='https:\/\/www.ischia.campania.it\/wp-content\/uploads\/2013\/01\/veduta-epomeo-JPG.jpg'><img width=\"150\" height=\"150\" src=\"https:\/\/www.ischia.campania.it\/wp-content\/uploads\/2013\/01\/veduta-epomeo-JPG-150x150.jpg\" class=\"attachment-thumbnail size-thumbnail\" alt=\"veduta-epomeo-JPG\" loading=\"lazy\" srcset=\"https:\/\/www.ischia.campania.it\/wp-content\/uploads\/2013\/01\/veduta-epomeo-JPG-150x150.jpg 150w, https:\/\/www.ischia.campania.it\/wp-content\/uploads\/2013\/01\/veduta-epomeo-JPG-130x130.jpg 130w, https:\/\/www.ischia.campania.it\/wp-content\/uploads\/2013\/01\/veduta-epomeo-JPG-67x67.jpg 67w, https:\/\/www.ischia.campania.it\/wp-content\/uploads\/2013\/01\/veduta-epomeo-JPG-40x40.jpg 40w, https:\/\/www.ischia.campania.it\/wp-content\/uploads\/2013\/01\/veduta-epomeo-JPG-184x184.jpg 184w\" sizes=\"(max-width: 150px) 100vw, 150px\" data-attachment-id=\"404\" data-permalink=\"https:\/\/www.ischia.campania.it\/index.php\/ischia-natura-e-cultura\/veduta-epomeo-jpg\/\" data-orig-file=\"https:\/\/www.ischia.campania.it\/wp-content\/uploads\/2013\/01\/veduta-epomeo-JPG.jpg\" data-orig-size=\"750,450\" data-comments-opened=\"1\" data-image-meta=\"{&quot;aperture&quot;:&quot;0&quot;,&quot;credit&quot;:&quot;&quot;,&quot;camera&quot;:&quot;&quot;,&quot;caption&quot;:&quot;&quot;,&quot;created_timestamp&quot;:&quot;0&quot;,&quot;copyright&quot;:&quot;&quot;,&quot;focal_length&quot;:&quot;0&quot;,&quot;iso&quot;:&quot;0&quot;,&quot;shutter_speed&quot;:&quot;0&quot;,&quot;title&quot;:&quot;&quot;}\" data-image-title=\"veduta-epomeo-JPG\" data-image-description=\"\" data-image-caption=\"\" data-medium-file=\"https:\/\/www.ischia.campania.it\/wp-content\/uploads\/2013\/01\/veduta-epomeo-JPG-446x267.jpg\" data-large-file=\"https:\/\/www.ischia.campania.it\/wp-content\/uploads\/2013\/01\/veduta-epomeo-JPG.jpg\" \/><\/a>\n\t\t\t<\/dt><\/dl><dl class='gallery-item'>\n\t\t\t<dt class='gallery-icon landscape'>\n\t\t\t\t<a href='https:\/\/www.ischia.campania.it\/wp-content\/uploads\/2013\/01\/sentieri.jpg'><img width=\"150\" height=\"150\" src=\"https:\/\/www.ischia.campania.it\/wp-content\/uploads\/2013\/01\/sentieri-150x150.jpg\" class=\"attachment-thumbnail size-thumbnail\" alt=\"sentieri panza\" loading=\"lazy\" srcset=\"https:\/\/www.ischia.campania.it\/wp-content\/uploads\/2013\/01\/sentieri-150x150.jpg 150w, https:\/\/www.ischia.campania.it\/wp-content\/uploads\/2013\/01\/sentieri-130x130.jpg 130w, https:\/\/www.ischia.campania.it\/wp-content\/uploads\/2013\/01\/sentieri-67x67.jpg 67w, https:\/\/www.ischia.campania.it\/wp-content\/uploads\/2013\/01\/sentieri-40x40.jpg 40w, https:\/\/www.ischia.campania.it\/wp-content\/uploads\/2013\/01\/sentieri-184x184.jpg 184w\" sizes=\"(max-width: 150px) 100vw, 150px\" data-attachment-id=\"395\" data-permalink=\"https:\/\/www.ischia.campania.it\/index.php\/ischia-natura-e-cultura\/sentieri\/\" data-orig-file=\"https:\/\/www.ischia.campania.it\/wp-content\/uploads\/2013\/01\/sentieri.jpg\" data-orig-size=\"750,451\" data-comments-opened=\"1\" data-image-meta=\"{&quot;aperture&quot;:&quot;0&quot;,&quot;credit&quot;:&quot;&quot;,&quot;camera&quot;:&quot;&quot;,&quot;caption&quot;:&quot;&quot;,&quot;created_timestamp&quot;:&quot;0&quot;,&quot;copyright&quot;:&quot;&quot;,&quot;focal_length&quot;:&quot;0&quot;,&quot;iso&quot;:&quot;0&quot;,&quot;shutter_speed&quot;:&quot;0&quot;,&quot;title&quot;:&quot;&quot;}\" data-image-title=\"sentieri panza\" data-image-description=\"\" data-image-caption=\"\" data-medium-file=\"https:\/\/www.ischia.campania.it\/wp-content\/uploads\/2013\/01\/sentieri-446x268.jpg\" data-large-file=\"https:\/\/www.ischia.campania.it\/wp-content\/uploads\/2013\/01\/sentieri.jpg\" \/><\/a>\n\t\t\t<\/dt><\/dl><dl class='gallery-item'>\n\t\t\t<dt class='gallery-icon landscape'>\n\t\t\t\t<a href='https:\/\/www.ischia.campania.it\/wp-content\/uploads\/2013\/01\/pelara-2-JPG.jpg'><img width=\"150\" height=\"150\" src=\"https:\/\/www.ischia.campania.it\/wp-content\/uploads\/2013\/01\/pelara-2-JPG-150x150.jpg\" class=\"attachment-thumbnail size-thumbnail\" alt=\"pelara JPG\" loading=\"lazy\" srcset=\"https:\/\/www.ischia.campania.it\/wp-content\/uploads\/2013\/01\/pelara-2-JPG-150x150.jpg 150w, https:\/\/www.ischia.campania.it\/wp-content\/uploads\/2013\/01\/pelara-2-JPG-130x130.jpg 130w, https:\/\/www.ischia.campania.it\/wp-content\/uploads\/2013\/01\/pelara-2-JPG-67x67.jpg 67w, https:\/\/www.ischia.campania.it\/wp-content\/uploads\/2013\/01\/pelara-2-JPG-40x40.jpg 40w, https:\/\/www.ischia.campania.it\/wp-content\/uploads\/2013\/01\/pelara-2-JPG-184x184.jpg 184w\" sizes=\"(max-width: 150px) 100vw, 150px\" data-attachment-id=\"396\" data-permalink=\"https:\/\/www.ischia.campania.it\/index.php\/ischia-natura-e-cultura\/pelara-2-jpg\/\" data-orig-file=\"https:\/\/www.ischia.campania.it\/wp-content\/uploads\/2013\/01\/pelara-2-JPG.jpg\" data-orig-size=\"738,437\" data-comments-opened=\"1\" data-image-meta=\"{&quot;aperture&quot;:&quot;0&quot;,&quot;credit&quot;:&quot;&quot;,&quot;camera&quot;:&quot;&quot;,&quot;caption&quot;:&quot;&quot;,&quot;created_timestamp&quot;:&quot;0&quot;,&quot;copyright&quot;:&quot;&quot;,&quot;focal_length&quot;:&quot;0&quot;,&quot;iso&quot;:&quot;0&quot;,&quot;shutter_speed&quot;:&quot;0&quot;,&quot;title&quot;:&quot;&quot;}\" data-image-title=\"pelara JPG\" data-image-description=\"\" data-image-caption=\"\" data-medium-file=\"https:\/\/www.ischia.campania.it\/wp-content\/uploads\/2013\/01\/pelara-2-JPG-446x264.jpg\" data-large-file=\"https:\/\/www.ischia.campania.it\/wp-content\/uploads\/2013\/01\/pelara-2-JPG.jpg\" \/><\/a>\n\t\t\t<\/dt><\/dl><br style=\"clear: both\" \/><dl class='gallery-item'>\n\t\t\t<dt class='gallery-icon landscape'>\n\t\t\t\t<a href='https:\/\/www.ischia.campania.it\/wp-content\/uploads\/2013\/01\/pineta.jpg'><img width=\"150\" height=\"150\" src=\"https:\/\/www.ischia.campania.it\/wp-content\/uploads\/2013\/01\/pineta-150x150.jpg\" class=\"attachment-thumbnail size-thumbnail\" alt=\"pineta ischia\" loading=\"lazy\" srcset=\"https:\/\/www.ischia.campania.it\/wp-content\/uploads\/2013\/01\/pineta-150x150.jpg 150w, https:\/\/www.ischia.campania.it\/wp-content\/uploads\/2013\/01\/pineta-130x130.jpg 130w, https:\/\/www.ischia.campania.it\/wp-content\/uploads\/2013\/01\/pineta-67x67.jpg 67w, https:\/\/www.ischia.campania.it\/wp-content\/uploads\/2013\/01\/pineta-40x40.jpg 40w, https:\/\/www.ischia.campania.it\/wp-content\/uploads\/2013\/01\/pineta-184x184.jpg 184w, https:\/\/www.ischia.campania.it\/wp-content\/uploads\/2013\/01\/pineta-430x433.jpg 430w\" sizes=\"(max-width: 150px) 100vw, 150px\" data-attachment-id=\"397\" data-permalink=\"https:\/\/www.ischia.campania.it\/index.php\/ischia-natura-e-cultura\/pineta\/\" data-orig-file=\"https:\/\/www.ischia.campania.it\/wp-content\/uploads\/2013\/01\/pineta.jpg\" data-orig-size=\"750,433\" data-comments-opened=\"1\" data-image-meta=\"{&quot;aperture&quot;:&quot;0&quot;,&quot;credit&quot;:&quot;&quot;,&quot;camera&quot;:&quot;&quot;,&quot;caption&quot;:&quot;&quot;,&quot;created_timestamp&quot;:&quot;0&quot;,&quot;copyright&quot;:&quot;&quot;,&quot;focal_length&quot;:&quot;0&quot;,&quot;iso&quot;:&quot;0&quot;,&quot;shutter_speed&quot;:&quot;0&quot;,&quot;title&quot;:&quot;&quot;}\" data-image-title=\"pineta ischia\" data-image-description=\"\" data-image-caption=\"\" data-medium-file=\"https:\/\/www.ischia.campania.it\/wp-content\/uploads\/2013\/01\/pineta-446x257.jpg\" data-large-file=\"https:\/\/www.ischia.campania.it\/wp-content\/uploads\/2013\/01\/pineta.jpg\" \/><\/a>\n\t\t\t<\/dt><\/dl><dl class='gallery-item'>\n\t\t\t<dt class='gallery-icon landscape'>\n\t\t\t\t<a href='https:\/\/www.ischia.campania.it\/wp-content\/uploads\/2013\/01\/Falanga-jpg.jpg'><img width=\"150\" height=\"150\" src=\"https:\/\/www.ischia.campania.it\/wp-content\/uploads\/2013\/01\/Falanga-jpg-150x150.jpg\" class=\"attachment-thumbnail size-thumbnail\" alt=\"Falanga-jpg\" loading=\"lazy\" srcset=\"https:\/\/www.ischia.campania.it\/wp-content\/uploads\/2013\/01\/Falanga-jpg-150x150.jpg 150w, https:\/\/www.ischia.campania.it\/wp-content\/uploads\/2013\/01\/Falanga-jpg-130x130.jpg 130w, https:\/\/www.ischia.campania.it\/wp-content\/uploads\/2013\/01\/Falanga-jpg-67x67.jpg 67w, https:\/\/www.ischia.campania.it\/wp-content\/uploads\/2013\/01\/Falanga-jpg-40x40.jpg 40w, https:\/\/www.ischia.campania.it\/wp-content\/uploads\/2013\/01\/Falanga-jpg-184x184.jpg 184w\" sizes=\"(max-width: 150px) 100vw, 150px\" data-attachment-id=\"398\" data-permalink=\"https:\/\/www.ischia.campania.it\/index.php\/ischia-natura-e-cultura\/falanga-jpg\/\" data-orig-file=\"https:\/\/www.ischia.campania.it\/wp-content\/uploads\/2013\/01\/Falanga-jpg.jpg\" data-orig-size=\"737,451\" data-comments-opened=\"1\" data-image-meta=\"{&quot;aperture&quot;:&quot;0&quot;,&quot;credit&quot;:&quot;&quot;,&quot;camera&quot;:&quot;&quot;,&quot;caption&quot;:&quot;&quot;,&quot;created_timestamp&quot;:&quot;0&quot;,&quot;copyright&quot;:&quot;&quot;,&quot;focal_length&quot;:&quot;0&quot;,&quot;iso&quot;:&quot;0&quot;,&quot;shutter_speed&quot;:&quot;0&quot;,&quot;title&quot;:&quot;&quot;}\" data-image-title=\"Falanga-jpg\" data-image-description=\"\" data-image-caption=\"\" data-medium-file=\"https:\/\/www.ischia.campania.it\/wp-content\/uploads\/2013\/01\/Falanga-jpg-446x272.jpg\" data-large-file=\"https:\/\/www.ischia.campania.it\/wp-content\/uploads\/2013\/01\/Falanga-jpg.jpg\" \/><\/a>\n\t\t\t<\/dt><\/dl><dl class='gallery-item'>\n\t\t\t<dt class='gallery-icon landscape'>\n\t\t\t\t<a href='https:\/\/www.ischia.campania.it\/wp-content\/uploads\/2013\/01\/grotta-falanga.jpg'><img width=\"150\" height=\"150\" src=\"https:\/\/www.ischia.campania.it\/wp-content\/uploads\/2013\/01\/grotta-falanga-150x150.jpg\" class=\"attachment-thumbnail size-thumbnail\" alt=\"grotta-falanga\" loading=\"lazy\" srcset=\"https:\/\/www.ischia.campania.it\/wp-content\/uploads\/2013\/01\/grotta-falanga-150x150.jpg 150w, https:\/\/www.ischia.campania.it\/wp-content\/uploads\/2013\/01\/grotta-falanga-130x130.jpg 130w, https:\/\/www.ischia.campania.it\/wp-content\/uploads\/2013\/01\/grotta-falanga-67x67.jpg 67w, https:\/\/www.ischia.campania.it\/wp-content\/uploads\/2013\/01\/grotta-falanga-40x40.jpg 40w, https:\/\/www.ischia.campania.it\/wp-content\/uploads\/2013\/01\/grotta-falanga-184x184.jpg 184w\" sizes=\"(max-width: 150px) 100vw, 150px\" data-attachment-id=\"399\" data-permalink=\"https:\/\/www.ischia.campania.it\/index.php\/ischia-natura-e-cultura\/grotta-falanga\/\" data-orig-file=\"https:\/\/www.ischia.campania.it\/wp-content\/uploads\/2013\/01\/grotta-falanga.jpg\" data-orig-size=\"750,447\" data-comments-opened=\"1\" data-image-meta=\"{&quot;aperture&quot;:&quot;0&quot;,&quot;credit&quot;:&quot;&quot;,&quot;camera&quot;:&quot;&quot;,&quot;caption&quot;:&quot;&quot;,&quot;created_timestamp&quot;:&quot;0&quot;,&quot;copyright&quot;:&quot;&quot;,&quot;focal_length&quot;:&quot;0&quot;,&quot;iso&quot;:&quot;0&quot;,&quot;shutter_speed&quot;:&quot;0&quot;,&quot;title&quot;:&quot;&quot;}\" data-image-title=\"grotta-falanga\" data-image-description=\"\" data-image-caption=\"\" data-medium-file=\"https:\/\/www.ischia.campania.it\/wp-content\/uploads\/2013\/01\/grotta-falanga-446x265.jpg\" data-large-file=\"https:\/\/www.ischia.campania.it\/wp-content\/uploads\/2013\/01\/grotta-falanga.jpg\" \/><\/a>\n\t\t\t<\/dt><\/dl><br style=\"clear: both\" \/>\n\t\t<\/div>\n\n","protected":false},"excerpt":{"rendered":"<p>Chi non conosce Ischia, o al pi\u00f9 ne ha sentito solo parlare, pu\u00f2 pensare si tratti di una localit\u00e0 balneare come tante, con tutto il corredo di immagini associabili a una vacanza al mare. Non \u00e8 cos\u00ec. La pi\u00f9 grande delle isole flegree, prima ancora che per il suo clima, il suo mare, la sua [&hellip;]<\/p>\n","protected":false},"author":2,"featured_media":404,"comment_status":"open","ping_status":"open","sticky":false,"template":"","format":"standard","meta":{"_et_pb_use_builder":"","_et_pb_old_content":"","_et_gb_content_width":"","_monsterinsights_skip_tracking":false,"_monsterinsights_sitenote_active":false,"_monsterinsights_sitenote_note":"","_monsterinsights_sitenote_category":0,"spay_email":""},"categories":[1],"tags":[],"jetpack_featured_media_url":"https:\/\/www.ischia.campania.it\/wp-content\/uploads\/2013\/01\/veduta-epomeo-JPG.jpg","jetpack_shortlink":"https:\/\/wp.me\/p3yuov-6m","jetpack_sharing_enabled":true,"_links":{"self":[{"href":"https:\/\/www.ischia.campania.it\/index.php\/wp-json\/wp\/v2\/posts\/394"}],"collection":[{"href":"https:\/\/www.ischia.campania.it\/index.php\/wp-json\/wp\/v2\/posts"}],"about":[{"href":"https:\/\/www.ischia.campania.it\/index.php\/wp-json\/wp\/v2\/types\/post"}],"author":[{"embeddable":true,"href":"https:\/\/www.ischia.campania.it\/index.php\/wp-json\/wp\/v2\/users\/2"}],"replies":[{"embeddable":true,"href":"https:\/\/www.ischia.campania.it\/index.php\/wp-json\/wp\/v2\/comments?post=394"}],"version-history":[{"count":17,"href":"https:\/\/www.ischia.campania.it\/index.php\/wp-json\/wp\/v2\/posts\/394\/revisions"}],"predecessor-version":[{"id":3513,"href":"https:\/\/www.ischia.campania.it\/index.php\/wp-json\/wp\/v2\/posts\/394\/revisions\/3513"}],"wp:featuredmedia":[{"embeddable":true,"href":"https:\/\/www.ischia.campania.it\/index.php\/wp-json\/wp\/v2\/media\/404"}],"wp:attachment":[{"href":"https:\/\/www.ischia.campania.it\/index.php\/wp-json\/wp\/v2\/media?parent=394"}],"wp:term":[{"taxonomy":"category","embeddable":true,"href":"https:\/\/www.ischia.campania.it\/index.php\/wp-json\/wp\/v2\/categories?post=394"},{"taxonomy":"post_tag","embeddable":true,"href":"https:\/\/www.ischia.campania.it\/index.php\/wp-json\/wp\/v2\/tags?post=394"}],"curies":[{"name":"wp","href":"https:\/\/api.w.org\/{rel}","templated":true}]}}