{"id":4504,"date":"2014-08-19T16:57:18","date_gmt":"2014-08-19T14:57:18","guid":{"rendered":"https:\/\/www.ischia.campania.it\/?p=4504"},"modified":"2014-08-29T17:16:52","modified_gmt":"2014-08-29T15:16:52","slug":"le-stagioni-di-ischia","status":"publish","type":"post","link":"https:\/\/www.ischia.campania.it\/index.php\/le-stagioni-di-ischia\/","title":{"rendered":"Le stagioni di Ischia"},"content":{"rendered":"<div id=\"itiner-social\" style=\"padding: 5px 0; float:left; width:100%;\"><a href=\"https:\/\/twitter.com\/share\" class=\"twitter-share-button\" data-url=\"http:\/\/www.ischia.campania.it\/index.php\/le-stagioni-di-ischia\/\" data-text=\"ItinerSocial\" data-count=\"horizontal\" data-via=\"ItinerSocial\" style=\"flaot:left;margin: 0 10px\"><\/a><div class=\"fb-like\" data-href=\"http:\/\/www.ischia.campania.it\/index.php\/le-stagioni-di-ischia\/\" data-layout=\"button_count\" data-send=\"false\" data-show-faces=\"false\" data-width=\"90\" style=\"flaot:left;margin: 0 10px\"><\/div><div class=\"g-plusone\" data-annotation=\"inline\" data-href=\"http:\/\/www.ischia.campania.it\/index.php\/le-stagioni-di-ischia\/\" data-size=\"medium\" data-width=\"120\" style=\"flaot:left;margin: 0 10px\"><\/div><\/div><p><strong>Qual \u00e8 il periodo migliore per venire a Ischia?<\/strong><br \/>\nUna domanda che fanno in molti e a cui in realt\u00e0 non c\u2019\u00e8 una risposta precisa. Sull\u2019&#8221;<em>Isola Verde<\/em>&#8221; ogni stagione ha il suo fascino, anche se sono senza dubbio i mesi di maggio, giugno e settembre quelli che svelano l\u2019immagine pi\u00f9 autentica dell\u2019isola.<\/p>\n<table style=\"width: 100%; text-align: center;\" border=\"0\" cellspacing=\"0\" cellpadding=\"0\">\n<tbody>\n<tr>\n<td><strong>\u00b6<\/strong><\/td>\n<\/tr>\n<\/tbody>\n<\/table>\n<p><strong>Maggio e giugno<\/strong><br \/>\n<a href=\"https:\/\/www.ischia.campania.it\/wp-content\/uploads\/2013\/10\/poseidon.jpg\"><img data-attachment-id=\"1981\" data-permalink=\"https:\/\/www.ischia.campania.it\/index.php\/ischia-cosa-vedere\/poseidon-2\/\" data-orig-file=\"https:\/\/www.ischia.campania.it\/wp-content\/uploads\/2013\/10\/poseidon.jpg\" data-orig-size=\"800,533\" data-comments-opened=\"1\" data-image-meta=\"{&quot;aperture&quot;:&quot;0&quot;,&quot;credit&quot;:&quot;&quot;,&quot;camera&quot;:&quot;&quot;,&quot;caption&quot;:&quot;&quot;,&quot;created_timestamp&quot;:&quot;0&quot;,&quot;copyright&quot;:&quot;&quot;,&quot;focal_length&quot;:&quot;0&quot;,&quot;iso&quot;:&quot;0&quot;,&quot;shutter_speed&quot;:&quot;0&quot;,&quot;title&quot;:&quot;&quot;}\" data-image-title=\"poseidon\" data-image-description=\"\" data-image-caption=\"\" data-medium-file=\"https:\/\/www.ischia.campania.it\/wp-content\/uploads\/2013\/10\/poseidon-446x297.jpg\" data-large-file=\"https:\/\/www.ischia.campania.it\/wp-content\/uploads\/2013\/10\/poseidon.jpg\" loading=\"lazy\" class=\"alignnone size-full wp-image-1981\" src=\"https:\/\/www.ischia.campania.it\/wp-content\/uploads\/2013\/10\/poseidon.jpg\" alt=\"poseidon\" width=\"800\" height=\"533\" srcset=\"https:\/\/www.ischia.campania.it\/wp-content\/uploads\/2013\/10\/poseidon.jpg 800w, https:\/\/www.ischia.campania.it\/wp-content\/uploads\/2013\/10\/poseidon-446x297.jpg 446w, https:\/\/www.ischia.campania.it\/wp-content\/uploads\/2013\/10\/poseidon-140x94.jpg 140w\" sizes=\"(max-width: 800px) 100vw, 800px\" \/><\/a><br \/>\n<strong> Maggio e giugno sono i mesi in cui tutto fiorisce<\/strong>, di certo i pi\u00f9 indicati per visitare i rinomati Giardini La Mortella, o i due parchi termali del <a href=\"https:\/\/www.ischia.campania.it\/index.php\/il-negombo-terme-e-natura\/\" target=\"_blank\">Negombo<\/a> e dei Poseidon. Rose, bouganvillae e tantissime tante altre variet\u00e0 di fiori provenienti da ogni angolo del pianeta riempiono di luce e colore questi spazi di verde che tutto il mondo ci invidia.<\/p>\n<table style=\"width: 100%; text-align: center;\" border=\"0\" cellspacing=\"0\" cellpadding=\"0\">\n<tbody>\n<tr>\n<td><strong>\u00b6<\/strong><\/td>\n<\/tr>\n<\/tbody>\n<\/table>\n<p><strong>Settembre<\/strong><br \/>\n<a href=\"https:\/\/www.ischia.campania.it\/wp-content\/uploads\/2013\/09\/foto-29.jpg\"><img data-attachment-id=\"1656\" data-permalink=\"https:\/\/www.ischia.campania.it\/index.php\/andar-per-cantine-ischia-e-le-sue-radici-contadine\/foto-29\/\" data-orig-file=\"https:\/\/www.ischia.campania.it\/wp-content\/uploads\/2013\/09\/foto-29.jpg\" data-orig-size=\"800,600\" data-comments-opened=\"1\" data-image-meta=\"{&quot;aperture&quot;:&quot;0&quot;,&quot;credit&quot;:&quot;&quot;,&quot;camera&quot;:&quot;&quot;,&quot;caption&quot;:&quot;&quot;,&quot;created_timestamp&quot;:&quot;0&quot;,&quot;copyright&quot;:&quot;&quot;,&quot;focal_length&quot;:&quot;0&quot;,&quot;iso&quot;:&quot;0&quot;,&quot;shutter_speed&quot;:&quot;0&quot;,&quot;title&quot;:&quot;&quot;}\" data-image-title=\"foto-29\" data-image-description=\"\" data-image-caption=\"\" data-medium-file=\"https:\/\/www.ischia.campania.it\/wp-content\/uploads\/2013\/09\/foto-29-446x334.jpg\" data-large-file=\"https:\/\/www.ischia.campania.it\/wp-content\/uploads\/2013\/09\/foto-29.jpg\" loading=\"lazy\" class=\"alignnone size-full wp-image-1656\" src=\"https:\/\/www.ischia.campania.it\/wp-content\/uploads\/2013\/09\/foto-29.jpg\" alt=\"foto-29\" width=\"800\" height=\"600\" srcset=\"https:\/\/www.ischia.campania.it\/wp-content\/uploads\/2013\/09\/foto-29.jpg 800w, https:\/\/www.ischia.campania.it\/wp-content\/uploads\/2013\/09\/foto-29-446x334.jpg 446w\" sizes=\"(max-width: 800px) 100vw, 800px\" \/><\/a><br \/>\n<strong>Settembre invece \u00e8 tempo di vendemmia<\/strong>. L\u2019odore dell\u2019uva appena raccolta e del mosto &#8220;<em>assale<\/em>&#8221; l\u2019olfatto di turisti e residenti quasi a ogni angolo di strada. La vendemmia a Ischia \u00e8 un rito a cui si pu\u00f2 partecipare facilmente con la &#8220;<em>dritta giusta<\/em>&#8220;, senza dimenticare l\u2019ormai tradizionale appuntamento con &#8220;Andar per Cantine&#8221; la rassegna che la seconda met\u00e0 del mese porta migliaia tra turisti e residenti alla scoperta dell\u2019immenso patrimonio storico, culturale ed enogastronomico delle tante cantine presenti sull\u2019isola pi\u00f9 grande del Golfo di Napoli. Naturalmente in questi mesi \u00e8 ancora tempo di mare; negozi e ristoranti sono tutti aperti e, soprattutto, nella maggior parte degli hotel che ci sono sull\u2019isola \u00e8 possibile &#8220;<em>strappare<\/em>&#8221; prezzi assai convenienti, non solo in pensione completa.<\/p>\n<table style=\"width: 100%; text-align: center;\" border=\"0\" cellspacing=\"0\" cellpadding=\"0\">\n<tbody>\n<tr>\n<td><strong>\u00b6<\/strong><\/td>\n<\/tr>\n<\/tbody>\n<\/table>\n<p><strong>Luglio e Agosto<\/strong><br \/>\n<a href=\"https:\/\/www.ischia.campania.it\/wp-content\/uploads\/2014\/06\/IMG_7157.jpg\"><img data-attachment-id=\"4054\" data-permalink=\"https:\/\/www.ischia.campania.it\/index.php\/le-stagioni-di-ischia\/img_7157\/\" data-orig-file=\"https:\/\/www.ischia.campania.it\/wp-content\/uploads\/2014\/06\/IMG_7157.jpg\" data-orig-size=\"800,533\" data-comments-opened=\"1\" data-image-meta=\"{&quot;aperture&quot;:&quot;0&quot;,&quot;credit&quot;:&quot;&quot;,&quot;camera&quot;:&quot;&quot;,&quot;caption&quot;:&quot;&quot;,&quot;created_timestamp&quot;:&quot;0&quot;,&quot;copyright&quot;:&quot;&quot;,&quot;focal_length&quot;:&quot;0&quot;,&quot;iso&quot;:&quot;0&quot;,&quot;shutter_speed&quot;:&quot;0&quot;,&quot;title&quot;:&quot;&quot;}\" data-image-title=\"IMG_7157\" data-image-description=\"\" data-image-caption=\"\" data-medium-file=\"https:\/\/www.ischia.campania.it\/wp-content\/uploads\/2014\/06\/IMG_7157-446x297.jpg\" data-large-file=\"https:\/\/www.ischia.campania.it\/wp-content\/uploads\/2014\/06\/IMG_7157.jpg\" loading=\"lazy\" class=\"alignnone size-full wp-image-4054\" src=\"https:\/\/www.ischia.campania.it\/wp-content\/uploads\/2014\/06\/IMG_7157.jpg\" alt=\"IMG_7157\" width=\"800\" height=\"533\" srcset=\"https:\/\/www.ischia.campania.it\/wp-content\/uploads\/2014\/06\/IMG_7157.jpg 800w, https:\/\/www.ischia.campania.it\/wp-content\/uploads\/2014\/06\/IMG_7157-446x297.jpg 446w, https:\/\/www.ischia.campania.it\/wp-content\/uploads\/2014\/06\/IMG_7157-140x94.jpg 140w\" sizes=\"(max-width: 800px) 100vw, 800px\" \/><\/a><br \/>\n<strong>Luglio e agosto sono i mesi in cui Ischia si riempie<\/strong>, toccando punte di mezzo milione di presenze nelle settimane a cavallo del ferragosto. Sono i mesi dell\u2019&#8221;<em>alta stagione<\/em>&#8221; quelli da sempre dedicati al mare e alle serate in compagnia di amici e parenti tra feste, sagre ed eventi piccoli e grandi. Non mancano discoteche e lounge bar per i pi\u00f9 giovani, in particolare nel comune di Ischia, dalla Riva Destra del porto fino al termine del rinomato Corso Vittoria Colonna. Tranquilli per\u00f2: anche in questi mesi di calca Ischia regala scorci ed ambientazioni diverse, pi\u00f9 intime. Soprattutto a &#8220;<a href=\"https:\/\/www.ischia.campania.it\/index.php\/alla-scoperta-di-merecoppe-la-parte-alta-dellisola-dischia\/\" target=\"_blank\">Merecoppe<\/a>&#8220;, la parte alta dell\u2019isola, quella meno turistica e pi\u00f9 lontana dalle luci, lo struscio e la movida del by night ischitano.<\/p>\n<table style=\"width: 100%; text-align: center;\" border=\"0\" cellspacing=\"0\" cellpadding=\"0\">\n<tbody>\n<tr>\n<td><strong>\u00b6<\/strong><\/td>\n<\/tr>\n<\/tbody>\n<\/table>\n<p><strong>Marzo, Aprile e Ottobre<\/strong><br \/>\n<a href=\"https:\/\/www.ischia.campania.it\/wp-content\/uploads\/2014\/07\/IMG_3058.jpg\"><img data-attachment-id=\"4207\" data-permalink=\"https:\/\/www.ischia.campania.it\/index.php\/le-stagioni-di-ischia\/img_3058\/\" data-orig-file=\"https:\/\/www.ischia.campania.it\/wp-content\/uploads\/2014\/07\/IMG_3058.jpg\" data-orig-size=\"800,533\" data-comments-opened=\"1\" data-image-meta=\"{&quot;aperture&quot;:&quot;0&quot;,&quot;credit&quot;:&quot;&quot;,&quot;camera&quot;:&quot;&quot;,&quot;caption&quot;:&quot;&quot;,&quot;created_timestamp&quot;:&quot;0&quot;,&quot;copyright&quot;:&quot;&quot;,&quot;focal_length&quot;:&quot;0&quot;,&quot;iso&quot;:&quot;0&quot;,&quot;shutter_speed&quot;:&quot;0&quot;,&quot;title&quot;:&quot;&quot;}\" data-image-title=\"IMG_3058\" data-image-description=\"\" data-image-caption=\"\" data-medium-file=\"https:\/\/www.ischia.campania.it\/wp-content\/uploads\/2014\/07\/IMG_3058-446x297.jpg\" data-large-file=\"https:\/\/www.ischia.campania.it\/wp-content\/uploads\/2014\/07\/IMG_3058.jpg\" loading=\"lazy\" class=\"alignnone size-full wp-image-4207\" src=\"https:\/\/www.ischia.campania.it\/wp-content\/uploads\/2014\/07\/IMG_3058.jpg\" alt=\"IMG_3058\" width=\"800\" height=\"533\" srcset=\"https:\/\/www.ischia.campania.it\/wp-content\/uploads\/2014\/07\/IMG_3058.jpg 800w, https:\/\/www.ischia.campania.it\/wp-content\/uploads\/2014\/07\/IMG_3058-446x297.jpg 446w, https:\/\/www.ischia.campania.it\/wp-content\/uploads\/2014\/07\/IMG_3058-140x94.jpg 140w\" sizes=\"(max-width: 800px) 100vw, 800px\" \/><\/a><br \/>\n<strong>Marzo, aprile e ottobre sono i mesi del &#8220;<em>limbo<\/em>&#8220;<\/strong>. I primi due, di attesa della stagione turistica che convenzionalmente comincia con la domenica di Pasqua. Ottobre, invece, di preparazione all\u2019autunno e all\u2019inverno, quando Ischia &#8211; se vogliamo &#8211; mostra un fascino melanconico, quasi contemplativo. Fino a un certo punto per\u00f2, perch\u00e8 comunque parliamo di una delle stazioni termali pi\u00f9 famose al mondo che, per di pi\u00f9, conta oltre 60.000 residenti. Una media citt\u00e0 di provincia, con il vantaggio di essere un\u2019isola, in qualche modo avulsa dai problemi sociali che assillano tante realt\u00e0 della terraferma. Intanto, molti hotel restano aperti per i numerosi gruppi che in questi periodi dell\u2019anno, soprattutto ottobre, scelgono Ischia per le loro cure termali.<\/p>\n<table style=\"width: 100%; text-align: center;\" border=\"0\" cellspacing=\"0\" cellpadding=\"0\">\n<tbody>\n<tr>\n<td><strong>\u00b6<\/strong><\/td>\n<\/tr>\n<\/tbody>\n<\/table>\n<p><strong>Novembre, Dicembre, Gennaio e Febbraio<\/strong><br \/>\n<a href=\"https:\/\/www.ischia.campania.it\/wp-content\/uploads\/2013\/11\/IMG_0309.jpg\"><img data-attachment-id=\"2259\" data-permalink=\"https:\/\/www.ischia.campania.it\/index.php\/capodanno-a-ischia\/img_0309\/\" data-orig-file=\"https:\/\/www.ischia.campania.it\/wp-content\/uploads\/2013\/11\/IMG_0309.jpg\" data-orig-size=\"800,533\" data-comments-opened=\"1\" data-image-meta=\"{&quot;aperture&quot;:&quot;0&quot;,&quot;credit&quot;:&quot;&quot;,&quot;camera&quot;:&quot;&quot;,&quot;caption&quot;:&quot;&quot;,&quot;created_timestamp&quot;:&quot;0&quot;,&quot;copyright&quot;:&quot;&quot;,&quot;focal_length&quot;:&quot;0&quot;,&quot;iso&quot;:&quot;0&quot;,&quot;shutter_speed&quot;:&quot;0&quot;,&quot;title&quot;:&quot;&quot;}\" data-image-title=\"IMG_0309\" data-image-description=\"\" data-image-caption=\"\" data-medium-file=\"https:\/\/www.ischia.campania.it\/wp-content\/uploads\/2013\/11\/IMG_0309-446x297.jpg\" data-large-file=\"https:\/\/www.ischia.campania.it\/wp-content\/uploads\/2013\/11\/IMG_0309.jpg\" loading=\"lazy\" class=\"alignnone size-full wp-image-2259\" src=\"https:\/\/www.ischia.campania.it\/wp-content\/uploads\/2013\/11\/IMG_0309.jpg\" alt=\"IMG_0309\" width=\"800\" height=\"533\" srcset=\"https:\/\/www.ischia.campania.it\/wp-content\/uploads\/2013\/11\/IMG_0309.jpg 800w, https:\/\/www.ischia.campania.it\/wp-content\/uploads\/2013\/11\/IMG_0309-446x297.jpg 446w, https:\/\/www.ischia.campania.it\/wp-content\/uploads\/2013\/11\/IMG_0309-140x94.jpg 140w\" sizes=\"(max-width: 800px) 100vw, 800px\" \/><\/a><br \/>\n<strong>L\u2019inverno \u00e8 probabilmente il periodo dell\u2019anno migliore per comprendere l\u2019essenza di un\u2019isola<\/strong>. Che cosa significa, cio\u00e8, abitare in un luogo circondato dal mare, pi\u00f9 esposto alle intemperie e a impedimenti dovuti a cause di forza maggiore. Ecco per\u00f2 che una burrasca di ponente, il cielo terso di una giornata di tramontana svelano nuovi scorci, nuove facce di un\u2019isola che \u00e8 tutta un panorama, assai diversa da nord a sud, da est a ovest. Anche qui per\u00f2 le differenze non vanno enfatizzate oltremodo. L\u2019inverno, a Ischia, \u00e8 assai mite, al punto che \u00e8 sufficiente una bella giornata di sole per fare il bagno anche a dicembre e gennaio. S\u00ec, avete capito bene, e non si tratta del gesto goliardico di uno o pi\u00f9 temerari, ma della normalit\u00e0 di chi conosce le acque delle &#8220;Fumarole&#8221;, sulla spiaggia dei Maronti, o della baia rocciosa di Sorgeto, a Forio. In queste localit\u00e0, la circolazione sotterranea di vene di acqua calda termale riscalda ampi tratti di mare, talvolta ben oltre il bagnasciuga. L\u2019unica accortenza, per chi volesse provare l\u2019ebbrezza di un bagno invernale, \u00e8 munirsi di un accappatoio per quando si esce dall\u2019acqua. Per il resto, vale per l\u2019inverno quanto gi\u00e0 detto a proposito dei mesi autunnali: molti hotel sono ormai aperti tutto l\u2019anno per cui il Natale o, ancora meglio, il <a href=\"https:\/\/www.ischia.campania.it\/index.php\/capodanno-a-ischia\/\" target=\"_blank\">Capodanno<\/a> a Ischia sono tutt\u2019altro che idee bizzarre. Vi aspettiamo!!!<\/p>\n","protected":false},"excerpt":{"rendered":"<p>Qual \u00e8 il periodo migliore per venire a Ischia? Una domanda che fanno in molti e a cui in realt\u00e0 non c\u2019\u00e8 una risposta precisa. Sull\u2019&#8221;Isola Verde&#8221; ogni stagione ha il suo fascino, anche se sono senza dubbio i mesi di maggio, giugno e settembre quelli che svelano l\u2019immagine pi\u00f9 autentica dell\u2019isola. \u00b6 Maggio e [&hellip;]<\/p>\n","protected":false},"author":2,"featured_media":4509,"comment_status":"open","ping_status":"closed","sticky":false,"template":"","format":"standard","meta":{"_et_pb_use_builder":"","_et_pb_old_content":"","_et_gb_content_width":"","_monsterinsights_skip_tracking":false,"_monsterinsights_sitenote_active":false,"_monsterinsights_sitenote_note":"","_monsterinsights_sitenote_category":0,"spay_email":""},"categories":[21,1],"tags":[],"jetpack_featured_media_url":"https:\/\/www.ischia.campania.it\/wp-content\/uploads\/2014\/08\/copertina-Ischia-stagioni.jpg","jetpack_shortlink":"https:\/\/wp.me\/p3yuov-1aE","jetpack_sharing_enabled":true,"_links":{"self":[{"href":"https:\/\/www.ischia.campania.it\/index.php\/wp-json\/wp\/v2\/posts\/4504"}],"collection":[{"href":"https:\/\/www.ischia.campania.it\/index.php\/wp-json\/wp\/v2\/posts"}],"about":[{"href":"https:\/\/www.ischia.campania.it\/index.php\/wp-json\/wp\/v2\/types\/post"}],"author":[{"embeddable":true,"href":"https:\/\/www.ischia.campania.it\/index.php\/wp-json\/wp\/v2\/users\/2"}],"replies":[{"embeddable":true,"href":"https:\/\/www.ischia.campania.it\/index.php\/wp-json\/wp\/v2\/comments?post=4504"}],"version-history":[{"count":9,"href":"https:\/\/www.ischia.campania.it\/index.php\/wp-json\/wp\/v2\/posts\/4504\/revisions"}],"predecessor-version":[{"id":4537,"href":"https:\/\/www.ischia.campania.it\/index.php\/wp-json\/wp\/v2\/posts\/4504\/revisions\/4537"}],"wp:featuredmedia":[{"embeddable":true,"href":"https:\/\/www.ischia.campania.it\/index.php\/wp-json\/wp\/v2\/media\/4509"}],"wp:attachment":[{"href":"https:\/\/www.ischia.campania.it\/index.php\/wp-json\/wp\/v2\/media?parent=4504"}],"wp:term":[{"taxonomy":"category","embeddable":true,"href":"https:\/\/www.ischia.campania.it\/index.php\/wp-json\/wp\/v2\/categories?post=4504"},{"taxonomy":"post_tag","embeddable":true,"href":"https:\/\/www.ischia.campania.it\/index.php\/wp-json\/wp\/v2\/tags?post=4504"}],"curies":[{"name":"wp","href":"https:\/\/api.w.org\/{rel}","templated":true}]}}