{"id":4515,"date":"2014-08-28T16:16:34","date_gmt":"2014-08-28T14:16:34","guid":{"rendered":"https:\/\/www.ischia.campania.it\/?p=4515"},"modified":"2018-08-21T15:28:37","modified_gmt":"2018-08-21T13:28:37","slug":"cosa-fare-a-ischia-a-settembre","status":"publish","type":"post","link":"https:\/\/www.ischia.campania.it\/index.php\/cosa-fare-a-ischia-a-settembre\/","title":{"rendered":"Cosa fare a Ischia a settembre"},"content":{"rendered":"<div id=\"itiner-social\" style=\"padding: 5px 0; float:left; width:100%;\"><a href=\"https:\/\/twitter.com\/share\" class=\"twitter-share-button\" data-url=\"http:\/\/www.ischia.campania.it\/index.php\/cosa-fare-a-ischia-a-settembre\/\" data-text=\"ItinerSocial\" data-count=\"horizontal\" data-via=\"ItinerSocial\" style=\"flaot:left;margin: 0 10px\"><\/a><div class=\"fb-like\" data-href=\"http:\/\/www.ischia.campania.it\/index.php\/cosa-fare-a-ischia-a-settembre\/\" data-layout=\"button_count\" data-send=\"false\" data-show-faces=\"false\" data-width=\"90\" style=\"flaot:left;margin: 0 10px\"><\/div><div class=\"g-plusone\" data-annotation=\"inline\" data-href=\"http:\/\/www.ischia.campania.it\/index.php\/cosa-fare-a-ischia-a-settembre\/\" data-size=\"medium\" data-width=\"120\" style=\"flaot:left;margin: 0 10px\"><\/div><\/div><p>\u00ab<em><strong>Salve, avrei intenzione di trascorrere un weekend a Ischia<\/strong> <strong>a settembre<\/strong>, e perci\u00f2 volevo sapere: in quel periodo \u00e8 ancora possibile andare a mare, c&#8217;\u00e8 movimento in giro?\u00bb <\/em>Questa, insieme alla pi\u00f9 generica: \u00ab<em>qual \u00e8 il periodo migliore per venire<\/em>\u00bb, sono alcune delle domande pi\u00f9 ricorrenti che si leggono sui blog, i forum, i social dove si parla di Ischia. Soprattutto dopo ferragosto, man mano che l\u2019estate &#8211; <em>&#8220;\u2018a staggione<\/em>&#8221; in dialetto -, volge al termine.<\/p>\n<p><strong><a href=\"https:\/\/www.ischia.campania.it\/wp-content\/uploads\/2014\/07\/IMG_3049.jpg\"><img data-attachment-id=\"4205\" data-permalink=\"https:\/\/www.ischia.campania.it\/index.php\/cosa-fare-a-ischia-a-settembre\/img_3049\/\" data-orig-file=\"https:\/\/www.ischia.campania.it\/wp-content\/uploads\/2014\/07\/IMG_3049.jpg\" data-orig-size=\"800,533\" data-comments-opened=\"1\" data-image-meta=\"{&quot;aperture&quot;:&quot;0&quot;,&quot;credit&quot;:&quot;&quot;,&quot;camera&quot;:&quot;&quot;,&quot;caption&quot;:&quot;&quot;,&quot;created_timestamp&quot;:&quot;0&quot;,&quot;copyright&quot;:&quot;&quot;,&quot;focal_length&quot;:&quot;0&quot;,&quot;iso&quot;:&quot;0&quot;,&quot;shutter_speed&quot;:&quot;0&quot;,&quot;title&quot;:&quot;&quot;}\" data-image-title=\"IMG_3049\" data-image-description=\"\" data-image-caption=\"\" data-medium-file=\"https:\/\/www.ischia.campania.it\/wp-content\/uploads\/2014\/07\/IMG_3049-446x297.jpg\" data-large-file=\"https:\/\/www.ischia.campania.it\/wp-content\/uploads\/2014\/07\/IMG_3049.jpg\" loading=\"lazy\" class=\"alignnone size-full wp-image-4205\" src=\"https:\/\/www.ischia.campania.it\/wp-content\/uploads\/2014\/07\/IMG_3049.jpg\" alt=\"IMG_3049\" width=\"800\" height=\"533\" srcset=\"https:\/\/www.ischia.campania.it\/wp-content\/uploads\/2014\/07\/IMG_3049.jpg 800w, https:\/\/www.ischia.campania.it\/wp-content\/uploads\/2014\/07\/IMG_3049-446x297.jpg 446w, https:\/\/www.ischia.campania.it\/wp-content\/uploads\/2014\/07\/IMG_3049-140x94.jpg 140w\" sizes=\"(max-width: 800px) 100vw, 800px\" \/><\/a><br \/>\nLa risposta \u00e8 che s\u00ec, settembre \u00e8 decisamente il mese migliore per regalarsi una vacanza a Ischia<\/strong> ed \u00e8 pure (con i mesi di maggio e giugno) il periodo migliore dell\u2019anno per visitarla. Settembre, ma anche ottobre, perch\u00e9 la fine dell\u2019estate \u00e8 questione di sfumature, di giornate che si accorciano, gente che va via, un po&#8217; come una festa che finisce con il padrone di casa fermo sull\u2019uscio a salutare gli ospiti. Nel frattempo, per\u00f2, negozi e alberghi sono ancora tutti aperti, il termometro segna 30\u00b0C, il mare \u00e8 una tavola blu, in spiaggia \u00e8 pi\u00f9 facile trovare posto in prima fila e si pu\u00f2 andare a cena in quel ristorante di cui si \u00e8 tanto sentito parlare senza dover prenotare dal mattino!<\/p>\n<p><strong><a href=\"https:\/\/www.ischia.campania.it\/wp-content\/uploads\/2014\/08\/IMG_3539.jpg\"><img data-attachment-id=\"4521\" data-permalink=\"https:\/\/www.ischia.campania.it\/index.php\/cosa-fare-a-ischia-a-settembre\/img_3539\/\" data-orig-file=\"https:\/\/www.ischia.campania.it\/wp-content\/uploads\/2014\/08\/IMG_3539.jpg\" data-orig-size=\"800,533\" data-comments-opened=\"1\" data-image-meta=\"{&quot;aperture&quot;:&quot;0&quot;,&quot;credit&quot;:&quot;&quot;,&quot;camera&quot;:&quot;&quot;,&quot;caption&quot;:&quot;&quot;,&quot;created_timestamp&quot;:&quot;0&quot;,&quot;copyright&quot;:&quot;&quot;,&quot;focal_length&quot;:&quot;0&quot;,&quot;iso&quot;:&quot;0&quot;,&quot;shutter_speed&quot;:&quot;0&quot;,&quot;title&quot;:&quot;&quot;}\" data-image-title=\"IMG_3539\" data-image-description=\"\" data-image-caption=\"\" data-medium-file=\"https:\/\/www.ischia.campania.it\/wp-content\/uploads\/2014\/08\/IMG_3539-446x297.jpg\" data-large-file=\"https:\/\/www.ischia.campania.it\/wp-content\/uploads\/2014\/08\/IMG_3539.jpg\" loading=\"lazy\" class=\"alignnone size-full wp-image-4521\" src=\"https:\/\/www.ischia.campania.it\/wp-content\/uploads\/2014\/08\/IMG_3539.jpg\" alt=\"IMG_3539\" width=\"800\" height=\"533\" srcset=\"https:\/\/www.ischia.campania.it\/wp-content\/uploads\/2014\/08\/IMG_3539.jpg 800w, https:\/\/www.ischia.campania.it\/wp-content\/uploads\/2014\/08\/IMG_3539-446x297.jpg 446w, https:\/\/www.ischia.campania.it\/wp-content\/uploads\/2014\/08\/IMG_3539-140x94.jpg 140w\" sizes=\"(max-width: 800px) 100vw, 800px\" \/><\/a><br \/>\nNon solo, perch\u00e8 settembre, a Ischia, \u00e8 il mese della vendemmia<\/strong>, una festa che coinvolge tantissime famiglie sull\u2019isola e che funziona da vero e proprio &#8220;<em>rito di passaggio<\/em>&#8221; tra il tempo veloce dell\u2019estate e quello lento dell\u2019autunno e dell\u2019inverno. &#8220;<a href=\"https:\/\/www.ischia.campania.it\/index.php\/andar-per-cantine-ischia-e-le-sue-radici-contadine\/\" target=\"_blank\" rel=\"noopener\">Andar per Cantine<\/a>&#8220;, la seconda met\u00e0 di settembre, \u00e8 la rassegna enogastronomica che da anni, ormai, mostra l\u2019aspetto rurale di Ischia: la vendemmia, i poderi, le cantine e le biografie dei tanti contadini dell\u2019isola pi\u00f9 grande del Golfo di Napoli. Storie come quella di Ciro Iacono, contadino di <a href=\"https:\/\/www.ischia.campania.it\/index.php\/calimera-e-noia-i-borghi-contadini-di-serrara-fontana\/\" target=\"_blank\" rel=\"noopener\">Noia<\/a> (Serrara Fontana)\u00a0 che per quasi tutta la vita si \u00e8 preso cura della sua vigna con una mano sola, oppure quella della famiglia Muratori, imprenditori bresciani che hanno deciso di realizzare a Ischia, a <a href=\"https:\/\/www.ischia.campania.it\/index.php\/panza-il-cuore-della-viticoltura-ischitana\/\" target=\"_blank\" rel=\"noopener\">Panza<\/a> (Forio) per la precisione, uno dei loro vigneti pi\u00f9 importanti, dove producono dell\u2019ottimo passito.<\/p>\n<a href='http:\/\/www.prontoischia.it\/SETTEMBRE' class='big-button bigblue' target=\"_blank\">Clicca qui per le Offerte di Hotel a Ischia per Settembre<\/a>\n<p><strong><a href=\"https:\/\/www.ischia.campania.it\/wp-content\/uploads\/2014\/04\/IMG_8284.jpg\"><img data-attachment-id=\"3327\" data-permalink=\"https:\/\/www.ischia.campania.it\/index.php\/cosa-fare-a-ischia-a-settembre\/img_8284\/\" data-orig-file=\"https:\/\/www.ischia.campania.it\/wp-content\/uploads\/2014\/04\/IMG_8284.jpg\" data-orig-size=\"800,533\" data-comments-opened=\"1\" data-image-meta=\"{&quot;aperture&quot;:&quot;0&quot;,&quot;credit&quot;:&quot;&quot;,&quot;camera&quot;:&quot;&quot;,&quot;caption&quot;:&quot;&quot;,&quot;created_timestamp&quot;:&quot;0&quot;,&quot;copyright&quot;:&quot;&quot;,&quot;focal_length&quot;:&quot;0&quot;,&quot;iso&quot;:&quot;0&quot;,&quot;shutter_speed&quot;:&quot;0&quot;,&quot;title&quot;:&quot;&quot;}\" data-image-title=\"IMG_8284\" data-image-description=\"\" data-image-caption=\"\" data-medium-file=\"https:\/\/www.ischia.campania.it\/wp-content\/uploads\/2014\/04\/IMG_8284-446x297.jpg\" data-large-file=\"https:\/\/www.ischia.campania.it\/wp-content\/uploads\/2014\/04\/IMG_8284.jpg\" loading=\"lazy\" class=\"alignnone size-full wp-image-3327\" src=\"https:\/\/www.ischia.campania.it\/wp-content\/uploads\/2014\/04\/IMG_8284.jpg\" alt=\"IMG_8284\" width=\"800\" height=\"533\" srcset=\"https:\/\/www.ischia.campania.it\/wp-content\/uploads\/2014\/04\/IMG_8284.jpg 800w, https:\/\/www.ischia.campania.it\/wp-content\/uploads\/2014\/04\/IMG_8284-446x297.jpg 446w, https:\/\/www.ischia.campania.it\/wp-content\/uploads\/2014\/04\/IMG_8284-140x94.jpg 140w\" sizes=\"(max-width: 800px) 100vw, 800px\" \/><\/a><br \/>\nA fianco questi racconti che svelano il volto autentico di Ischia<\/strong>, lontano mille miglia dallo stereotipo della &#8220;<em>semplice<\/em>&#8221; localit\u00e0 balneare, a settembre ricorrono tre delle feste religiose pi\u00f9 sentite sull\u2019isola. I festeggiamenti in onore di San Giovan Giuseppe della Croce, patrono dell&#8217;isola d&#8217;Ischia, la prima domenica di settembre; la <a href=\"https:\/\/www.ischia.campania.it\/index.php\/la-festa-di-santa-maria-al-monte\/\" target=\"_blank\" rel=\"noopener\">Festa di Santa Maria al Monte<\/a>, il 12 settembre, e soprattutto la Festa di San Michele, a Sant\u2019Angelo, il 29 del mese. Quest\u2019ultima, in particolar modo, coinvolge tutti gli abitanti del borgo, che nei due giorni dei festeggiamenti, ma anche in quelli precedenti, partecipano intensamente all\u2019organizzazione, alle celebrazioni liturgiche e alla spettacolare processione via mare. A detta di molti una delle pi\u00f9 belle nel panorama regionale, cui partecipano decine e decine di imbarcazioni a seguito del Santo Patrono che dal Porto di Sant&#8217;Angelo arriva fino a &#8220;Cava Petrelle&#8221;, in fondo alla <a href=\"https:\/\/www.ischia.campania.it\/index.php\/i-maronti-la-spiaggia-piu-grande-dellisola-dischia\/\" target=\"_blank\" rel=\"noopener\">spiaggia dei Maronti<\/a>.<\/p>\n<p><strong><a href=\"https:\/\/www.ischia.campania.it\/wp-content\/uploads\/2014\/08\/IMG_0139.jpg\"><img data-attachment-id=\"4520\" data-permalink=\"https:\/\/www.ischia.campania.it\/index.php\/cosa-fare-a-ischia-a-settembre\/img_0139\/\" data-orig-file=\"https:\/\/www.ischia.campania.it\/wp-content\/uploads\/2014\/08\/IMG_0139.jpg\" data-orig-size=\"800,533\" data-comments-opened=\"1\" data-image-meta=\"{&quot;aperture&quot;:&quot;0&quot;,&quot;credit&quot;:&quot;&quot;,&quot;camera&quot;:&quot;&quot;,&quot;caption&quot;:&quot;&quot;,&quot;created_timestamp&quot;:&quot;0&quot;,&quot;copyright&quot;:&quot;&quot;,&quot;focal_length&quot;:&quot;0&quot;,&quot;iso&quot;:&quot;0&quot;,&quot;shutter_speed&quot;:&quot;0&quot;,&quot;title&quot;:&quot;&quot;}\" data-image-title=\"IMG_0139\" data-image-description=\"\" data-image-caption=\"\" data-medium-file=\"https:\/\/www.ischia.campania.it\/wp-content\/uploads\/2014\/08\/IMG_0139-446x297.jpg\" data-large-file=\"https:\/\/www.ischia.campania.it\/wp-content\/uploads\/2014\/08\/IMG_0139.jpg\" loading=\"lazy\" class=\"alignnone size-full wp-image-4520\" src=\"https:\/\/www.ischia.campania.it\/wp-content\/uploads\/2014\/08\/IMG_0139.jpg\" alt=\"IMG_0139\" width=\"800\" height=\"533\" srcset=\"https:\/\/www.ischia.campania.it\/wp-content\/uploads\/2014\/08\/IMG_0139.jpg 800w, https:\/\/www.ischia.campania.it\/wp-content\/uploads\/2014\/08\/IMG_0139-446x297.jpg 446w, https:\/\/www.ischia.campania.it\/wp-content\/uploads\/2014\/08\/IMG_0139-140x94.jpg 140w\" sizes=\"(max-width: 800px) 100vw, 800px\" \/><\/a><br \/>\nInsomma, l\u2019unica controindicazione del mese di settembre a Ischia \u00e8 non esserci<\/strong>. Anche perch\u00e8, dettaglio non secondario, in questo periodo dell&#8217;anno le offerte sono imbattibili! Vi aspettiamo!<\/p>\n<a href='http:\/\/www.prontoischia.it\/SETTEMBRE' class='big-button bigblue' target=\"_blank\">Clicca qui per le Offerte di Hotel a Ischia per Settembre<\/a>\n","protected":false},"excerpt":{"rendered":"<p>\u00abSalve, avrei intenzione di trascorrere un weekend a Ischia a settembre, e perci\u00f2 volevo sapere: in quel periodo \u00e8 ancora possibile andare a mare, c&#8217;\u00e8 movimento in giro?\u00bb Questa, insieme alla pi\u00f9 generica: \u00abqual \u00e8 il periodo migliore per venire\u00bb, sono alcune delle domande pi\u00f9 ricorrenti che si leggono sui blog, i forum, i social [&hellip;]<\/p>\n","protected":false},"author":2,"featured_media":4519,"comment_status":"open","ping_status":"closed","sticky":false,"template":"","format":"standard","meta":{"_et_pb_use_builder":"","_et_pb_old_content":"","_et_gb_content_width":"","_monsterinsights_skip_tracking":false,"_monsterinsights_sitenote_active":false,"_monsterinsights_sitenote_note":"","_monsterinsights_sitenote_category":0,"spay_email":""},"categories":[21,1],"tags":[],"jetpack_featured_media_url":"https:\/\/www.ischia.campania.it\/wp-content\/uploads\/2014\/08\/copertina-settembre-ischia.jpg","jetpack_shortlink":"https:\/\/wp.me\/p3yuov-1aP","jetpack_sharing_enabled":true,"_links":{"self":[{"href":"https:\/\/www.ischia.campania.it\/index.php\/wp-json\/wp\/v2\/posts\/4515"}],"collection":[{"href":"https:\/\/www.ischia.campania.it\/index.php\/wp-json\/wp\/v2\/posts"}],"about":[{"href":"https:\/\/www.ischia.campania.it\/index.php\/wp-json\/wp\/v2\/types\/post"}],"author":[{"embeddable":true,"href":"https:\/\/www.ischia.campania.it\/index.php\/wp-json\/wp\/v2\/users\/2"}],"replies":[{"embeddable":true,"href":"https:\/\/www.ischia.campania.it\/index.php\/wp-json\/wp\/v2\/comments?post=4515"}],"version-history":[{"count":22,"href":"https:\/\/www.ischia.campania.it\/index.php\/wp-json\/wp\/v2\/posts\/4515\/revisions"}],"predecessor-version":[{"id":9010,"href":"https:\/\/www.ischia.campania.it\/index.php\/wp-json\/wp\/v2\/posts\/4515\/revisions\/9010"}],"wp:featuredmedia":[{"embeddable":true,"href":"https:\/\/www.ischia.campania.it\/index.php\/wp-json\/wp\/v2\/media\/4519"}],"wp:attachment":[{"href":"https:\/\/www.ischia.campania.it\/index.php\/wp-json\/wp\/v2\/media?parent=4515"}],"wp:term":[{"taxonomy":"category","embeddable":true,"href":"https:\/\/www.ischia.campania.it\/index.php\/wp-json\/wp\/v2\/categories?post=4515"},{"taxonomy":"post_tag","embeddable":true,"href":"https:\/\/www.ischia.campania.it\/index.php\/wp-json\/wp\/v2\/tags?post=4515"}],"curies":[{"name":"wp","href":"https:\/\/api.w.org\/{rel}","templated":true}]}}