{"id":4704,"date":"2014-10-15T11:20:11","date_gmt":"2014-10-15T09:20:11","guid":{"rendered":"https:\/\/www.ischia.campania.it\/?p=4704"},"modified":"2014-10-16T10:59:51","modified_gmt":"2014-10-16T08:59:51","slug":"storie-di-mare-dellisola-dischia","status":"publish","type":"post","link":"https:\/\/www.ischia.campania.it\/index.php\/storie-di-mare-dellisola-dischia\/","title":{"rendered":"Storie di mare dell&#8217;isola d&#8217;Ischia"},"content":{"rendered":"<div id=\"itiner-social\" style=\"padding: 5px 0; float:left; width:100%;\"><a href=\"https:\/\/twitter.com\/share\" class=\"twitter-share-button\" data-url=\"http:\/\/www.ischia.campania.it\/index.php\/storie-di-mare-dellisola-dischia\/\" data-text=\"ItinerSocial\" data-count=\"horizontal\" data-via=\"ItinerSocial\" style=\"flaot:left;margin: 0 10px\"><\/a><div class=\"fb-like\" data-href=\"http:\/\/www.ischia.campania.it\/index.php\/storie-di-mare-dellisola-dischia\/\" data-layout=\"button_count\" data-send=\"false\" data-show-faces=\"false\" data-width=\"90\" style=\"flaot:left;margin: 0 10px\"><\/div><div class=\"g-plusone\" data-annotation=\"inline\" data-href=\"http:\/\/www.ischia.campania.it\/index.php\/storie-di-mare-dellisola-dischia\/\" data-size=\"medium\" data-width=\"120\" style=\"flaot:left;margin: 0 10px\"><\/div><\/div><p><strong>\u00c8 vero, Ischia \u00e8 un'&#8221;<em>isola di terra<\/em>&#8220;<\/strong>. La prima isola del Mediterraneo occidentale in cui i Greci introdussero le fondamentali coltivazioni dell&#8217;olivo e della vite.<\/p>\n<p><strong>Ma questa \u00e8 solo una parte della storia<\/strong>. L&#8217;altra \u00e8 che Calcidesi ed Eretriesi provenienti dall&#8217;isola di Eubea portarono con s\u00e8 anche ami e piombi per la pesca, come emerso dagli scavi archeologici realizzati a <a href=\"https:\/\/www.ischia.campania.it\/index.php\/panza-il-cuore-della-viticoltura-ischitana\/\" target=\"_blank\">Panza<\/a> (localit\u00e0 Punta Chiarito) tra il 1993 e il 1995.<br \/>\n<strong><br \/>\nPerci\u00f2 va bene sottolineare le differenze<\/strong>, ma bisogna fare attenzione a non enfatizzarle oltremodo. Anzi, chi volesse approfondire storia e cultura dell&#8217;isola pi\u00f9 grande del Golfo di Napoli, far\u00e0 bene a rivolgere la propria attenzione soprattutto alla minoranza dei pescatori concentrata nei borghi di Sant&#8217;Angelo e Ischia Ponte.<\/p>\n<p><strong>Sono loro,<\/strong> <strong>infatti,<\/strong> <strong>i custodi delle ricorrenze maggiormente sentite a livello locale<\/strong>. Compreso il <a href=\"https:\/\/www.ischia.campania.it\/index.php\/panza-il-cuore-della-viticoltura-ischitana\/\" target=\"_blank\">coniglio all&#8217;ischitana<\/a> che &#8211; non tutti sanno &#8211; era il pasto pi\u00f9 consumato a bordo delle imbarcazioni di ritorno dal pellegrinaggio alla chiesetta di Sant&#8217;Anna che ha dato poi il l\u00e0 alla celebre festa del 26 luglio.<\/p>\n<p><strong>Ma il &#8220;<em>peso<\/em>&#8221; dei pescatori e della pesca a Ischia<\/strong>, non riguarda solo religione e tradizioni popolari. Non \u00e8 un caso che alcuni degli artisti di maggior talento nati e\/o vissuti sull&#8217;isola abbiano dedicato proprio ai pescatori cicli pittorici piuttosto lunghi. Solo per dirne due: Eduard Bargheer e Gabriele Mattera hanno passato ore, mesi, anni a ritrarre i pescatori di Forio (il primo) e quelli dell&#8217;antico &#8220;<em>Borgo di Celsa<\/em>&#8221; (Mattera).<\/p>\n<p><strong>C&#8217;entra l&#8217;arte e c&#8217;entrano le leggende<\/strong>. Come quella della coda del diavolo (&#8220;<em>a cor \u2019e zefere<\/em>\u201d in dialetto) e l&#8217;altra, pi\u00f9 famosa, della Grotta del Mago.<\/p>\n<p><strong>Insomma, quasi non c&#8217;\u00e8 ambito della vita sociale e culturale dell&#8217;isola d&#8217;Ischia<\/strong> in cui i pescatori non siano presenti a dispetto del loro &#8220;<em>essere minoranza<\/em>&#8220;. Per rendersene conto, bisogna approfondire singolarmente ciascuno dei punti cui sinora accennato.<\/p>\n<p><strong>Buona lettura<\/strong>:<\/p>\n<table style=\"text-align: left; width: 50%;\" border=\"0\" cellspacing=\"0\" cellpadding=\"0\">\n<tbody>\n<tr>\n<td><a href=\"https:\/\/www.ischia.campania.it\/index.php\/lisola-dischia-e-lantico-mestiere-della-pesca\/\" target=\"_blank\">L&#8217;isola d&#8217;Ischia e l&#8217;antico mestiere della pesca<\/a><\/td>\n<\/tr>\n<tr>\n<td><a href=\"https:\/\/www.ischia.campania.it\/index.php\/i-pescatori-dellisola-dischia\/\" target=\"_blank\">I pescatori dell&#8217;isola d&#8217;Ischia<\/a><\/td>\n<\/tr>\n<tr>\n<td><a href=\"https:\/\/www.ischia.campania.it\/index.php\/il-museo-del-mare-di-ischia-ponte\/\" target=\"_blank\">Il Museo del Mare di Ischia Ponte<\/a><\/td>\n<\/tr>\n<tr>\n<td><a href=\"https:\/\/www.ischia.campania.it\/index.php\/lamore-per-forio-di-eduard-bargheer\/\" target=\"_blank\">L&#8217;amore per Forio di Eduard Bargheer<\/a><\/td>\n<\/tr>\n<tr>\n<td><a href=\"https:\/\/www.ischia.campania.it\/index.php\/il-realismo-visionario-di-gabriele-mattera-lartista-del-castello-aragonese\/\" target=\"_blank\">Il realismo visionario di Gabriele Mattera<\/a><\/td>\n<\/tr>\n<tr>\n<td><a href=\"https:\/\/www.ischia.campania.it\/index.php\/la-grotta-del-mago-di-ischia-tra-storia-e-mito\/\" target=\"_blank\">La Grotta del Mago di Ischia<\/a><\/td>\n<\/tr>\n<tr>\n<td><a href=\"https:\/\/www.ischia.campania.it\/index.php\/la-mandra-la-spiaggia-dei-pescatori-e-lo-spirito-popolare-di-ischia\/\" target=\"_blank\">La spiaggia dei pescatori <\/a><\/td>\n<\/tr>\n<\/tbody>\n<\/table>\n\n\t\t<style type=\"text\/css\">\n\t\t\t#gallery-1 {\n\t\t\t\tmargin: auto;\n\t\t\t}\n\t\t\t#gallery-1 .gallery-item {\n\t\t\t\tfloat: left;\n\t\t\t\tmargin-top: 10px;\n\t\t\t\ttext-align: center;\n\t\t\t\twidth: 33%;\n\t\t\t}\n\t\t\t#gallery-1 img {\n\t\t\t\tborder: 2px solid #cfcfcf;\n\t\t\t}\n\t\t\t#gallery-1 .gallery-caption {\n\t\t\t\tmargin-left: 0;\n\t\t\t}\n\t\t\t\/* see gallery_shortcode() in wp-includes\/media.php *\/\n\t\t<\/style>\n\t\t<div data-carousel-extra='{\"blog_id\":1,\"permalink\":\"https:\\\/\\\/www.ischia.campania.it\\\/index.php\\\/storie-di-mare-dellisola-dischia\\\/\"}' id='gallery-1' class='gallery galleryid-4704 gallery-columns-3 gallery-size-thumbnail'><dl class='gallery-item'>\n\t\t\t<dt class='gallery-icon landscape'>\n\t\t\t\t<a href='https:\/\/www.ischia.campania.it\/wp-content\/uploads\/2013\/02\/articolo-pesca-copertina.jpg'><img width=\"150\" height=\"150\" src=\"https:\/\/www.ischia.campania.it\/wp-content\/uploads\/2013\/02\/articolo-pesca-copertina-150x150.jpg\" class=\"attachment-thumbnail size-thumbnail\" alt=\"\" loading=\"lazy\" srcset=\"https:\/\/www.ischia.campania.it\/wp-content\/uploads\/2013\/02\/articolo-pesca-copertina-150x150.jpg 150w, https:\/\/www.ischia.campania.it\/wp-content\/uploads\/2013\/02\/articolo-pesca-copertina-130x130.jpg 130w, https:\/\/www.ischia.campania.it\/wp-content\/uploads\/2013\/02\/articolo-pesca-copertina-67x67.jpg 67w, https:\/\/www.ischia.campania.it\/wp-content\/uploads\/2013\/02\/articolo-pesca-copertina-40x40.jpg 40w, https:\/\/www.ischia.campania.it\/wp-content\/uploads\/2013\/02\/articolo-pesca-copertina-184x184.jpg 184w\" sizes=\"(max-width: 150px) 100vw, 150px\" data-attachment-id=\"1205\" data-permalink=\"https:\/\/www.ischia.campania.it\/index.php\/lisola-dischia-e-lantico-mestiere-della-pesca\/articolo-pesca-copertina\/\" data-orig-file=\"https:\/\/www.ischia.campania.it\/wp-content\/uploads\/2013\/02\/articolo-pesca-copertina.jpg\" data-orig-size=\"750,500\" data-comments-opened=\"1\" data-image-meta=\"{&quot;aperture&quot;:&quot;0&quot;,&quot;credit&quot;:&quot;&quot;,&quot;camera&quot;:&quot;&quot;,&quot;caption&quot;:&quot;&quot;,&quot;created_timestamp&quot;:&quot;0&quot;,&quot;copyright&quot;:&quot;&quot;,&quot;focal_length&quot;:&quot;0&quot;,&quot;iso&quot;:&quot;0&quot;,&quot;shutter_speed&quot;:&quot;0&quot;,&quot;title&quot;:&quot;&quot;}\" data-image-title=\"articolo pesca copertina\" data-image-description=\"\" data-image-caption=\"\" data-medium-file=\"https:\/\/www.ischia.campania.it\/wp-content\/uploads\/2013\/02\/articolo-pesca-copertina-446x297.jpg\" data-large-file=\"https:\/\/www.ischia.campania.it\/wp-content\/uploads\/2013\/02\/articolo-pesca-copertina.jpg\" \/><\/a>\n\t\t\t<\/dt><\/dl><dl class='gallery-item'>\n\t\t\t<dt class='gallery-icon portrait'>\n\t\t\t\t<a href='https:\/\/www.ischia.campania.it\/wp-content\/uploads\/2014\/08\/IMG_7587.jpg'><img width=\"150\" height=\"150\" src=\"https:\/\/www.ischia.campania.it\/wp-content\/uploads\/2014\/08\/IMG_7587-150x150.jpg\" class=\"attachment-thumbnail size-thumbnail\" alt=\"\" loading=\"lazy\" srcset=\"https:\/\/www.ischia.campania.it\/wp-content\/uploads\/2014\/08\/IMG_7587-150x150.jpg 150w, https:\/\/www.ischia.campania.it\/wp-content\/uploads\/2014\/08\/IMG_7587-130x130.jpg 130w, https:\/\/www.ischia.campania.it\/wp-content\/uploads\/2014\/08\/IMG_7587-67x67.jpg 67w, https:\/\/www.ischia.campania.it\/wp-content\/uploads\/2014\/08\/IMG_7587-40x40.jpg 40w, https:\/\/www.ischia.campania.it\/wp-content\/uploads\/2014\/08\/IMG_7587-184x184.jpg 184w\" sizes=\"(max-width: 150px) 100vw, 150px\" data-attachment-id=\"4327\" data-permalink=\"https:\/\/www.ischia.campania.it\/index.php\/i-pescatori-dellisola-dischia\/img_7587\/\" data-orig-file=\"https:\/\/www.ischia.campania.it\/wp-content\/uploads\/2014\/08\/IMG_7587.jpg\" data-orig-size=\"500,750\" data-comments-opened=\"1\" data-image-meta=\"{&quot;aperture&quot;:&quot;13&quot;,&quot;credit&quot;:&quot;Itiner s.n.c.&quot;,&quot;camera&quot;:&quot;Canon EOS 70D&quot;,&quot;caption&quot;:&quot;&quot;,&quot;created_timestamp&quot;:&quot;1401557907&quot;,&quot;copyright&quot;:&quot;Itiner s.n.c.&quot;,&quot;focal_length&quot;:&quot;105&quot;,&quot;iso&quot;:&quot;250&quot;,&quot;shutter_speed&quot;:&quot;0.005&quot;,&quot;title&quot;:&quot;&quot;}\" data-image-title=\"IMG_7587\" data-image-description=\"\" data-image-caption=\"\" data-medium-file=\"https:\/\/www.ischia.campania.it\/wp-content\/uploads\/2014\/08\/IMG_7587-446x669.jpg\" data-large-file=\"https:\/\/www.ischia.campania.it\/wp-content\/uploads\/2014\/08\/IMG_7587.jpg\" \/><\/a>\n\t\t\t<\/dt><\/dl><dl class='gallery-item'>\n\t\t\t<dt class='gallery-icon landscape'>\n\t\t\t\t<a href='https:\/\/www.ischia.campania.it\/wp-content\/uploads\/2013\/10\/museo-mare.jpg'><img width=\"150\" height=\"150\" src=\"https:\/\/www.ischia.campania.it\/wp-content\/uploads\/2013\/10\/museo-mare-150x150.jpg\" class=\"attachment-thumbnail size-thumbnail\" alt=\"\" loading=\"lazy\" srcset=\"https:\/\/www.ischia.campania.it\/wp-content\/uploads\/2013\/10\/museo-mare-150x150.jpg 150w, https:\/\/www.ischia.campania.it\/wp-content\/uploads\/2013\/10\/museo-mare-130x130.jpg 130w, https:\/\/www.ischia.campania.it\/wp-content\/uploads\/2013\/10\/museo-mare-67x67.jpg 67w, https:\/\/www.ischia.campania.it\/wp-content\/uploads\/2013\/10\/museo-mare-40x40.jpg 40w, https:\/\/www.ischia.campania.it\/wp-content\/uploads\/2013\/10\/museo-mare-184x184.jpg 184w\" sizes=\"(max-width: 150px) 100vw, 150px\" data-attachment-id=\"2046\" data-permalink=\"https:\/\/www.ischia.campania.it\/index.php\/il-museo-del-mare-di-ischia-ponte\/museo-mare\/\" data-orig-file=\"https:\/\/www.ischia.campania.it\/wp-content\/uploads\/2013\/10\/museo-mare.jpg\" data-orig-size=\"800,533\" data-comments-opened=\"1\" data-image-meta=\"{&quot;aperture&quot;:&quot;0&quot;,&quot;credit&quot;:&quot;&quot;,&quot;camera&quot;:&quot;&quot;,&quot;caption&quot;:&quot;&quot;,&quot;created_timestamp&quot;:&quot;0&quot;,&quot;copyright&quot;:&quot;&quot;,&quot;focal_length&quot;:&quot;0&quot;,&quot;iso&quot;:&quot;0&quot;,&quot;shutter_speed&quot;:&quot;0&quot;,&quot;title&quot;:&quot;&quot;}\" data-image-title=\"museo-mare\" data-image-description=\"\" data-image-caption=\"\" data-medium-file=\"https:\/\/www.ischia.campania.it\/wp-content\/uploads\/2013\/10\/museo-mare-446x297.jpg\" data-large-file=\"https:\/\/www.ischia.campania.it\/wp-content\/uploads\/2013\/10\/museo-mare.jpg\" \/><\/a>\n\t\t\t<\/dt><\/dl><br style=\"clear: both\" \/><dl class='gallery-item'>\n\t\t\t<dt class='gallery-icon landscape'>\n\t\t\t\t<a href='https:\/\/www.ischia.campania.it\/wp-content\/uploads\/2014\/05\/IMG_9706.jpg'><img width=\"150\" height=\"150\" src=\"https:\/\/www.ischia.campania.it\/wp-content\/uploads\/2014\/05\/IMG_9706-150x150.jpg\" class=\"attachment-thumbnail size-thumbnail\" alt=\"\" loading=\"lazy\" srcset=\"https:\/\/www.ischia.campania.it\/wp-content\/uploads\/2014\/05\/IMG_9706-150x150.jpg 150w, https:\/\/www.ischia.campania.it\/wp-content\/uploads\/2014\/05\/IMG_9706-130x130.jpg 130w, https:\/\/www.ischia.campania.it\/wp-content\/uploads\/2014\/05\/IMG_9706-67x67.jpg 67w, https:\/\/www.ischia.campania.it\/wp-content\/uploads\/2014\/05\/IMG_9706-40x40.jpg 40w, https:\/\/www.ischia.campania.it\/wp-content\/uploads\/2014\/05\/IMG_9706-184x184.jpg 184w\" sizes=\"(max-width: 150px) 100vw, 150px\" data-attachment-id=\"3682\" data-permalink=\"https:\/\/www.ischia.campania.it\/index.php\/punta-san-pancrazio-2\/img_9706\/\" data-orig-file=\"https:\/\/www.ischia.campania.it\/wp-content\/uploads\/2014\/05\/IMG_9706.jpg\" data-orig-size=\"800,533\" data-comments-opened=\"1\" data-image-meta=\"{&quot;aperture&quot;:&quot;0&quot;,&quot;credit&quot;:&quot;&quot;,&quot;camera&quot;:&quot;&quot;,&quot;caption&quot;:&quot;&quot;,&quot;created_timestamp&quot;:&quot;0&quot;,&quot;copyright&quot;:&quot;Itiner s.n.c.&quot;,&quot;focal_length&quot;:&quot;0&quot;,&quot;iso&quot;:&quot;0&quot;,&quot;shutter_speed&quot;:&quot;0&quot;,&quot;title&quot;:&quot;&quot;}\" data-image-title=\"IMG_9706\" data-image-description=\"\" data-image-caption=\"\" data-medium-file=\"https:\/\/www.ischia.campania.it\/wp-content\/uploads\/2014\/05\/IMG_9706-446x297.jpg\" data-large-file=\"https:\/\/www.ischia.campania.it\/wp-content\/uploads\/2014\/05\/IMG_9706.jpg\" \/><\/a>\n\t\t\t<\/dt><\/dl><dl class='gallery-item'>\n\t\t\t<dt class='gallery-icon landscape'>\n\t\t\t\t<a href='https:\/\/www.ischia.campania.it\/wp-content\/uploads\/2014\/03\/100_3369.jpg'><img width=\"150\" height=\"150\" src=\"https:\/\/www.ischia.campania.it\/wp-content\/uploads\/2014\/03\/100_3369-150x150.jpg\" class=\"attachment-thumbnail size-thumbnail\" alt=\"\" loading=\"lazy\" srcset=\"https:\/\/www.ischia.campania.it\/wp-content\/uploads\/2014\/03\/100_3369-150x150.jpg 150w, https:\/\/www.ischia.campania.it\/wp-content\/uploads\/2014\/03\/100_3369-130x130.jpg 130w, https:\/\/www.ischia.campania.it\/wp-content\/uploads\/2014\/03\/100_3369-67x67.jpg 67w, https:\/\/www.ischia.campania.it\/wp-content\/uploads\/2014\/03\/100_3369-40x40.jpg 40w, https:\/\/www.ischia.campania.it\/wp-content\/uploads\/2014\/03\/100_3369-184x184.jpg 184w\" sizes=\"(max-width: 150px) 100vw, 150px\" data-attachment-id=\"2776\" data-permalink=\"https:\/\/www.ischia.campania.it\/100_3369\/\" data-orig-file=\"https:\/\/www.ischia.campania.it\/wp-content\/uploads\/2014\/03\/100_3369.jpg\" data-orig-size=\"800,600\" data-comments-opened=\"1\" data-image-meta=\"{&quot;aperture&quot;:&quot;0&quot;,&quot;credit&quot;:&quot;&quot;,&quot;camera&quot;:&quot;&quot;,&quot;caption&quot;:&quot;&quot;,&quot;created_timestamp&quot;:&quot;0&quot;,&quot;copyright&quot;:&quot;&quot;,&quot;focal_length&quot;:&quot;0&quot;,&quot;iso&quot;:&quot;0&quot;,&quot;shutter_speed&quot;:&quot;0&quot;,&quot;title&quot;:&quot;&quot;}\" data-image-title=\"100_3369\" data-image-description=\"\" data-image-caption=\"\" data-medium-file=\"https:\/\/www.ischia.campania.it\/wp-content\/uploads\/2014\/03\/100_3369-446x334.jpg\" data-large-file=\"https:\/\/www.ischia.campania.it\/wp-content\/uploads\/2014\/03\/100_3369.jpg\" \/><\/a>\n\t\t\t<\/dt><\/dl><dl class='gallery-item'>\n\t\t\t<dt class='gallery-icon landscape'>\n\t\t\t\t<a href='https:\/\/www.ischia.campania.it\/wp-content\/uploads\/2014\/03\/100_3373.jpg'><img width=\"150\" height=\"150\" src=\"https:\/\/www.ischia.campania.it\/wp-content\/uploads\/2014\/03\/100_3373-150x150.jpg\" class=\"attachment-thumbnail size-thumbnail\" alt=\"\" loading=\"lazy\" srcset=\"https:\/\/www.ischia.campania.it\/wp-content\/uploads\/2014\/03\/100_3373-150x150.jpg 150w, https:\/\/www.ischia.campania.it\/wp-content\/uploads\/2014\/03\/100_3373-130x130.jpg 130w, https:\/\/www.ischia.campania.it\/wp-content\/uploads\/2014\/03\/100_3373-67x67.jpg 67w, https:\/\/www.ischia.campania.it\/wp-content\/uploads\/2014\/03\/100_3373-40x40.jpg 40w, https:\/\/www.ischia.campania.it\/wp-content\/uploads\/2014\/03\/100_3373-184x184.jpg 184w\" sizes=\"(max-width: 150px) 100vw, 150px\" data-attachment-id=\"2779\" data-permalink=\"https:\/\/www.ischia.campania.it\/100_3373\/\" data-orig-file=\"https:\/\/www.ischia.campania.it\/wp-content\/uploads\/2014\/03\/100_3373.jpg\" data-orig-size=\"800,600\" data-comments-opened=\"1\" data-image-meta=\"{&quot;aperture&quot;:&quot;0&quot;,&quot;credit&quot;:&quot;&quot;,&quot;camera&quot;:&quot;&quot;,&quot;caption&quot;:&quot;&quot;,&quot;created_timestamp&quot;:&quot;0&quot;,&quot;copyright&quot;:&quot;&quot;,&quot;focal_length&quot;:&quot;0&quot;,&quot;iso&quot;:&quot;0&quot;,&quot;shutter_speed&quot;:&quot;0&quot;,&quot;title&quot;:&quot;&quot;}\" data-image-title=\"100_3373\" data-image-description=\"\" data-image-caption=\"\" data-medium-file=\"https:\/\/www.ischia.campania.it\/wp-content\/uploads\/2014\/03\/100_3373-446x334.jpg\" data-large-file=\"https:\/\/www.ischia.campania.it\/wp-content\/uploads\/2014\/03\/100_3373.jpg\" \/><\/a>\n\t\t\t<\/dt><\/dl><br style=\"clear: both\" \/>\n\t\t<\/div>\n\n","protected":false},"excerpt":{"rendered":"<p>\u00c8 vero, Ischia \u00e8 un&#8217;&#8221;isola di terra&#8220;. La prima isola del Mediterraneo occidentale in cui i Greci introdussero le fondamentali coltivazioni dell&#8217;olivo e della vite. Ma questa \u00e8 solo una parte della storia. L&#8217;altra \u00e8 che Calcidesi ed Eretriesi provenienti dall&#8217;isola di Eubea portarono con s\u00e8 anche ami e piombi per la pesca, come emerso [&hellip;]<\/p>\n","protected":false},"author":2,"featured_media":4710,"comment_status":"open","ping_status":"closed","sticky":false,"template":"","format":"standard","meta":{"_et_pb_use_builder":"","_et_pb_old_content":"","_et_gb_content_width":"","_monsterinsights_skip_tracking":false,"_monsterinsights_sitenote_active":false,"_monsterinsights_sitenote_note":"","_monsterinsights_sitenote_category":0,"spay_email":""},"categories":[1],"tags":[],"jetpack_featured_media_url":"https:\/\/www.ischia.campania.it\/wp-content\/uploads\/2014\/10\/copertina-sotrie-mare.jpg","jetpack_shortlink":"https:\/\/wp.me\/p3yuov-1dS","jetpack_sharing_enabled":true,"_links":{"self":[{"href":"https:\/\/www.ischia.campania.it\/index.php\/wp-json\/wp\/v2\/posts\/4704"}],"collection":[{"href":"https:\/\/www.ischia.campania.it\/index.php\/wp-json\/wp\/v2\/posts"}],"about":[{"href":"https:\/\/www.ischia.campania.it\/index.php\/wp-json\/wp\/v2\/types\/post"}],"author":[{"embeddable":true,"href":"https:\/\/www.ischia.campania.it\/index.php\/wp-json\/wp\/v2\/users\/2"}],"replies":[{"embeddable":true,"href":"https:\/\/www.ischia.campania.it\/index.php\/wp-json\/wp\/v2\/comments?post=4704"}],"version-history":[{"count":4,"href":"https:\/\/www.ischia.campania.it\/index.php\/wp-json\/wp\/v2\/posts\/4704\/revisions"}],"predecessor-version":[{"id":4734,"href":"https:\/\/www.ischia.campania.it\/index.php\/wp-json\/wp\/v2\/posts\/4704\/revisions\/4734"}],"wp:featuredmedia":[{"embeddable":true,"href":"https:\/\/www.ischia.campania.it\/index.php\/wp-json\/wp\/v2\/media\/4710"}],"wp:attachment":[{"href":"https:\/\/www.ischia.campania.it\/index.php\/wp-json\/wp\/v2\/media?parent=4704"}],"wp:term":[{"taxonomy":"category","embeddable":true,"href":"https:\/\/www.ischia.campania.it\/index.php\/wp-json\/wp\/v2\/categories?post=4704"},{"taxonomy":"post_tag","embeddable":true,"href":"https:\/\/www.ischia.campania.it\/index.php\/wp-json\/wp\/v2\/tags?post=4704"}],"curies":[{"name":"wp","href":"https:\/\/api.w.org\/{rel}","templated":true}]}}