{"id":478,"date":"2013-01-08T15:00:43","date_gmt":"2013-01-08T15:00:43","guid":{"rendered":"https:\/\/www.ischia.campania.it\/?page_id=478"},"modified":"2014-10-15T13:15:01","modified_gmt":"2014-10-15T11:15:01","slug":"il-fascino-del-comune-di-ischia","status":"publish","type":"post","link":"https:\/\/www.ischia.campania.it\/index.php\/il-fascino-del-comune-di-ischia\/","title":{"rendered":"Il fascino del comune di Ischia"},"content":{"rendered":"<div id=\"itiner-social\" style=\"padding: 5px 0; float:left; width:100%;\"><a href=\"https:\/\/twitter.com\/share\" class=\"twitter-share-button\" data-url=\"http:\/\/www.ischia.campania.it\/index.php\/il-fascino-del-comune-di-ischia\/\" data-text=\"ItinerSocial\" data-count=\"horizontal\" data-via=\"ItinerSocial\" style=\"flaot:left;margin: 0 10px\"><\/a><div class=\"fb-like\" data-href=\"http:\/\/www.ischia.campania.it\/index.php\/il-fascino-del-comune-di-ischia\/\" data-layout=\"button_count\" data-send=\"false\" data-show-faces=\"false\" data-width=\"90\" style=\"flaot:left;margin: 0 10px\"><\/div><div class=\"g-plusone\" data-annotation=\"inline\" data-href=\"http:\/\/www.ischia.campania.it\/index.php\/il-fascino-del-comune-di-ischia\/\" data-size=\"medium\" data-width=\"120\" style=\"flaot:left;margin: 0 10px\"><\/div><\/div><p style=\"text-align: left;\">Che il<strong> comune di Ischia<\/strong> sia il centro principale dell\u2019isola d\u2019Ischia \u00e8 fuor di dubbio. Maggior numero di abitanti, maggior numero di servizi pubblici, il porto pi\u00f9 importante dell\u2019intera isola, sono solo alcuni degli aspetti che spiegano \u201c<strong>il primato<\/strong>\u201d del territorio.<\/p>\n<p><a href=\"https:\/\/www.ischia.campania.it\/index.php\/il-fascino-del-comune-di-ischia\/attachment\/porto-dallalto-jpg\/\" rel=\"attachment wp-att-496\"><img data-attachment-id=\"496\" data-permalink=\"https:\/\/www.ischia.campania.it\/index.php\/il-fascino-del-comune-di-ischia\/porto-dallalto-jpg\/\" data-orig-file=\"https:\/\/www.ischia.campania.it\/wp-content\/uploads\/2013\/01\/porto-dallalto-jpg.jpg\" data-orig-size=\"900,600\" data-comments-opened=\"1\" data-image-meta=\"{&quot;aperture&quot;:&quot;0&quot;,&quot;credit&quot;:&quot;&quot;,&quot;camera&quot;:&quot;&quot;,&quot;caption&quot;:&quot;&quot;,&quot;created_timestamp&quot;:&quot;0&quot;,&quot;copyright&quot;:&quot;&quot;,&quot;focal_length&quot;:&quot;0&quot;,&quot;iso&quot;:&quot;0&quot;,&quot;shutter_speed&quot;:&quot;0&quot;,&quot;title&quot;:&quot;&quot;}\" data-image-title=\"porto dall&#8217;alto jpg\" data-image-description=\"\" data-image-caption=\"\" data-medium-file=\"https:\/\/www.ischia.campania.it\/wp-content\/uploads\/2013\/01\/porto-dallalto-jpg-446x297.jpg\" data-large-file=\"https:\/\/www.ischia.campania.it\/wp-content\/uploads\/2013\/01\/porto-dallalto-jpg.jpg\" loading=\"lazy\" class=\"aligncenter wp-image-496 size-full\" title=\"porto dall'alto jpg\" src=\"https:\/\/www.ischia.campania.it\/wp-content\/uploads\/2013\/01\/porto-dallalto-jpg.jpg\" alt=\"porto dall'alto jpg\" width=\"900\" height=\"600\" srcset=\"https:\/\/www.ischia.campania.it\/wp-content\/uploads\/2013\/01\/porto-dallalto-jpg.jpg 900w, https:\/\/www.ischia.campania.it\/wp-content\/uploads\/2013\/01\/porto-dallalto-jpg-446x297.jpg 446w, https:\/\/www.ischia.campania.it\/wp-content\/uploads\/2013\/01\/porto-dallalto-jpg-140x94.jpg 140w\" sizes=\"(max-width: 900px) 100vw, 900px\" \/><\/a><br \/>\nIn realt\u00e0 \u00e8 stato sempre cos\u00ec, per lo meno dal XIV secolo, se non addirittura prima, fin da quando il grosso della vita economica e sociale dell\u2019intera isola era concentrata all\u2019interno e attorno le possenti mura del <strong>Castello Aragonese<\/strong>. Castello che reca numerose tracce delle vicende storiche del comune e dell\u2019isola tutta, la cui storia, al di l\u00e0 delle catastrofi naturali che per millenni hanno modificato lo stato dei luoghi, \u00e8 indissolubilmente legata alle alterne vicende del <strong>Regno di Napoli e delle Due Sicilie<\/strong>.<\/p>\n<p><a href=\"https:\/\/www.ischia.campania.it\/wp-content\/uploads\/2013\/01\/castello_aragonese1.jpg\"><img data-attachment-id=\"486\" data-permalink=\"https:\/\/www.ischia.campania.it\/index.php\/il-fascino-del-comune-di-ischia\/castello_aragonese-2\/\" data-orig-file=\"https:\/\/www.ischia.campania.it\/wp-content\/uploads\/2013\/01\/castello_aragonese1.jpg\" data-orig-size=\"750,500\" data-comments-opened=\"1\" data-image-meta=\"{&quot;aperture&quot;:&quot;0&quot;,&quot;credit&quot;:&quot;&quot;,&quot;camera&quot;:&quot;&quot;,&quot;caption&quot;:&quot;&quot;,&quot;created_timestamp&quot;:&quot;0&quot;,&quot;copyright&quot;:&quot;&quot;,&quot;focal_length&quot;:&quot;0&quot;,&quot;iso&quot;:&quot;0&quot;,&quot;shutter_speed&quot;:&quot;0&quot;,&quot;title&quot;:&quot;&quot;}\" data-image-title=\"castello_aragonese\" data-image-description=\"\" data-image-caption=\"\" data-medium-file=\"https:\/\/www.ischia.campania.it\/wp-content\/uploads\/2013\/01\/castello_aragonese1-446x297.jpg\" data-large-file=\"https:\/\/www.ischia.campania.it\/wp-content\/uploads\/2013\/01\/castello_aragonese1.jpg\" loading=\"lazy\" class=\"aligncenter wp-image-486 size-full\" title=\"castello_aragonese\" src=\"https:\/\/www.ischia.campania.it\/wp-content\/uploads\/2013\/01\/castello_aragonese1.jpg\" alt=\"castello_aragonese\" width=\"750\" height=\"500\" srcset=\"https:\/\/www.ischia.campania.it\/wp-content\/uploads\/2013\/01\/castello_aragonese1.jpg 750w, https:\/\/www.ischia.campania.it\/wp-content\/uploads\/2013\/01\/castello_aragonese1-446x297.jpg 446w, https:\/\/www.ischia.campania.it\/wp-content\/uploads\/2013\/01\/castello_aragonese1-140x94.jpg 140w\" sizes=\"(max-width: 750px) 100vw, 750px\" \/><\/a><br \/>\nEcco allora che visitare il comune di Ischia vuol dire anche ricostruire la storia moderna e contemporanea della pi\u00f9 grande delle isole flegree, con l\u2019importante eccezione degli scavi archeologici di <strong>Lacco Ameno<\/strong>, cui bisogna invece fare riferimento per conoscere vita e costumi di <strong>Pithecusa<\/strong>, la prima colonia della <strong>Magna Grecia<\/strong>.<\/p>\n<p>Ancora oggi<strong> Ischia Ponte<\/strong> resta punto di osservazione privilegiato per chi apprezza l\u2019<a href=\"http:\/\/www.prontoischia.it\/articoli\/isola-ischia\/architettura-isola-ischia\/larchitettura-mediterranea-di-ischia\">architettura mediterranea<\/a>, quell\u2019intricato sistema di sopraelevazioni e di edifici addossati l\u2019uno l\u2019altro che, nell\u2019antico borgo dei Gelsi, informa anche della felice coesistenza tra palazzi patrizi e case dei pescatori o, detto in altri termini, della commistione tra <strong>clero<\/strong>, <strong>nobilt\u00e0<\/strong> e <strong>popolo<\/strong>.<\/p>\n<p><a href=\"https:\/\/www.ischia.campania.it\/wp-content\/uploads\/2013\/01\/cattedrale.jpg\"><img data-attachment-id=\"493\" data-permalink=\"https:\/\/www.ischia.campania.it\/index.php\/il-fascino-del-comune-di-ischia\/cattedrale\/\" data-orig-file=\"https:\/\/www.ischia.campania.it\/wp-content\/uploads\/2013\/01\/cattedrale.jpg\" data-orig-size=\"750,500\" data-comments-opened=\"1\" data-image-meta=\"{&quot;aperture&quot;:&quot;0&quot;,&quot;credit&quot;:&quot;&quot;,&quot;camera&quot;:&quot;&quot;,&quot;caption&quot;:&quot;&quot;,&quot;created_timestamp&quot;:&quot;0&quot;,&quot;copyright&quot;:&quot;&quot;,&quot;focal_length&quot;:&quot;0&quot;,&quot;iso&quot;:&quot;0&quot;,&quot;shutter_speed&quot;:&quot;0&quot;,&quot;title&quot;:&quot;&quot;}\" data-image-title=\"cattedrale\" data-image-description=\"\" data-image-caption=\"\" data-medium-file=\"https:\/\/www.ischia.campania.it\/wp-content\/uploads\/2013\/01\/cattedrale-446x297.jpg\" data-large-file=\"https:\/\/www.ischia.campania.it\/wp-content\/uploads\/2013\/01\/cattedrale.jpg\" loading=\"lazy\" class=\"aligncenter wp-image-493 size-full\" title=\"cattedrale\" src=\"https:\/\/www.ischia.campania.it\/wp-content\/uploads\/2013\/01\/cattedrale.jpg\" alt=\"cattedrale\" width=\"750\" height=\"500\" srcset=\"https:\/\/www.ischia.campania.it\/wp-content\/uploads\/2013\/01\/cattedrale.jpg 750w, https:\/\/www.ischia.campania.it\/wp-content\/uploads\/2013\/01\/cattedrale-446x297.jpg 446w, https:\/\/www.ischia.campania.it\/wp-content\/uploads\/2013\/01\/cattedrale-140x94.jpg 140w\" sizes=\"(max-width: 750px) 100vw, 750px\" \/><\/a><br \/>\nNon solo, questo bellissimo borgo ha ispirato anche una parte importante degli artisti ischitani del \u2018900. Chi ha mai sentito parlare della particolare \u201c<strong>luce mediterranea<\/strong>\u201d che influenz\u00f2, tra gli altri, <strong>Hans Purmann<\/strong>, <strong>Werner Gilles<\/strong>, <strong>Eduard Bargheer<\/strong>, non pu\u00f2 esimersi dal visitare la bella galleria d\u2019arte di <strong>Mario Mazzella<\/strong> (1923 &#8211; 2008), il pittore locale che meglio di tutti ha saputo rendere e \u201c<strong>addomesticare<\/strong>\u201d colori e immagini della vita frugale del borgo.<\/p>\n<p>Senza naturalmente dimenticare la lezione anticonformista di<strong> Gabriele Mattera<\/strong> (1929 &#8211; 2005), il signore del Castello (nel 1912 il giovane Stato italiano alien\u00f2 a privati una parte importante di beni demaniali, tra cui la fortezza di Alfonso V di Aragona), o il realismo schietto del meno conosciuto, ma non meno talentuoso, <strong>Aniellantonio Mascolo<\/strong> (1903 -1979).<\/p>\n<p><a href=\"https:\/\/www.ischia.campania.it\/wp-content\/uploads\/2013\/01\/ischia-porto.jpg\"><img data-attachment-id=\"495\" data-permalink=\"https:\/\/www.ischia.campania.it\/index.php\/il-fascino-del-comune-di-ischia\/ischia-porto\/\" data-orig-file=\"https:\/\/www.ischia.campania.it\/wp-content\/uploads\/2013\/01\/ischia-porto.jpg\" data-orig-size=\"900,600\" data-comments-opened=\"1\" data-image-meta=\"{&quot;aperture&quot;:&quot;0&quot;,&quot;credit&quot;:&quot;&quot;,&quot;camera&quot;:&quot;&quot;,&quot;caption&quot;:&quot;&quot;,&quot;created_timestamp&quot;:&quot;0&quot;,&quot;copyright&quot;:&quot;&quot;,&quot;focal_length&quot;:&quot;0&quot;,&quot;iso&quot;:&quot;0&quot;,&quot;shutter_speed&quot;:&quot;0&quot;,&quot;title&quot;:&quot;&quot;}\" data-image-title=\"ischia porto\" data-image-description=\"\" data-image-caption=\"\" data-medium-file=\"https:\/\/www.ischia.campania.it\/wp-content\/uploads\/2013\/01\/ischia-porto-446x297.jpg\" data-large-file=\"https:\/\/www.ischia.campania.it\/wp-content\/uploads\/2013\/01\/ischia-porto.jpg\" loading=\"lazy\" class=\"aligncenter wp-image-495 size-full\" title=\"ischia porto\" src=\"https:\/\/www.ischia.campania.it\/wp-content\/uploads\/2013\/01\/ischia-porto.jpg\" alt=\"ischia porto\" width=\"900\" height=\"600\" srcset=\"https:\/\/www.ischia.campania.it\/wp-content\/uploads\/2013\/01\/ischia-porto.jpg 900w, https:\/\/www.ischia.campania.it\/wp-content\/uploads\/2013\/01\/ischia-porto-446x297.jpg 446w, https:\/\/www.ischia.campania.it\/wp-content\/uploads\/2013\/01\/ischia-porto-140x94.jpg 140w\" sizes=\"(max-width: 900px) 100vw, 900px\" \/><\/a><br \/>\nSe Ischia Ponte resta il borgo della cultura e dell\u2019arte del comune di Ischia, l\u2019altra parte del territorio, quella che si dipana dal Porto fin su le centralissime <strong>Via Roma<\/strong>, <strong>Corso Vittoria Colonna<\/strong> e <strong>Piazza degli Eroi<\/strong> \u00e8 l\u2019esempio di come si sviluppa una moderna localit\u00e0 turistica. A partire dalla felice intuizione di acquisire al patrimonio pubblico le belle pinete realizzate da <strong>Giuseppe Gussone,<\/strong> medico personale di <strong>Ferdinando II di Borbone<\/strong> con la passione della botanica. Ventiquattro ettari di macchia mediterranea a ridosso del centro e del mare, la cui preservazione ha consentito nel tempo uno sviluppo urbanistico pi\u00f9 ordinato e il privilegio per diversi <a href=\"http:\/\/www.prontoischia.it\/hotel\/ischia-porto\">hotel di Ischia Porto<\/a> di poter offrire insieme una location centrale eppure al riparo dal caos e dal rumore della movida notturna.<\/p>\n<p>Ed \u00e8 proprio il <strong>by night<\/strong> l\u2019altro aspetto che rende il comune di Ischia la capitale economica dell\u2019isola. Il divertimento abita qui, dalla riva destra o \u201c<strong>rive droite<\/strong>\u201d del Porto, passando per le su citate Via Roma e Corso Vittoria Colonna, shopping, ristoranti e vita notturna sono gli ingredienti indispensabili per una vacanza che si rispetti sulla bella isola d\u2019Ischia<\/p>\n","protected":false},"excerpt":{"rendered":"<p>Che il comune di Ischia sia il centro principale dell\u2019isola d\u2019Ischia \u00e8 fuor di dubbio. Maggior numero di abitanti, maggior numero di servizi pubblici, il porto pi\u00f9 importante dell\u2019intera isola, sono solo alcuni degli aspetti che spiegano \u201cil primato\u201d del territorio. In realt\u00e0 \u00e8 stato sempre cos\u00ec, per lo meno dal XIV secolo, se non [&hellip;]<\/p>\n","protected":false},"author":2,"featured_media":0,"comment_status":"open","ping_status":"open","sticky":false,"template":"","format":"standard","meta":{"_et_pb_use_builder":"","_et_pb_old_content":"","_et_gb_content_width":"","_monsterinsights_skip_tracking":false,"_monsterinsights_sitenote_active":false,"_monsterinsights_sitenote_note":"","_monsterinsights_sitenote_category":0,"spay_email":""},"categories":[3,1],"tags":[],"jetpack_featured_media_url":"","jetpack_shortlink":"https:\/\/wp.me\/p3yuov-7I","jetpack_sharing_enabled":true,"_links":{"self":[{"href":"https:\/\/www.ischia.campania.it\/index.php\/wp-json\/wp\/v2\/posts\/478"}],"collection":[{"href":"https:\/\/www.ischia.campania.it\/index.php\/wp-json\/wp\/v2\/posts"}],"about":[{"href":"https:\/\/www.ischia.campania.it\/index.php\/wp-json\/wp\/v2\/types\/post"}],"author":[{"embeddable":true,"href":"https:\/\/www.ischia.campania.it\/index.php\/wp-json\/wp\/v2\/users\/2"}],"replies":[{"embeddable":true,"href":"https:\/\/www.ischia.campania.it\/index.php\/wp-json\/wp\/v2\/comments?post=478"}],"version-history":[{"count":33,"href":"https:\/\/www.ischia.campania.it\/index.php\/wp-json\/wp\/v2\/posts\/478\/revisions"}],"predecessor-version":[{"id":4711,"href":"https:\/\/www.ischia.campania.it\/index.php\/wp-json\/wp\/v2\/posts\/478\/revisions\/4711"}],"wp:attachment":[{"href":"https:\/\/www.ischia.campania.it\/index.php\/wp-json\/wp\/v2\/media?parent=478"}],"wp:term":[{"taxonomy":"category","embeddable":true,"href":"https:\/\/www.ischia.campania.it\/index.php\/wp-json\/wp\/v2\/categories?post=478"},{"taxonomy":"post_tag","embeddable":true,"href":"https:\/\/www.ischia.campania.it\/index.php\/wp-json\/wp\/v2\/tags?post=478"}],"curies":[{"name":"wp","href":"https:\/\/api.w.org\/{rel}","templated":true}]}}