{"id":544,"date":"2013-01-10T16:24:16","date_gmt":"2013-01-10T16:24:16","guid":{"rendered":"https:\/\/www.ischia.campania.it\/?page_id=544"},"modified":"2014-04-24T15:24:57","modified_gmt":"2014-04-24T13:24:57","slug":"lacco-ameno-turismo-archeologia-e-terme","status":"publish","type":"post","link":"https:\/\/www.ischia.campania.it\/index.php\/lacco-ameno-turismo-archeologia-e-terme\/","title":{"rendered":"Lacco Ameno, turismo, archeologia e terme"},"content":{"rendered":"<div id=\"itiner-social\" style=\"padding: 5px 0; float:left; width:100%;\"><a href=\"https:\/\/twitter.com\/share\" class=\"twitter-share-button\" data-url=\"http:\/\/www.ischia.campania.it\/index.php\/lacco-ameno-turismo-archeologia-e-terme\/\" data-text=\"ItinerSocial\" data-count=\"horizontal\" data-via=\"ItinerSocial\" style=\"flaot:left;margin: 0 10px\"><\/a><div class=\"fb-like\" data-href=\"http:\/\/www.ischia.campania.it\/index.php\/lacco-ameno-turismo-archeologia-e-terme\/\" data-layout=\"button_count\" data-send=\"false\" data-show-faces=\"false\" data-width=\"90\" style=\"flaot:left;margin: 0 10px\"><\/div><div class=\"g-plusone\" data-annotation=\"inline\" data-href=\"http:\/\/www.ischia.campania.it\/index.php\/lacco-ameno-turismo-archeologia-e-terme\/\" data-size=\"medium\" data-width=\"120\" style=\"flaot:left;margin: 0 10px\"><\/div><\/div><p style=\"text-align: left;\"><strong>Lacco Ameno \u00e8 il comune pi\u00f9 piccolo dell\u2019isola d\u2019Ischia<\/strong>. Scontata per\u00f2 quest\u2019annotazione geografica, il paese del Fungo \u00e8 soprattutto il territorio da cui \u00e8 partita la rinascita turistica dell\u2019isola dopo le difficolt\u00e0 della seconda guerra mondiale.<\/p>\n<p><strong>Non solo. A Lacco Ameno sbarcarono nell\u2019VIII secolo a. C. i primi coloni euboici<\/strong> che tra la collina di Montevico e la baia di San Montano fondarono l\u2019ormai celebre Pithecusa, snodo importante di traffici commerciali con la vicina isola d\u2019Elba.<\/p>\n<p><strong>Oltre all\u2019importanza economica e a quella, enorme, dal punto di vista storico<\/strong> &#8211; Pithecusa \u00e8 la prima colonia della Magna Grecia &#8211; gi\u00e0 solo facendo attenzione all\u2019etimologia e alla evocativit\u00e0 delle parole, ci si accorge che l\u2019aggettivo \u201cameno\u201d (aggiunto nel 1863 per volere del sindaco dell\u2019epoca Carmine Mennella) restituisce l\u2019immagine fedele di una cittadina assai gradevole, con un corso che si sviluppa interamente sul mare e che termina con una bella piazza che ospita la locale Basilica di Santa Restituta.<\/p>\n<p style=\"text-align: left;\"><strong>Non \u00e8 un caso che un imprenditore navigato <\/strong>e dalle ingenti disponibilit\u00e0 economiche come il Cavaliere Angelo Rizzoli scelse di realizzare proprio a Lacco Ameno il grosso dei suoi investimenti alberghieri. Tra il 1951 e il 1957 l\u2019editore milanese realizz\u00f2 l\u2019Albergo Regina Isabella (pi\u00f9 la depandance Royal Sporting), dopo aver acquisito le omonime Terme e le adiacenti Terme Radium Santa Restituta; l\u2019Albergo La Reginella, con all\u2019interno uno spazio allestito per cinema e teatro; infine, acquist\u00f2 la bella dimora patrizia di Villa Arbusto che divenne sua residenza privata e, per un breve periodo, primo domicilio fiscale dell\u2019uomo.<\/p>\n<p style=\"text-align: left;\"><strong>Affari dunque, ma anche filantropia e sincero amore per un\u2019isola e per un comune<\/strong>, cui l\u2019editore e produttore cinematografico volle regalare, nel 1961, un\u2019infrastruttura fondamentale come l\u2019ospedale pubblico Anna Rizzoli (in memoria della moglie).<\/p>\n<p><strong>In quegli anni, e per il decennio successivo<\/strong>, a Lacco Ameno fu di casa una parte importante del jet set internazionale. Uomini e donne dello spettacolo, politici, diplomatici, attirati sull\u2019isola verde dall\u2019onda lunga delle relazioni personali di Rizzoli e, non meno, sotto la spinta di ingenti campagne stampa e televisive.<\/p>\n<p><strong>Ma in quegli anni non accadeva solo questo<\/strong>. L\u2019archeologo <a href=\"http:\/\/www.prontoischia.it\/articoli\/isola-ischia\/storia-ed-archeologia\/giorgio-buchner\">Giorgio Buchner<\/a>, con l\u2019avvallo della Soprintendenza dei beni archeologici di Napoli, condusse in questo piccolo comune a nord dell\u2019isola d\u2019Ischia una serie importante di scavi, che hanno portato alla luce diverse migliaia di reperti (visibili presso i due musei di Villa Arbusto e Santa Restituta) da cui \u00e8 stato possibile ricostruire vita e costumi dei coloni Calcidesi ed Eretriesi che, per primi, colonizzarono quest\u2019isola a nord del Golfo di Napoli.<\/p>\n<p style=\"text-align: left;\"><strong>Per completezza di informazione va detto che, appena pochi anni prima che la &#8220;<em>piccola-grande<\/em>&#8221; Lacco Ameno<\/strong> finisse al centro di eventi mondani e scoperte scientificamente rilevanti, un altro grande uomo, il Duca Luigi Silvestro Camerini, era rimasto talmente colpito dalla bellezza della costa che cinge la baia di San Montano, da decidere di acquistare l\u2019intera area per farne un parco idrotermale e botanico.<\/p>\n<p><strong>Grazie all\u2019egregio lavoro degli eredi, il<\/strong> <strong>Negombo<\/strong>, questo il nome del parco, da anni ormai \u00e8 una realt\u00e0 turistica che d\u00e0 lustro, insieme agli <a href=\"http:\/\/www.prontoischia.it\/hotel\/lacco-ameno\">hotel di Lacco Ameno<\/a>, a tutta l\u2019isola d\u2019Ischia, componendo, di fatto, insieme ai Giardini Poseidon di Forio e al Parco Oasi Castiglione a Casamicciola Terme, un vero e proprio percorso obbligato per i tanti frequentatori dell\u2019 isola verde.<\/p>\n\n\t\t<style type=\"text\/css\">\n\t\t\t#gallery-1 {\n\t\t\t\tmargin: auto;\n\t\t\t}\n\t\t\t#gallery-1 .gallery-item {\n\t\t\t\tfloat: left;\n\t\t\t\tmargin-top: 10px;\n\t\t\t\ttext-align: center;\n\t\t\t\twidth: 33%;\n\t\t\t}\n\t\t\t#gallery-1 img {\n\t\t\t\tborder: 2px solid #cfcfcf;\n\t\t\t}\n\t\t\t#gallery-1 .gallery-caption {\n\t\t\t\tmargin-left: 0;\n\t\t\t}\n\t\t\t\/* see gallery_shortcode() in wp-includes\/media.php *\/\n\t\t<\/style>\n\t\t<div data-carousel-extra='{\"blog_id\":1,\"permalink\":\"https:\\\/\\\/www.ischia.campania.it\\\/index.php\\\/lacco-ameno-turismo-archeologia-e-terme\\\/\"}' id='gallery-1' class='gallery galleryid-544 gallery-columns-3 gallery-size-thumbnail'><dl class='gallery-item'>\n\t\t\t<dt class='gallery-icon landscape'>\n\t\t\t\t<a href='https:\/\/www.ischia.campania.it\/wp-content\/uploads\/2014\/04\/IMG_5610.jpg'><img width=\"150\" height=\"150\" src=\"https:\/\/www.ischia.campania.it\/wp-content\/uploads\/2014\/04\/IMG_5610-150x150.jpg\" class=\"attachment-thumbnail size-thumbnail\" alt=\"\" loading=\"lazy\" srcset=\"https:\/\/www.ischia.campania.it\/wp-content\/uploads\/2014\/04\/IMG_5610-150x150.jpg 150w, https:\/\/www.ischia.campania.it\/wp-content\/uploads\/2014\/04\/IMG_5610-130x130.jpg 130w, https:\/\/www.ischia.campania.it\/wp-content\/uploads\/2014\/04\/IMG_5610-67x67.jpg 67w, https:\/\/www.ischia.campania.it\/wp-content\/uploads\/2014\/04\/IMG_5610-40x40.jpg 40w, https:\/\/www.ischia.campania.it\/wp-content\/uploads\/2014\/04\/IMG_5610-184x184.jpg 184w\" sizes=\"(max-width: 150px) 100vw, 150px\" data-attachment-id=\"3502\" data-permalink=\"https:\/\/www.ischia.campania.it\/index.php\/bellezze-di-pietra-i-paesaggi-rocciosi-di-ischia\/img_5610\/\" data-orig-file=\"https:\/\/www.ischia.campania.it\/wp-content\/uploads\/2014\/04\/IMG_5610.jpg\" data-orig-size=\"800,533\" data-comments-opened=\"1\" data-image-meta=\"{&quot;aperture&quot;:&quot;0&quot;,&quot;credit&quot;:&quot;&quot;,&quot;camera&quot;:&quot;&quot;,&quot;caption&quot;:&quot;&quot;,&quot;created_timestamp&quot;:&quot;0&quot;,&quot;copyright&quot;:&quot;&quot;,&quot;focal_length&quot;:&quot;0&quot;,&quot;iso&quot;:&quot;0&quot;,&quot;shutter_speed&quot;:&quot;0&quot;,&quot;title&quot;:&quot;&quot;}\" data-image-title=\"IMG_5610\" data-image-description=\"\" data-image-caption=\"\" data-medium-file=\"https:\/\/www.ischia.campania.it\/wp-content\/uploads\/2014\/04\/IMG_5610-446x297.jpg\" data-large-file=\"https:\/\/www.ischia.campania.it\/wp-content\/uploads\/2014\/04\/IMG_5610.jpg\" \/><\/a>\n\t\t\t<\/dt><\/dl><dl class='gallery-item'>\n\t\t\t<dt class='gallery-icon landscape'>\n\t\t\t\t<a href='https:\/\/www.ischia.campania.it\/wp-content\/uploads\/2013\/01\/reginaisab.jpg'><img width=\"150\" height=\"150\" src=\"https:\/\/www.ischia.campania.it\/wp-content\/uploads\/2013\/01\/reginaisab-150x150.jpg\" class=\"attachment-thumbnail size-thumbnail\" alt=\"reginaisab\" loading=\"lazy\" srcset=\"https:\/\/www.ischia.campania.it\/wp-content\/uploads\/2013\/01\/reginaisab-150x150.jpg 150w, https:\/\/www.ischia.campania.it\/wp-content\/uploads\/2013\/01\/reginaisab-130x130.jpg 130w, https:\/\/www.ischia.campania.it\/wp-content\/uploads\/2013\/01\/reginaisab-67x67.jpg 67w, https:\/\/www.ischia.campania.it\/wp-content\/uploads\/2013\/01\/reginaisab-40x40.jpg 40w, https:\/\/www.ischia.campania.it\/wp-content\/uploads\/2013\/01\/reginaisab-184x184.jpg 184w\" sizes=\"(max-width: 150px) 100vw, 150px\" data-attachment-id=\"547\" data-permalink=\"https:\/\/www.ischia.campania.it\/index.php\/lacco-ameno-turismo-archeologia-e-terme\/reginaisab\/\" data-orig-file=\"https:\/\/www.ischia.campania.it\/wp-content\/uploads\/2013\/01\/reginaisab.jpg\" data-orig-size=\"750,500\" data-comments-opened=\"1\" data-image-meta=\"{&quot;aperture&quot;:&quot;0&quot;,&quot;credit&quot;:&quot;&quot;,&quot;camera&quot;:&quot;&quot;,&quot;caption&quot;:&quot;&quot;,&quot;created_timestamp&quot;:&quot;0&quot;,&quot;copyright&quot;:&quot;&quot;,&quot;focal_length&quot;:&quot;0&quot;,&quot;iso&quot;:&quot;0&quot;,&quot;shutter_speed&quot;:&quot;0&quot;,&quot;title&quot;:&quot;&quot;}\" data-image-title=\"reginaisab\" data-image-description=\"\" data-image-caption=\"\" data-medium-file=\"https:\/\/www.ischia.campania.it\/wp-content\/uploads\/2013\/01\/reginaisab-446x297.jpg\" data-large-file=\"https:\/\/www.ischia.campania.it\/wp-content\/uploads\/2013\/01\/reginaisab.jpg\" \/><\/a>\n\t\t\t<\/dt><\/dl><dl class='gallery-item'>\n\t\t\t<dt class='gallery-icon landscape'>\n\t\t\t\t<a href='https:\/\/www.ischia.campania.it\/wp-content\/uploads\/2013\/01\/BaiaSanMontano.jpg'><img width=\"150\" height=\"150\" src=\"https:\/\/www.ischia.campania.it\/wp-content\/uploads\/2013\/01\/BaiaSanMontano-150x150.jpg\" class=\"attachment-thumbnail size-thumbnail\" alt=\"BaiaSanMontano\" loading=\"lazy\" srcset=\"https:\/\/www.ischia.campania.it\/wp-content\/uploads\/2013\/01\/BaiaSanMontano-150x150.jpg 150w, https:\/\/www.ischia.campania.it\/wp-content\/uploads\/2013\/01\/BaiaSanMontano-130x130.jpg 130w, https:\/\/www.ischia.campania.it\/wp-content\/uploads\/2013\/01\/BaiaSanMontano-67x67.jpg 67w, https:\/\/www.ischia.campania.it\/wp-content\/uploads\/2013\/01\/BaiaSanMontano-40x40.jpg 40w, https:\/\/www.ischia.campania.it\/wp-content\/uploads\/2013\/01\/BaiaSanMontano-184x184.jpg 184w\" sizes=\"(max-width: 150px) 100vw, 150px\" data-attachment-id=\"549\" data-permalink=\"https:\/\/www.ischia.campania.it\/index.php\/lacco-ameno-turismo-archeologia-e-terme\/baiasanmontano\/\" data-orig-file=\"https:\/\/www.ischia.campania.it\/wp-content\/uploads\/2013\/01\/BaiaSanMontano.jpg\" data-orig-size=\"900,600\" data-comments-opened=\"1\" data-image-meta=\"{&quot;aperture&quot;:&quot;0&quot;,&quot;credit&quot;:&quot;&quot;,&quot;camera&quot;:&quot;&quot;,&quot;caption&quot;:&quot;&quot;,&quot;created_timestamp&quot;:&quot;0&quot;,&quot;copyright&quot;:&quot;&quot;,&quot;focal_length&quot;:&quot;0&quot;,&quot;iso&quot;:&quot;0&quot;,&quot;shutter_speed&quot;:&quot;0&quot;,&quot;title&quot;:&quot;&quot;}\" data-image-title=\"BaiaSanMontano\" data-image-description=\"\" data-image-caption=\"\" data-medium-file=\"https:\/\/www.ischia.campania.it\/wp-content\/uploads\/2013\/01\/BaiaSanMontano-446x297.jpg\" data-large-file=\"https:\/\/www.ischia.campania.it\/wp-content\/uploads\/2013\/01\/BaiaSanMontano.jpg\" \/><\/a>\n\t\t\t<\/dt><\/dl><br style=\"clear: both\" \/>\n\t\t<\/div>\n\n","protected":false},"excerpt":{"rendered":"<p>Lacco Ameno \u00e8 il comune pi\u00f9 piccolo dell\u2019isola d\u2019Ischia. Scontata per\u00f2 quest\u2019annotazione geografica, il paese del Fungo \u00e8 soprattutto il territorio da cui \u00e8 partita la rinascita turistica dell\u2019isola dopo le difficolt\u00e0 della seconda guerra mondiale. Non solo. A Lacco Ameno sbarcarono nell\u2019VIII secolo a. C. i primi coloni euboici che tra la collina di [&hellip;]<\/p>\n","protected":false},"author":2,"featured_media":547,"comment_status":"open","ping_status":"open","sticky":false,"template":"","format":"standard","meta":{"_et_pb_use_builder":"","_et_pb_old_content":"","_et_gb_content_width":"","_monsterinsights_skip_tracking":false,"_monsterinsights_sitenote_active":false,"_monsterinsights_sitenote_note":"","_monsterinsights_sitenote_category":0,"spay_email":""},"categories":[1,6],"tags":[],"jetpack_featured_media_url":"https:\/\/www.ischia.campania.it\/wp-content\/uploads\/2013\/01\/reginaisab.jpg","jetpack_shortlink":"https:\/\/wp.me\/p3yuov-8M","jetpack_sharing_enabled":true,"_links":{"self":[{"href":"https:\/\/www.ischia.campania.it\/index.php\/wp-json\/wp\/v2\/posts\/544"}],"collection":[{"href":"https:\/\/www.ischia.campania.it\/index.php\/wp-json\/wp\/v2\/posts"}],"about":[{"href":"https:\/\/www.ischia.campania.it\/index.php\/wp-json\/wp\/v2\/types\/post"}],"author":[{"embeddable":true,"href":"https:\/\/www.ischia.campania.it\/index.php\/wp-json\/wp\/v2\/users\/2"}],"replies":[{"embeddable":true,"href":"https:\/\/www.ischia.campania.it\/index.php\/wp-json\/wp\/v2\/comments?post=544"}],"version-history":[{"count":12,"href":"https:\/\/www.ischia.campania.it\/index.php\/wp-json\/wp\/v2\/posts\/544\/revisions"}],"predecessor-version":[{"id":3504,"href":"https:\/\/www.ischia.campania.it\/index.php\/wp-json\/wp\/v2\/posts\/544\/revisions\/3504"}],"wp:featuredmedia":[{"embeddable":true,"href":"https:\/\/www.ischia.campania.it\/index.php\/wp-json\/wp\/v2\/media\/547"}],"wp:attachment":[{"href":"https:\/\/www.ischia.campania.it\/index.php\/wp-json\/wp\/v2\/media?parent=544"}],"wp:term":[{"taxonomy":"category","embeddable":true,"href":"https:\/\/www.ischia.campania.it\/index.php\/wp-json\/wp\/v2\/categories?post=544"},{"taxonomy":"post_tag","embeddable":true,"href":"https:\/\/www.ischia.campania.it\/index.php\/wp-json\/wp\/v2\/tags?post=544"}],"curies":[{"name":"wp","href":"https:\/\/api.w.org\/{rel}","templated":true}]}}