{"id":564,"date":"2013-01-11T16:07:35","date_gmt":"2013-01-11T16:07:35","guid":{"rendered":"https:\/\/www.ischia.campania.it\/?page_id=564"},"modified":"2019-02-11T13:46:11","modified_gmt":"2019-02-11T12:46:11","slug":"forio-terra-del-sole","status":"publish","type":"post","link":"https:\/\/www.ischia.campania.it\/index.php\/forio-terra-del-sole\/","title":{"rendered":"Forio, terra del sole"},"content":{"rendered":"<div id=\"itiner-social\" style=\"padding: 5px 0; float:left; width:100%;\"><a href=\"https:\/\/twitter.com\/share\" class=\"twitter-share-button\" data-url=\"http:\/\/www.ischia.campania.it\/index.php\/forio-terra-del-sole\/\" data-text=\"ItinerSocial\" data-count=\"horizontal\" data-via=\"ItinerSocial\" style=\"flaot:left;margin: 0 10px\"><\/a><div class=\"fb-like\" data-href=\"http:\/\/www.ischia.campania.it\/index.php\/forio-terra-del-sole\/\" data-layout=\"button_count\" data-send=\"false\" data-show-faces=\"false\" data-width=\"90\" style=\"flaot:left;margin: 0 10px\"><\/div><div class=\"g-plusone\" data-annotation=\"inline\" data-href=\"http:\/\/www.ischia.campania.it\/index.php\/forio-terra-del-sole\/\" data-size=\"medium\" data-width=\"120\" style=\"flaot:left;margin: 0 10px\"><\/div><\/div><p><strong>C\u2019\u00e8 una storiella locale secondo cui i contadini di Ischia non gradivano lavorare la terra a Forio<\/strong> perch\u00e9 la giornata nei campi era pi\u00f9 lunga per via della felice esposizione a ovest del territorio rispetto alle altre parti dell\u2019isola in cui il sole tramontava invece prima.<\/p>\n<p><strong>L\u2019aneddoto coglie un aspetto reale e tutt\u2019altro che secondario<\/strong>. \u00c8 il sole il miglior alleato di Forio, sia oggi che la comunit\u00e0 vive di turismo, ancor di pi\u00f9 quando l\u2019agricoltura era la risorsa principale di sostentamento. Tra l\u2019altro, l\u2019agricoltura, in particolar modo la <a href=\"http:\/\/www.prontoischia.it\/articoli\/isola-ischia\/enogastronomia\/forma-di-allevamento-del-vitigno-nella-tenuta-calitto-a-forio\">coltivazione della vite<\/a>, non \u00e8 stata del tutto soppiantata dal turismo di massa, tanto che una buona parte dei vini isolani di maggior pregio continua a essere prodotta in questo lato dell\u2019isola.<\/p>\n<p style=\"text-align: left;\"><strong>Con il mare il rapporto \u00e8 stato sempre pi\u00f9 guardingo<\/strong>. Pu\u00f2 sembrare strano trattandosi di una localit\u00e0 balneare, ma storicamente i pericoli maggiori per la comunit\u00e0 sono sempre venuti dal mare. Come i terribili attacchi dell\u2019ammiraglio e corsaro ottomano Dragut che, nella seconda met\u00e0 del \u2018500, semin\u00f2 distruzione, morte e saccheggio per l\u2019antico casale di Forio. La risposta fu il completamento di un complesso sistema di torri di avvistamento e di difesa che ha condizionato lo sviluppo urbanistico del centro storico. Un intricato dedalo di vicoli e stradine comunicanti fu la risposta alle minacce corsare, in modo da garantire ai locali pi\u00f9 vie di fuga a fronte di un\u2019inevitabile, iniziale, spaesamento degli invasori.<\/p>\n<p><strong>Naturalmente le &#8220;torri saracene&#8221; non sono una particolarit\u00e0 della sola Forio<\/strong>, l\u2019Italia meridionale \u00e8 piena di queste testimonianze. Tuttavia, gli esiti urbanistici e architettonici di tale ingegnoso sistema di avvistamento qui sono felicemente riusciti, conferendo unicit\u00e0 e storicit\u00e0 ai luoghi come chiunque pu\u00f2 notare da s\u00e9 passeggiando per le vie del corso.<\/p>\n<p><strong>L\u2019altra risposta alle incognite della vita \u00e8 sempre stata il diffuso e radicato sentimento di fede<\/strong>. Feste patronali, ricorrenze liturgiche, da sempre, sono occasioni in cui il popolo di Forio ribadisce il bisogno di &#8220;<em>essere comunit\u00e0<\/em>&#8220;, svelando una ritualit\u00e0 complessa che rende ancora pi\u00f9 affascinanti queste manifestazioni.<\/p>\n<p><strong>Come la spettacolare Corsa dell\u2019Angelo che si celebra la Domenica di Resurrezione per le strade di Forio<\/strong>. Tanto \u00e8 il pathos e la partecipazione popolare per l\u2019annuncio della Resurrezione di Cristo, che la bella rappresentazione che ne viene data lungo il corso principale del paese, da anni, richiama migliaia di turisti rapiti dall\u2019atmosfera magica che pervade la folla.<\/p>\n<p><strong>Ecco allora che sfruttare una delle tante<\/strong> <a href=\"http:\/\/www.prontoischia.it\/speciali\/OFFERTE-PASQUA\">offerte di Pasqua degli hotel di Ischia<\/a> pu\u00f2 essere l\u2019occasione per fare la conoscenza di queste antiche tradizioni religiose, o anche un\u2019opportunit\u00e0 per visitare le tante chiese del comune pi\u00f9 grande dell\u2019isola d\u2019Ischia.<\/p>\n<p><strong>Su tutte, la bellissima<\/strong> <strong>Chiesa del Soccorso<\/strong> <strong>che sorge su un promontorio a picco sul mare<\/strong>, circondata da un ampio terrazzo panoramico dal quale, in giornate particolarmente terse, si pu\u00f2 al tramonto assistere al fenomeno di rifrazione della luce solare comunemente noto come raggio verde. Anche senza raggio verde, il tramonto da queste parti resta un\u2019esperienza assolutamente unica, tanto sono accesi i colori all\u2019orizzonte.<\/p>\n<p><strong>E proprio la particolare luminosit\u00e0 di questa terra ha ispirato molti artisti<\/strong>, pittori soprattutto, ma anche letterati e musicisti, vissuti a Forio per periodi pi\u00f9 o meno lunghi, talvolta anche in modo stanziale a partire dall\u2019immediato dopoguerra. Bargheer, Pagliacci, W.H.Auden, sir William Walton solo per dirne alcuni, hanno dato lustro e risalto a questa terra proprio mentre si realizzava la complessa transizione da un\u2019economia agricola all\u2019incipiente industria del turismo.<\/p>\n<p><strong>Oggi Forio \u00e8 il comune con pi\u00f9 strutture ricettive (per info sugli<\/strong> <strong>hotel di Forio<\/strong>, <a href=\"http:\/\/www.prontoischia.it\/hotel\/forio-ischia\">clicca qui<\/a>) di tutta l\u2019isola d\u2019Ischia, nonch\u00e9 quello col litorale pi\u00f9 esteso, che va da Punta Caruso, il promontorio che cinge la bella spiaggia di San Francesco, fino a Punta Imperatore, la collina che ospita uno dei fari pi\u00f9 importanti di tutto il Mediterraneo e che protegge i rinomati Giardini Poseidon, uno dei parchi termali pi\u00f9 belli e grandi d\u2019Europa che si trova al termine della spiaggia di Citara.<\/p>\n<p><strong>Insomma Forio \u00e8 il comune dell\u2019isola con pi\u00f9 risorse paesaggistiche e ambientali<\/strong>, un posto dove il sole tramonta quasi a malincuore e a proposito del quale il grande poeta W.H.Auden ebbe a dire in modo memorabile che &#8220;<em>sebbene non sempre si possa ricordare esattamente perch\u00e9 si \u00e8 stati felici, non ci si dimentica d&#8217;esserlo stati<\/em>&#8220;.<\/p>\n\n\t\t<style type=\"text\/css\">\n\t\t\t#gallery-1 {\n\t\t\t\tmargin: auto;\n\t\t\t}\n\t\t\t#gallery-1 .gallery-item {\n\t\t\t\tfloat: left;\n\t\t\t\tmargin-top: 10px;\n\t\t\t\ttext-align: center;\n\t\t\t\twidth: 33%;\n\t\t\t}\n\t\t\t#gallery-1 img {\n\t\t\t\tborder: 2px solid #cfcfcf;\n\t\t\t}\n\t\t\t#gallery-1 .gallery-caption {\n\t\t\t\tmargin-left: 0;\n\t\t\t}\n\t\t\t\/* see gallery_shortcode() in wp-includes\/media.php *\/\n\t\t<\/style>\n\t\t<div data-carousel-extra='{\"blog_id\":1,\"permalink\":\"https:\\\/\\\/www.ischia.campania.it\\\/index.php\\\/forio-terra-del-sole\\\/\"}' id='gallery-1' class='gallery galleryid-564 gallery-columns-3 gallery-size-thumbnail'><dl class='gallery-item'>\n\t\t\t<dt class='gallery-icon landscape'>\n\t\t\t\t<a href='https:\/\/www.ischia.campania.it\/wp-content\/uploads\/2013\/01\/Forioskyline.jpg'><img width=\"150\" height=\"150\" src=\"https:\/\/www.ischia.campania.it\/wp-content\/uploads\/2013\/01\/Forioskyline-150x150.jpg\" class=\"attachment-thumbnail size-thumbnail\" alt=\"Forioskyline\" loading=\"lazy\" srcset=\"https:\/\/www.ischia.campania.it\/wp-content\/uploads\/2013\/01\/Forioskyline-150x150.jpg 150w, https:\/\/www.ischia.campania.it\/wp-content\/uploads\/2013\/01\/Forioskyline-130x130.jpg 130w, https:\/\/www.ischia.campania.it\/wp-content\/uploads\/2013\/01\/Forioskyline-67x67.jpg 67w, https:\/\/www.ischia.campania.it\/wp-content\/uploads\/2013\/01\/Forioskyline-40x40.jpg 40w, https:\/\/www.ischia.campania.it\/wp-content\/uploads\/2013\/01\/Forioskyline-184x184.jpg 184w\" sizes=\"(max-width: 150px) 100vw, 150px\" data-attachment-id=\"575\" data-permalink=\"https:\/\/www.ischia.campania.it\/index.php\/forio-terra-del-sole\/forioskyline\/\" data-orig-file=\"https:\/\/www.ischia.campania.it\/wp-content\/uploads\/2013\/01\/Forioskyline.jpg\" data-orig-size=\"750,500\" data-comments-opened=\"1\" data-image-meta=\"{&quot;aperture&quot;:&quot;0&quot;,&quot;credit&quot;:&quot;&quot;,&quot;camera&quot;:&quot;&quot;,&quot;caption&quot;:&quot;&quot;,&quot;created_timestamp&quot;:&quot;0&quot;,&quot;copyright&quot;:&quot;&quot;,&quot;focal_length&quot;:&quot;0&quot;,&quot;iso&quot;:&quot;0&quot;,&quot;shutter_speed&quot;:&quot;0&quot;,&quot;title&quot;:&quot;&quot;}\" data-image-title=\"Forioskyline\" data-image-description=\"\" data-image-caption=\"\" data-medium-file=\"https:\/\/www.ischia.campania.it\/wp-content\/uploads\/2013\/01\/Forioskyline-446x297.jpg\" data-large-file=\"https:\/\/www.ischia.campania.it\/wp-content\/uploads\/2013\/01\/Forioskyline.jpg\" \/><\/a>\n\t\t\t<\/dt><\/dl><dl class='gallery-item'>\n\t\t\t<dt class='gallery-icon landscape'>\n\t\t\t\t<a href='https:\/\/www.ischia.campania.it\/wp-content\/uploads\/2013\/02\/tramontoForio-1.jpg'><img width=\"150\" height=\"150\" src=\"https:\/\/www.ischia.campania.it\/wp-content\/uploads\/2013\/02\/tramontoForio-1-150x150.jpg\" class=\"attachment-thumbnail size-thumbnail\" alt=\"\" loading=\"lazy\" srcset=\"https:\/\/www.ischia.campania.it\/wp-content\/uploads\/2013\/02\/tramontoForio-1-150x150.jpg 150w, https:\/\/www.ischia.campania.it\/wp-content\/uploads\/2013\/02\/tramontoForio-1-130x130.jpg 130w, https:\/\/www.ischia.campania.it\/wp-content\/uploads\/2013\/02\/tramontoForio-1-67x67.jpg 67w, https:\/\/www.ischia.campania.it\/wp-content\/uploads\/2013\/02\/tramontoForio-1-40x40.jpg 40w, https:\/\/www.ischia.campania.it\/wp-content\/uploads\/2013\/02\/tramontoForio-1-184x184.jpg 184w\" sizes=\"(max-width: 150px) 100vw, 150px\" data-attachment-id=\"1286\" data-permalink=\"https:\/\/www.ischia.campania.it\/index.php\/tre-itinerari-per-correre-e-tenersi-in-forma-sullisola-dischia\/tramontoforio-1\/\" data-orig-file=\"https:\/\/www.ischia.campania.it\/wp-content\/uploads\/2013\/02\/tramontoForio-1.jpg\" data-orig-size=\"750,563\" data-comments-opened=\"1\" data-image-meta=\"{&quot;aperture&quot;:&quot;0&quot;,&quot;credit&quot;:&quot;&quot;,&quot;camera&quot;:&quot;&quot;,&quot;caption&quot;:&quot;&quot;,&quot;created_timestamp&quot;:&quot;0&quot;,&quot;copyright&quot;:&quot;&quot;,&quot;focal_length&quot;:&quot;0&quot;,&quot;iso&quot;:&quot;0&quot;,&quot;shutter_speed&quot;:&quot;0&quot;,&quot;title&quot;:&quot;&quot;}\" data-image-title=\"tramontoForio-1\" data-image-description=\"\" data-image-caption=\"\" data-medium-file=\"https:\/\/www.ischia.campania.it\/wp-content\/uploads\/2013\/02\/tramontoForio-1-446x334.jpg\" data-large-file=\"https:\/\/www.ischia.campania.it\/wp-content\/uploads\/2013\/02\/tramontoForio-1.jpg\" \/><\/a>\n\t\t\t<\/dt><\/dl><dl class='gallery-item'>\n\t\t\t<dt class='gallery-icon landscape'>\n\t\t\t\t<a href='https:\/\/www.ischia.campania.it\/wp-content\/uploads\/2013\/01\/tramontoForio1.jpg'><img width=\"150\" height=\"150\" src=\"https:\/\/www.ischia.campania.it\/wp-content\/uploads\/2013\/01\/tramontoForio1-150x150.jpg\" class=\"attachment-thumbnail size-thumbnail\" alt=\"tramontoForio\" loading=\"lazy\" srcset=\"https:\/\/www.ischia.campania.it\/wp-content\/uploads\/2013\/01\/tramontoForio1-150x150.jpg 150w, https:\/\/www.ischia.campania.it\/wp-content\/uploads\/2013\/01\/tramontoForio1-130x130.jpg 130w, https:\/\/www.ischia.campania.it\/wp-content\/uploads\/2013\/01\/tramontoForio1-67x67.jpg 67w, https:\/\/www.ischia.campania.it\/wp-content\/uploads\/2013\/01\/tramontoForio1-40x40.jpg 40w, https:\/\/www.ischia.campania.it\/wp-content\/uploads\/2013\/01\/tramontoForio1-184x184.jpg 184w\" sizes=\"(max-width: 150px) 100vw, 150px\" data-attachment-id=\"573\" data-permalink=\"https:\/\/www.ischia.campania.it\/index.php\/forio-terra-del-sole\/tramontoforio-2\/\" data-orig-file=\"https:\/\/www.ischia.campania.it\/wp-content\/uploads\/2013\/01\/tramontoForio1.jpg\" data-orig-size=\"1024,765\" data-comments-opened=\"1\" data-image-meta=\"{&quot;aperture&quot;:&quot;0&quot;,&quot;credit&quot;:&quot;&quot;,&quot;camera&quot;:&quot;&quot;,&quot;caption&quot;:&quot;&quot;,&quot;created_timestamp&quot;:&quot;0&quot;,&quot;copyright&quot;:&quot;&quot;,&quot;focal_length&quot;:&quot;0&quot;,&quot;iso&quot;:&quot;0&quot;,&quot;shutter_speed&quot;:&quot;0&quot;,&quot;title&quot;:&quot;&quot;}\" data-image-title=\"tramontoForio\" data-image-description=\"\" data-image-caption=\"\" data-medium-file=\"https:\/\/www.ischia.campania.it\/wp-content\/uploads\/2013\/01\/tramontoForio1-446x333.jpg\" data-large-file=\"https:\/\/www.ischia.campania.it\/wp-content\/uploads\/2013\/01\/tramontoForio1.jpg\" \/><\/a>\n\t\t\t<\/dt><\/dl><br style=\"clear: both\" \/><dl class='gallery-item'>\n\t\t\t<dt class='gallery-icon landscape'>\n\t\t\t\t<a href='https:\/\/www.ischia.campania.it\/wp-content\/uploads\/2013\/01\/processione-1.jpg'><img width=\"150\" height=\"150\" src=\"https:\/\/www.ischia.campania.it\/wp-content\/uploads\/2013\/01\/processione-1-150x150.jpg\" class=\"attachment-thumbnail size-thumbnail\" alt=\"processione\" loading=\"lazy\" srcset=\"https:\/\/www.ischia.campania.it\/wp-content\/uploads\/2013\/01\/processione-1-150x150.jpg 150w, https:\/\/www.ischia.campania.it\/wp-content\/uploads\/2013\/01\/processione-1-130x130.jpg 130w, https:\/\/www.ischia.campania.it\/wp-content\/uploads\/2013\/01\/processione-1-67x67.jpg 67w, https:\/\/www.ischia.campania.it\/wp-content\/uploads\/2013\/01\/processione-1-40x40.jpg 40w, https:\/\/www.ischia.campania.it\/wp-content\/uploads\/2013\/01\/processione-1-184x184.jpg 184w\" sizes=\"(max-width: 150px) 100vw, 150px\" data-attachment-id=\"576\" data-permalink=\"https:\/\/www.ischia.campania.it\/index.php\/forio-terra-del-sole\/processione-1\/\" data-orig-file=\"https:\/\/www.ischia.campania.it\/wp-content\/uploads\/2013\/01\/processione-1.jpg\" data-orig-size=\"750,562\" data-comments-opened=\"1\" data-image-meta=\"{&quot;aperture&quot;:&quot;0&quot;,&quot;credit&quot;:&quot;&quot;,&quot;camera&quot;:&quot;&quot;,&quot;caption&quot;:&quot;&quot;,&quot;created_timestamp&quot;:&quot;0&quot;,&quot;copyright&quot;:&quot;&quot;,&quot;focal_length&quot;:&quot;0&quot;,&quot;iso&quot;:&quot;0&quot;,&quot;shutter_speed&quot;:&quot;0&quot;,&quot;title&quot;:&quot;&quot;}\" data-image-title=\"processione\" data-image-description=\"\" data-image-caption=\"\" data-medium-file=\"https:\/\/www.ischia.campania.it\/wp-content\/uploads\/2013\/01\/processione-1-446x334.jpg\" data-large-file=\"https:\/\/www.ischia.campania.it\/wp-content\/uploads\/2013\/01\/processione-1.jpg\" \/><\/a>\n\t\t\t<\/dt><\/dl><dl class='gallery-item'>\n\t\t\t<dt class='gallery-icon landscape'>\n\t\t\t\t<a href='https:\/\/www.ischia.campania.it\/wp-content\/uploads\/2013\/07\/soccorso.jpg'><img width=\"150\" height=\"150\" src=\"https:\/\/www.ischia.campania.it\/wp-content\/uploads\/2013\/07\/soccorso-150x150.jpg\" class=\"attachment-thumbnail size-thumbnail\" alt=\"\" loading=\"lazy\" srcset=\"https:\/\/www.ischia.campania.it\/wp-content\/uploads\/2013\/07\/soccorso-150x150.jpg 150w, https:\/\/www.ischia.campania.it\/wp-content\/uploads\/2013\/07\/soccorso-130x130.jpg 130w, https:\/\/www.ischia.campania.it\/wp-content\/uploads\/2013\/07\/soccorso-67x67.jpg 67w, https:\/\/www.ischia.campania.it\/wp-content\/uploads\/2013\/07\/soccorso-40x40.jpg 40w, https:\/\/www.ischia.campania.it\/wp-content\/uploads\/2013\/07\/soccorso-184x184.jpg 184w\" sizes=\"(max-width: 150px) 100vw, 150px\" data-attachment-id=\"1451\" data-permalink=\"https:\/\/www.ischia.campania.it\/index.php\/cose-da-fare-a-ischia-in-una-settimana\/soccorso\/\" data-orig-file=\"https:\/\/www.ischia.campania.it\/wp-content\/uploads\/2013\/07\/soccorso.jpg\" data-orig-size=\"750,500\" data-comments-opened=\"1\" data-image-meta=\"{&quot;aperture&quot;:&quot;0&quot;,&quot;credit&quot;:&quot;&quot;,&quot;camera&quot;:&quot;&quot;,&quot;caption&quot;:&quot;&quot;,&quot;created_timestamp&quot;:&quot;0&quot;,&quot;copyright&quot;:&quot;&quot;,&quot;focal_length&quot;:&quot;0&quot;,&quot;iso&quot;:&quot;0&quot;,&quot;shutter_speed&quot;:&quot;0&quot;,&quot;title&quot;:&quot;&quot;}\" data-image-title=\"soccorso\" data-image-description=\"\" data-image-caption=\"\" data-medium-file=\"https:\/\/www.ischia.campania.it\/wp-content\/uploads\/2013\/07\/soccorso-446x297.jpg\" data-large-file=\"https:\/\/www.ischia.campania.it\/wp-content\/uploads\/2013\/07\/soccorso.jpg\" \/><\/a>\n\t\t\t<\/dt><\/dl><dl class='gallery-item'>\n\t\t\t<dt class='gallery-icon landscape'>\n\t\t\t\t<a href='https:\/\/www.ischia.campania.it\/wp-content\/uploads\/2013\/01\/foto-1_spiaggia_citara.jpg'><img width=\"150\" height=\"150\" src=\"https:\/\/www.ischia.campania.it\/wp-content\/uploads\/2013\/01\/foto-1_spiaggia_citara-150x150.jpg\" class=\"attachment-thumbnail size-thumbnail\" alt=\"spiaggia citara\" loading=\"lazy\" srcset=\"https:\/\/www.ischia.campania.it\/wp-content\/uploads\/2013\/01\/foto-1_spiaggia_citara-150x150.jpg 150w, https:\/\/www.ischia.campania.it\/wp-content\/uploads\/2013\/01\/foto-1_spiaggia_citara-130x130.jpg 130w, https:\/\/www.ischia.campania.it\/wp-content\/uploads\/2013\/01\/foto-1_spiaggia_citara-67x67.jpg 67w, https:\/\/www.ischia.campania.it\/wp-content\/uploads\/2013\/01\/foto-1_spiaggia_citara-40x40.jpg 40w, https:\/\/www.ischia.campania.it\/wp-content\/uploads\/2013\/01\/foto-1_spiaggia_citara-184x184.jpg 184w\" sizes=\"(max-width: 150px) 100vw, 150px\" data-attachment-id=\"578\" data-permalink=\"https:\/\/www.ischia.campania.it\/index.php\/forio-terra-del-sole\/foto-1_spiaggia_citara\/\" data-orig-file=\"https:\/\/www.ischia.campania.it\/wp-content\/uploads\/2013\/01\/foto-1_spiaggia_citara.jpg\" data-orig-size=\"750,500\" data-comments-opened=\"1\" data-image-meta=\"{&quot;aperture&quot;:&quot;0&quot;,&quot;credit&quot;:&quot;&quot;,&quot;camera&quot;:&quot;&quot;,&quot;caption&quot;:&quot;&quot;,&quot;created_timestamp&quot;:&quot;0&quot;,&quot;copyright&quot;:&quot;&quot;,&quot;focal_length&quot;:&quot;0&quot;,&quot;iso&quot;:&quot;0&quot;,&quot;shutter_speed&quot;:&quot;0&quot;,&quot;title&quot;:&quot;&quot;}\" data-image-title=\"spiaggia citara\" data-image-description=\"\" data-image-caption=\"\" data-medium-file=\"https:\/\/www.ischia.campania.it\/wp-content\/uploads\/2013\/01\/foto-1_spiaggia_citara-446x297.jpg\" data-large-file=\"https:\/\/www.ischia.campania.it\/wp-content\/uploads\/2013\/01\/foto-1_spiaggia_citara.jpg\" \/><\/a>\n\t\t\t<\/dt><\/dl><br style=\"clear: both\" \/>\n\t\t<\/div>\n\n","protected":false},"excerpt":{"rendered":"<p>C\u2019\u00e8 una storiella locale secondo cui i contadini di Ischia non gradivano lavorare la terra a Forio perch\u00e9 la giornata nei campi era pi\u00f9 lunga per via della felice esposizione a ovest del territorio rispetto alle altre parti dell\u2019isola in cui il sole tramontava invece prima. L\u2019aneddoto coglie un aspetto reale e tutt\u2019altro che secondario. [&hellip;]<\/p>\n","protected":false},"author":2,"featured_media":575,"comment_status":"open","ping_status":"open","sticky":false,"template":"","format":"standard","meta":{"_et_pb_use_builder":"","_et_pb_old_content":"","_et_gb_content_width":"","_monsterinsights_skip_tracking":false,"_monsterinsights_sitenote_active":false,"_monsterinsights_sitenote_note":"","_monsterinsights_sitenote_category":0,"spay_email":""},"categories":[4,1],"tags":[],"jetpack_featured_media_url":"https:\/\/www.ischia.campania.it\/wp-content\/uploads\/2013\/01\/Forioskyline.jpg","jetpack_shortlink":"https:\/\/wp.me\/p3yuov-96","jetpack_sharing_enabled":true,"_links":{"self":[{"href":"https:\/\/www.ischia.campania.it\/index.php\/wp-json\/wp\/v2\/posts\/564"}],"collection":[{"href":"https:\/\/www.ischia.campania.it\/index.php\/wp-json\/wp\/v2\/posts"}],"about":[{"href":"https:\/\/www.ischia.campania.it\/index.php\/wp-json\/wp\/v2\/types\/post"}],"author":[{"embeddable":true,"href":"https:\/\/www.ischia.campania.it\/index.php\/wp-json\/wp\/v2\/users\/2"}],"replies":[{"embeddable":true,"href":"https:\/\/www.ischia.campania.it\/index.php\/wp-json\/wp\/v2\/comments?post=564"}],"version-history":[{"count":25,"href":"https:\/\/www.ischia.campania.it\/index.php\/wp-json\/wp\/v2\/posts\/564\/revisions"}],"predecessor-version":[{"id":9097,"href":"https:\/\/www.ischia.campania.it\/index.php\/wp-json\/wp\/v2\/posts\/564\/revisions\/9097"}],"wp:featuredmedia":[{"embeddable":true,"href":"https:\/\/www.ischia.campania.it\/index.php\/wp-json\/wp\/v2\/media\/575"}],"wp:attachment":[{"href":"https:\/\/www.ischia.campania.it\/index.php\/wp-json\/wp\/v2\/media?parent=564"}],"wp:term":[{"taxonomy":"category","embeddable":true,"href":"https:\/\/www.ischia.campania.it\/index.php\/wp-json\/wp\/v2\/categories?post=564"},{"taxonomy":"post_tag","embeddable":true,"href":"https:\/\/www.ischia.campania.it\/index.php\/wp-json\/wp\/v2\/tags?post=564"}],"curies":[{"name":"wp","href":"https:\/\/api.w.org\/{rel}","templated":true}]}}