{"id":5823,"date":"2015-04-29T17:04:07","date_gmt":"2015-04-29T15:04:07","guid":{"rendered":"https:\/\/www.ischia.campania.it\/?p=5823"},"modified":"2016-11-08T12:23:07","modified_gmt":"2016-11-08T11:23:07","slug":"ischia-da-come-eravamo-a-come-siamo","status":"publish","type":"post","link":"https:\/\/www.ischia.campania.it\/index.php\/ischia-da-come-eravamo-a-come-siamo\/","title":{"rendered":"Ischia: da &#8220;come eravamo&#8221; a &#8220;come siamo&#8221;"},"content":{"rendered":"<div id=\"itiner-social\" style=\"padding: 5px 0; float:left; width:100%;\"><a href=\"https:\/\/twitter.com\/share\" class=\"twitter-share-button\" data-url=\"http:\/\/www.ischia.campania.it\/index.php\/ischia-da-come-eravamo-a-come-siamo\/\" data-text=\"ItinerSocial\" data-count=\"horizontal\" data-via=\"ItinerSocial\" style=\"flaot:left;margin: 0 10px\"><\/a><div class=\"fb-like\" data-href=\"http:\/\/www.ischia.campania.it\/index.php\/ischia-da-come-eravamo-a-come-siamo\/\" data-layout=\"button_count\" data-send=\"false\" data-show-faces=\"false\" data-width=\"90\" style=\"flaot:left;margin: 0 10px\"><\/div><div class=\"g-plusone\" data-annotation=\"inline\" data-href=\"http:\/\/www.ischia.campania.it\/index.php\/ischia-da-come-eravamo-a-come-siamo\/\" data-size=\"medium\" data-width=\"120\" style=\"flaot:left;margin: 0 10px\"><\/div><\/div><p><strong> La stessa foto tanti anni dopo<\/strong>. Una carrellata di scatti dove sopra c&#8217;\u00e8 la foto d&#8217;epoca e sotto quella attuale. Un confronto tra &#8220;come eravamo&#8221; e &#8220;come siamo adesso&#8221; che offre una testimonianza <em>plastica <\/em>del cambiamento dell&#8217;isola d&#8217;Ischia dal dopoguerra a oggi. In peggio? In meglio? Ognuno tragga le sue conclusioni. Qui, pi\u00f9 modestamente, preferiamo rifarci gli occhi con la splendida isola d&#8217;Ischia.<br \/>\n<strong><br \/>\nPanorama di Casamicciola dall&#8217;Osservatorio Geofisico<\/strong><br \/>\n<a href=\"https:\/\/www.ischia.campania.it\/wp-content\/uploads\/2015\/04\/porto-casamicciola.jpg\" target=\"_blank\"><img data-attachment-id=\"5828\" data-permalink=\"https:\/\/www.ischia.campania.it\/index.php\/ischia-da-come-eravamo-a-come-siamo\/porto-casamicciola\/\" data-orig-file=\"https:\/\/www.ischia.campania.it\/wp-content\/uploads\/2015\/04\/porto-casamicciola.jpg\" data-orig-size=\"750,1031\" data-comments-opened=\"1\" data-image-meta=\"{&quot;aperture&quot;:&quot;0&quot;,&quot;credit&quot;:&quot;&quot;,&quot;camera&quot;:&quot;&quot;,&quot;caption&quot;:&quot;&quot;,&quot;created_timestamp&quot;:&quot;0&quot;,&quot;copyright&quot;:&quot;&quot;,&quot;focal_length&quot;:&quot;0&quot;,&quot;iso&quot;:&quot;0&quot;,&quot;shutter_speed&quot;:&quot;0&quot;,&quot;title&quot;:&quot;&quot;,&quot;orientation&quot;:&quot;0&quot;}\" data-image-title=\"porto-casamicciola\" data-image-description=\"\" data-image-caption=\"\" data-medium-file=\"https:\/\/www.ischia.campania.it\/wp-content\/uploads\/2015\/04\/porto-casamicciola-446x613.jpg\" data-large-file=\"https:\/\/www.ischia.campania.it\/wp-content\/uploads\/2015\/04\/porto-casamicciola-745x1024.jpg\" loading=\"lazy\" class=\"alignleft wp-image-5828 size-thumbnail\" src=\"https:\/\/www.ischia.campania.it\/wp-content\/uploads\/2015\/04\/porto-casamicciola-150x150.jpg\" alt=\"porto-casamicciola\" width=\"150\" height=\"150\" srcset=\"https:\/\/www.ischia.campania.it\/wp-content\/uploads\/2015\/04\/porto-casamicciola-150x150.jpg 150w, https:\/\/www.ischia.campania.it\/wp-content\/uploads\/2015\/04\/porto-casamicciola-130x130.jpg 130w, https:\/\/www.ischia.campania.it\/wp-content\/uploads\/2015\/04\/porto-casamicciola-67x67.jpg 67w, https:\/\/www.ischia.campania.it\/wp-content\/uploads\/2015\/04\/porto-casamicciola-40x40.jpg 40w, https:\/\/www.ischia.campania.it\/wp-content\/uploads\/2015\/04\/porto-casamicciola-184x184.jpg 184w\" sizes=\"(max-width: 150px) 100vw, 150px\" \/><\/a><br \/>\nOsservando la foto d&#8217;epoca,\u00a0quel che balza subito agli occhi \u00e8 lo sviluppo costiero di Casamicciola Terme. Una scelta precisa del governo Depretis che, dopo il terremoto del 1883, prefer\u00ec ricostruire la cittadina prevalentemente a ridosso della linea di costa. A farne le spese &#8211; si fa per dire &#8211; furono le zone interne, fino a quel momento, invece, pi\u00f9 sviluppate e densamente abitate (specie la <a href=\"https:\/\/www.ischia.campania.it\/index.php\/sentinella-e-dintorni-passeggiata-nella-parte-alta-di-casamicciola\/\" target=\"_blank\">Sentinella<\/a> da dove sono stati realizzati entrambi gli scatti). Con gli anni, per\u00f2, le cose sono cambiate e l&#8217;interno, come si pu\u00f2 vedere dalla foto pi\u00f9 recente, si \u00e8 nuovamente ripopolato.<\/p>\n<p><strong>San Montano<\/strong><br \/>\n<a href=\"https:\/\/www.ischia.campania.it\/wp-content\/uploads\/2015\/04\/spiaggia-san-montano.jpg\" target=\"_blank\"><img data-attachment-id=\"5833\" data-permalink=\"https:\/\/www.ischia.campania.it\/index.php\/ischia-da-come-eravamo-a-come-siamo\/spiaggia-san-montano\/\" data-orig-file=\"https:\/\/www.ischia.campania.it\/wp-content\/uploads\/2015\/04\/spiaggia-san-montano.jpg\" data-orig-size=\"750,1027\" data-comments-opened=\"1\" data-image-meta=\"{&quot;aperture&quot;:&quot;0&quot;,&quot;credit&quot;:&quot;&quot;,&quot;camera&quot;:&quot;&quot;,&quot;caption&quot;:&quot;&quot;,&quot;created_timestamp&quot;:&quot;0&quot;,&quot;copyright&quot;:&quot;&quot;,&quot;focal_length&quot;:&quot;0&quot;,&quot;iso&quot;:&quot;0&quot;,&quot;shutter_speed&quot;:&quot;0&quot;,&quot;title&quot;:&quot;&quot;,&quot;orientation&quot;:&quot;0&quot;}\" data-image-title=\"spiaggia-san-montano\" data-image-description=\"\" data-image-caption=\"\" data-medium-file=\"https:\/\/www.ischia.campania.it\/wp-content\/uploads\/2015\/04\/spiaggia-san-montano-446x611.jpg\" data-large-file=\"https:\/\/www.ischia.campania.it\/wp-content\/uploads\/2015\/04\/spiaggia-san-montano-748x1024.jpg\" loading=\"lazy\" class=\"alignleft wp-image-5833 size-thumbnail\" src=\"https:\/\/www.ischia.campania.it\/wp-content\/uploads\/2015\/04\/spiaggia-san-montano-150x150.jpg\" alt=\"spiaggia-san-montano\" width=\"150\" height=\"150\" srcset=\"https:\/\/www.ischia.campania.it\/wp-content\/uploads\/2015\/04\/spiaggia-san-montano-150x150.jpg 150w, https:\/\/www.ischia.campania.it\/wp-content\/uploads\/2015\/04\/spiaggia-san-montano-130x130.jpg 130w, https:\/\/www.ischia.campania.it\/wp-content\/uploads\/2015\/04\/spiaggia-san-montano-67x67.jpg 67w, https:\/\/www.ischia.campania.it\/wp-content\/uploads\/2015\/04\/spiaggia-san-montano-40x40.jpg 40w, https:\/\/www.ischia.campania.it\/wp-content\/uploads\/2015\/04\/spiaggia-san-montano-184x184.jpg 184w\" sizes=\"(max-width: 150px) 100vw, 150px\" \/><\/a>Dove ora ci sono le piscine del <a href=\"https:\/\/www.ischia.campania.it\/index.php\/il-negombo-terme-e-natura\/\" target=\"_blank\">Parco Termale Negombo<\/a> un tempo c&#8217;erano terrazze coltivate. Come pure coltivati erano i terreni a ridosso della spiaggia di San Montano. L&#8217;acquisto dell&#8217;area da parte del Duca Luigi Silvestro Camerini, e soprattutto l&#8217;ultimazione del parco da parte del figlio Paolo, ha radicalmente cambiato l&#8217;intera zona; trasformata &#8211; va detto &#8211; in uno dei fiori all&#8217;occhiello dell&#8217;isola d&#8217;Ischia. Tale, infatti, \u00e8 la fama del Negombo che, oltre a essere un rinomato stabilimento termale \u00e8 anche un bellissimo parco botanico disegnato con piante provenienti da ogni angolo del pianeta.<\/p>\n<p><strong>Il Castello Aragonese<\/strong><br \/>\n<a href=\"https:\/\/www.ischia.campania.it\/wp-content\/uploads\/2015\/04\/castello-aragonese.jpg\" target=\"_blank\"><img data-attachment-id=\"5825\" data-permalink=\"https:\/\/www.ischia.campania.it\/index.php\/ischia-da-come-eravamo-a-come-siamo\/castello-aragonese-2\/\" data-orig-file=\"https:\/\/www.ischia.campania.it\/wp-content\/uploads\/2015\/04\/castello-aragonese.jpg\" data-orig-size=\"750,1027\" data-comments-opened=\"1\" data-image-meta=\"{&quot;aperture&quot;:&quot;0&quot;,&quot;credit&quot;:&quot;&quot;,&quot;camera&quot;:&quot;&quot;,&quot;caption&quot;:&quot;&quot;,&quot;created_timestamp&quot;:&quot;0&quot;,&quot;copyright&quot;:&quot;&quot;,&quot;focal_length&quot;:&quot;0&quot;,&quot;iso&quot;:&quot;0&quot;,&quot;shutter_speed&quot;:&quot;0&quot;,&quot;title&quot;:&quot;&quot;,&quot;orientation&quot;:&quot;0&quot;}\" data-image-title=\"castello-aragonese\" data-image-description=\"\" data-image-caption=\"\" data-medium-file=\"https:\/\/www.ischia.campania.it\/wp-content\/uploads\/2015\/04\/castello-aragonese-446x611.jpg\" data-large-file=\"https:\/\/www.ischia.campania.it\/wp-content\/uploads\/2015\/04\/castello-aragonese-748x1024.jpg\" loading=\"lazy\" class=\"alignleft wp-image-5825 size-thumbnail\" src=\"https:\/\/www.ischia.campania.it\/wp-content\/uploads\/2015\/04\/castello-aragonese-150x150.jpg\" alt=\"castello-aragonese\" width=\"150\" height=\"150\" srcset=\"https:\/\/www.ischia.campania.it\/wp-content\/uploads\/2015\/04\/castello-aragonese-150x150.jpg 150w, https:\/\/www.ischia.campania.it\/wp-content\/uploads\/2015\/04\/castello-aragonese-130x130.jpg 130w, https:\/\/www.ischia.campania.it\/wp-content\/uploads\/2015\/04\/castello-aragonese-67x67.jpg 67w, https:\/\/www.ischia.campania.it\/wp-content\/uploads\/2015\/04\/castello-aragonese-40x40.jpg 40w, https:\/\/www.ischia.campania.it\/wp-content\/uploads\/2015\/04\/castello-aragonese-184x184.jpg 184w\" sizes=\"(max-width: 150px) 100vw, 150px\" \/><\/a>Il Castello Aragonese \u00e8 il Castello Aragonese. L&#8217;unica cosa, sull&#8217;isola, a esser rimasta uguale mentre attorno tutto cambiava. Non a caso \u00e8 il simbolo indiscusso dell&#8217;isola; la sua immagine pi\u00f9 famosa al mondo. In realt\u00e0 di cambiamenti, e molti, ne ha avuti anche il maniero di Alfonso D&#8217;Aragona; non per\u00f2 nell&#8217;ultimo secolo, quello preso in considerazione dalle immagini. Merito della famiglia Mattera, proprietaria della fortezza dal lontano 1912. Grazie alla lungimiranza di questa famiglia, infatti, il <a href=\"https:\/\/www.ischia.campania.it\/index.php\/il-castello-aragonese\/\" target=\"_blank\">Castello Aragonese<\/a> \u00e8 rimasto un bene di tutta la comunit\u00e0 isolana, visitabile 365 giorni l&#8217;anno e location d&#8217;eccezione per le pi\u00f9 varie iniziative culturali.<\/p>\n<p><strong>Il Soccorso<\/strong><br \/>\n<a href=\"https:\/\/www.ischia.campania.it\/wp-content\/uploads\/2015\/04\/soccorso.jpg\" target=\"_blank\"><img data-attachment-id=\"5832\" data-permalink=\"https:\/\/www.ischia.campania.it\/index.php\/ischia-da-come-eravamo-a-come-siamo\/soccorso-5\/\" data-orig-file=\"https:\/\/www.ischia.campania.it\/wp-content\/uploads\/2015\/04\/soccorso.jpg\" data-orig-size=\"750,1027\" data-comments-opened=\"1\" data-image-meta=\"{&quot;aperture&quot;:&quot;0&quot;,&quot;credit&quot;:&quot;&quot;,&quot;camera&quot;:&quot;&quot;,&quot;caption&quot;:&quot;&quot;,&quot;created_timestamp&quot;:&quot;0&quot;,&quot;copyright&quot;:&quot;&quot;,&quot;focal_length&quot;:&quot;0&quot;,&quot;iso&quot;:&quot;0&quot;,&quot;shutter_speed&quot;:&quot;0&quot;,&quot;title&quot;:&quot;&quot;,&quot;orientation&quot;:&quot;0&quot;}\" data-image-title=\"soccorso\" data-image-description=\"\" data-image-caption=\"\" data-medium-file=\"https:\/\/www.ischia.campania.it\/wp-content\/uploads\/2015\/04\/soccorso-446x611.jpg\" data-large-file=\"https:\/\/www.ischia.campania.it\/wp-content\/uploads\/2015\/04\/soccorso-748x1024.jpg\" loading=\"lazy\" class=\"alignleft wp-image-5832 size-thumbnail\" src=\"https:\/\/www.ischia.campania.it\/wp-content\/uploads\/2015\/04\/soccorso-150x150.jpg\" alt=\"soccorso\" width=\"150\" height=\"150\" srcset=\"https:\/\/www.ischia.campania.it\/wp-content\/uploads\/2015\/04\/soccorso-150x150.jpg 150w, https:\/\/www.ischia.campania.it\/wp-content\/uploads\/2015\/04\/soccorso-130x130.jpg 130w, https:\/\/www.ischia.campania.it\/wp-content\/uploads\/2015\/04\/soccorso-67x67.jpg 67w, https:\/\/www.ischia.campania.it\/wp-content\/uploads\/2015\/04\/soccorso-40x40.jpg 40w, https:\/\/www.ischia.campania.it\/wp-content\/uploads\/2015\/04\/soccorso-184x184.jpg 184w\" sizes=\"(max-width: 150px) 100vw, 150px\" \/><\/a>Insieme al Castello Aragonese, la <a href=\"https:\/\/www.ischia.campania.it\/index.php\/la-chiesa-del-soccorso-di-forio\/\" target=\"_blank\">chiesa del Soccorso<\/a> \u00e8 l&#8217;altra cartolina dell&#8217;isola d&#8217;Ischia. In questo caso, per\u00f2, i cambiamenti sono stati tanti e anche radicali. Basta vedere come appariva la chiesa prima che tutt&#8217;attorno venisse realizzato l&#8217;imponenete muraglione per proteggerla dalla furia del maestrale. E chiss\u00e0 come doveva essere la chiesa secoli addietro, per esempio nel &#8216;600, quando oltre al muraglione non c&#8217;era neanche il piazzale antistante. Una grande distesa di terra coltivata con un piccolo edificio bianco, dalle linee semplici, a strapiombo sul mare.<\/p>\n<p><strong>Eremo di San Nicola<br \/>\n<a href=\"https:\/\/www.ischia.campania.it\/wp-content\/uploads\/2015\/04\/eremo.jpg\" target=\"_blank\"><img data-attachment-id=\"5826\" data-permalink=\"https:\/\/www.ischia.campania.it\/index.php\/ischia-da-come-eravamo-a-come-siamo\/eremo\/\" data-orig-file=\"https:\/\/www.ischia.campania.it\/wp-content\/uploads\/2015\/04\/eremo.jpg\" data-orig-size=\"750,1027\" data-comments-opened=\"1\" data-image-meta=\"{&quot;aperture&quot;:&quot;0&quot;,&quot;credit&quot;:&quot;&quot;,&quot;camera&quot;:&quot;&quot;,&quot;caption&quot;:&quot;&quot;,&quot;created_timestamp&quot;:&quot;0&quot;,&quot;copyright&quot;:&quot;&quot;,&quot;focal_length&quot;:&quot;0&quot;,&quot;iso&quot;:&quot;0&quot;,&quot;shutter_speed&quot;:&quot;0&quot;,&quot;title&quot;:&quot;&quot;,&quot;orientation&quot;:&quot;0&quot;}\" data-image-title=\"eremo\" data-image-description=\"\" data-image-caption=\"\" data-medium-file=\"https:\/\/www.ischia.campania.it\/wp-content\/uploads\/2015\/04\/eremo-446x611.jpg\" data-large-file=\"https:\/\/www.ischia.campania.it\/wp-content\/uploads\/2015\/04\/eremo-748x1024.jpg\" loading=\"lazy\" class=\"alignleft wp-image-5826 size-thumbnail\" src=\"https:\/\/www.ischia.campania.it\/wp-content\/uploads\/2015\/04\/eremo-150x150.jpg\" alt=\"eremo\" width=\"150\" height=\"150\" srcset=\"https:\/\/www.ischia.campania.it\/wp-content\/uploads\/2015\/04\/eremo-150x150.jpg 150w, https:\/\/www.ischia.campania.it\/wp-content\/uploads\/2015\/04\/eremo-130x130.jpg 130w, https:\/\/www.ischia.campania.it\/wp-content\/uploads\/2015\/04\/eremo-67x67.jpg 67w, https:\/\/www.ischia.campania.it\/wp-content\/uploads\/2015\/04\/eremo-40x40.jpg 40w, https:\/\/www.ischia.campania.it\/wp-content\/uploads\/2015\/04\/eremo-184x184.jpg 184w\" sizes=\"(max-width: 150px) 100vw, 150px\" \/><\/a><\/strong> E rimanendo in tema di simboli, non si poteva far a meno di confrontare l&#8217;eremo di San Nicola ieri e oggi. Anche qui i cambiamenti sono stati tanti, pi\u00f9 che altro dovuti all&#8217;incuria che per anni ha interessato il convento, e soprattutto la piccola <a href=\"https:\/\/www.ischia.campania.it\/index.php\/le-chiese-rupestri-dellisola-dischia\/\" target=\"_blank\">chiesa rupestre<\/a>. Molto, moltissimo \u00e8 cambiato anche a valle. Il sentiero, un tempo una mulattiera, oggi \u00e8 una strada interamente carrabile fin quasi sulla cima. A dispetto di questi cambiamenti, per\u00f2, la vetta dell&#8217;Epomeo \u00e8 una delle tappe irrinunciabili di una vacanza a Ischia. Una volta su, a 789 metri sul livello del mare, si capisce facilmente il perch\u00e8.<\/p>\n<p><strong>Sant&#8217;Angelo<\/strong><br \/>\n<a href=\"https:\/\/www.ischia.campania.it\/wp-content\/uploads\/2015\/04\/sant-angelo.jpg\" target=\"_blank\"><img data-attachment-id=\"5831\" data-permalink=\"https:\/\/www.ischia.campania.it\/index.php\/ischia-da-come-eravamo-a-come-siamo\/sant-angelo\/\" data-orig-file=\"https:\/\/www.ischia.campania.it\/wp-content\/uploads\/2015\/04\/sant-angelo.jpg\" data-orig-size=\"750,1027\" data-comments-opened=\"1\" data-image-meta=\"{&quot;aperture&quot;:&quot;0&quot;,&quot;credit&quot;:&quot;&quot;,&quot;camera&quot;:&quot;&quot;,&quot;caption&quot;:&quot;&quot;,&quot;created_timestamp&quot;:&quot;0&quot;,&quot;copyright&quot;:&quot;&quot;,&quot;focal_length&quot;:&quot;0&quot;,&quot;iso&quot;:&quot;0&quot;,&quot;shutter_speed&quot;:&quot;0&quot;,&quot;title&quot;:&quot;&quot;,&quot;orientation&quot;:&quot;0&quot;}\" data-image-title=\"sant-angelo\" data-image-description=\"\" data-image-caption=\"\" data-medium-file=\"https:\/\/www.ischia.campania.it\/wp-content\/uploads\/2015\/04\/sant-angelo-446x611.jpg\" data-large-file=\"https:\/\/www.ischia.campania.it\/wp-content\/uploads\/2015\/04\/sant-angelo-748x1024.jpg\" loading=\"lazy\" class=\"alignleft wp-image-5831 size-thumbnail\" src=\"https:\/\/www.ischia.campania.it\/wp-content\/uploads\/2015\/04\/sant-angelo-150x150.jpg\" alt=\"sant-angelo\" width=\"150\" height=\"150\" srcset=\"https:\/\/www.ischia.campania.it\/wp-content\/uploads\/2015\/04\/sant-angelo-150x150.jpg 150w, https:\/\/www.ischia.campania.it\/wp-content\/uploads\/2015\/04\/sant-angelo-130x130.jpg 130w, https:\/\/www.ischia.campania.it\/wp-content\/uploads\/2015\/04\/sant-angelo-67x67.jpg 67w, https:\/\/www.ischia.campania.it\/wp-content\/uploads\/2015\/04\/sant-angelo-40x40.jpg 40w, https:\/\/www.ischia.campania.it\/wp-content\/uploads\/2015\/04\/sant-angelo-184x184.jpg 184w\" sizes=\"(max-width: 150px) 100vw, 150px\" \/><\/a>E venne la volta di Sant&#8217;Angelo, antico borgo marinaro dell&#8217;isola d&#8217;Ischia. Il turismo ha cambiato tutto anche qui, rispettando, per\u00f2, molto pi\u00f9 che altrove, l&#8217;impianto urbanistico preesistente. <a href=\"https:\/\/www.ischia.campania.it\/index.php\/i-borghi-marinari-dellisola-dischia\/\" target=\"_blank\">Sant&#8217;Angelo, insieme a Ischia Ponte e alla Corricella di Procida<\/a> \u00e8 uno degli esempi pi\u00f9 significativi di quel modo di costruire sui generis che \u00e8 l&#8217;architettura mediterranea. Superfetazioni, logge, archi e colori pastello per un borgo che termina con una spiaggia e un enorme roccia trachitica in mezzo al mare. Magia!<\/p>\n<p><strong>Panorama di Ischia Ponte<\/strong> <strong>dal Castello Aragonese<\/strong><br \/>\n<a href=\"https:\/\/www.ischia.campania.it\/wp-content\/uploads\/2015\/04\/ischia-ponte.jpg\" target=\"_blank\"><img data-attachment-id=\"5827\" data-permalink=\"https:\/\/www.ischia.campania.it\/index.php\/ischia-da-come-eravamo-a-come-siamo\/ischia-ponte\/\" data-orig-file=\"https:\/\/www.ischia.campania.it\/wp-content\/uploads\/2015\/04\/ischia-ponte.jpg\" data-orig-size=\"750,1027\" data-comments-opened=\"1\" data-image-meta=\"{&quot;aperture&quot;:&quot;0&quot;,&quot;credit&quot;:&quot;&quot;,&quot;camera&quot;:&quot;&quot;,&quot;caption&quot;:&quot;&quot;,&quot;created_timestamp&quot;:&quot;0&quot;,&quot;copyright&quot;:&quot;&quot;,&quot;focal_length&quot;:&quot;0&quot;,&quot;iso&quot;:&quot;0&quot;,&quot;shutter_speed&quot;:&quot;0&quot;,&quot;title&quot;:&quot;&quot;,&quot;orientation&quot;:&quot;0&quot;}\" data-image-title=\"ischia-ponte\" data-image-description=\"\" data-image-caption=\"\" data-medium-file=\"https:\/\/www.ischia.campania.it\/wp-content\/uploads\/2015\/04\/ischia-ponte-446x611.jpg\" data-large-file=\"https:\/\/www.ischia.campania.it\/wp-content\/uploads\/2015\/04\/ischia-ponte-748x1024.jpg\" loading=\"lazy\" class=\"alignleft wp-image-5827 size-thumbnail\" src=\"https:\/\/www.ischia.campania.it\/wp-content\/uploads\/2015\/04\/ischia-ponte-150x150.jpg\" alt=\"ischia-ponte\" width=\"150\" height=\"150\" srcset=\"https:\/\/www.ischia.campania.it\/wp-content\/uploads\/2015\/04\/ischia-ponte-150x150.jpg 150w, https:\/\/www.ischia.campania.it\/wp-content\/uploads\/2015\/04\/ischia-ponte-130x130.jpg 130w, https:\/\/www.ischia.campania.it\/wp-content\/uploads\/2015\/04\/ischia-ponte-67x67.jpg 67w, https:\/\/www.ischia.campania.it\/wp-content\/uploads\/2015\/04\/ischia-ponte-40x40.jpg 40w, https:\/\/www.ischia.campania.it\/wp-content\/uploads\/2015\/04\/ischia-ponte-184x184.jpg 184w\" sizes=\"(max-width: 150px) 100vw, 150px\" \/><\/a> Ischia Ponte &#8211; dicevamo &#8211; \u00e8 l&#8217;altro borgo marinaro dell&#8217;isola d&#8217;Ischia. In realt\u00e0 c&#8217;\u00e8 anche Testaccio, sulla strada che porta alla spiaggia dei Maronti, ma \u00e8 l&#8217;antico &#8220;borgo di Celsa&#8221; la localit\u00e0 dove pi\u00f9 forte e significativa \u00e8 stata l&#8217;influenza dei pescatori. A partire dalla Chiesa Collegiata dello Spirito Santo, interamente costruita con i propri lasciti, passando per le umili dimore a schiera della <a href=\"https:\/\/www.ischia.campania.it\/index.php\/la-mandra-la-spiaggia-dei-pescatori-e-lo-spirito-popolare-di-ischia\/\" target=\"_blank\">Mandra<\/a> fino al grazioso Museo del Mare nel settecentesco Palazzo dell&#8217;Orologio. La vista del borgo dal Castello Aragonese \u00e8 l&#8217;ennesima suggestione di un&#8217;isola che continua a stupire a dispetto del tempo.<strong><br \/>\nPanorama del porto di Ischia dal bosco del Cretaio<\/strong><br \/>\n<a href=\"https:\/\/www.ischia.campania.it\/wp-content\/uploads\/2015\/04\/porto-ischia.jpg\" target=\"_blank\"><img data-attachment-id=\"5829\" data-permalink=\"https:\/\/www.ischia.campania.it\/index.php\/ischia-da-come-eravamo-a-come-siamo\/porto-ischia\/\" data-orig-file=\"https:\/\/www.ischia.campania.it\/wp-content\/uploads\/2015\/04\/porto-ischia.jpg\" data-orig-size=\"750,1027\" data-comments-opened=\"1\" data-image-meta=\"{&quot;aperture&quot;:&quot;0&quot;,&quot;credit&quot;:&quot;&quot;,&quot;camera&quot;:&quot;&quot;,&quot;caption&quot;:&quot;&quot;,&quot;created_timestamp&quot;:&quot;0&quot;,&quot;copyright&quot;:&quot;&quot;,&quot;focal_length&quot;:&quot;0&quot;,&quot;iso&quot;:&quot;0&quot;,&quot;shutter_speed&quot;:&quot;0&quot;,&quot;title&quot;:&quot;&quot;,&quot;orientation&quot;:&quot;0&quot;}\" data-image-title=\"porto-ischia\" data-image-description=\"\" data-image-caption=\"\" data-medium-file=\"https:\/\/www.ischia.campania.it\/wp-content\/uploads\/2015\/04\/porto-ischia-446x611.jpg\" data-large-file=\"https:\/\/www.ischia.campania.it\/wp-content\/uploads\/2015\/04\/porto-ischia-748x1024.jpg\" loading=\"lazy\" class=\"alignleft wp-image-5829 size-thumbnail\" src=\"https:\/\/www.ischia.campania.it\/wp-content\/uploads\/2015\/04\/porto-ischia-150x150.jpg\" alt=\"porto-ischia\" width=\"150\" height=\"150\" srcset=\"https:\/\/www.ischia.campania.it\/wp-content\/uploads\/2015\/04\/porto-ischia-150x150.jpg 150w, https:\/\/www.ischia.campania.it\/wp-content\/uploads\/2015\/04\/porto-ischia-130x130.jpg 130w, https:\/\/www.ischia.campania.it\/wp-content\/uploads\/2015\/04\/porto-ischia-67x67.jpg 67w, https:\/\/www.ischia.campania.it\/wp-content\/uploads\/2015\/04\/porto-ischia-40x40.jpg 40w, https:\/\/www.ischia.campania.it\/wp-content\/uploads\/2015\/04\/porto-ischia-184x184.jpg 184w\" sizes=\"(max-width: 150px) 100vw, 150px\" \/><\/a>\u00c8 da poco trascorso il 150esi<em>mo<\/em> anniversario dell&#8217;inaugurazione del porto di Ischia,\u00a0 senza dubbio il pi\u00f9 importante lascito dei Borbone sul territorio. L&#8217;opera che, di fatto, ha decretato l&#8217;ingresso dell&#8217;isola d&#8217;Ischia nella modernit\u00e0, aprendola a scambi commerciali, culturali e turistici con la terraferma. Entrambi questi scatti sono stati realizzati dal <a href=\"https:\/\/www.ischia.campania.it\/index.php\/il-bosco-della-maddalena\/\" target=\"_blank\">bosco della Maddalena<\/a> a Casamicciola, il polmone verde pi\u00f9 importante dell&#8217;isola.<\/p>\n\n\t\t<style type=\"text\/css\">\n\t\t\t#gallery-1 {\n\t\t\t\tmargin: auto;\n\t\t\t}\n\t\t\t#gallery-1 .gallery-item {\n\t\t\t\tfloat: left;\n\t\t\t\tmargin-top: 10px;\n\t\t\t\ttext-align: center;\n\t\t\t\twidth: 25%;\n\t\t\t}\n\t\t\t#gallery-1 img {\n\t\t\t\tborder: 2px solid #cfcfcf;\n\t\t\t}\n\t\t\t#gallery-1 .gallery-caption {\n\t\t\t\tmargin-left: 0;\n\t\t\t}\n\t\t\t\/* see gallery_shortcode() in wp-includes\/media.php *\/\n\t\t<\/style>\n\t\t<div data-carousel-extra='{\"blog_id\":1,\"permalink\":\"https:\\\/\\\/www.ischia.campania.it\\\/index.php\\\/ischia-da-come-eravamo-a-come-siamo\\\/\"}' id='gallery-1' class='gallery galleryid-5823 gallery-columns-4 gallery-size-thumbnail'><dl class='gallery-item'>\n\t\t\t<dt class='gallery-icon portrait'>\n\t\t\t\t<a href='https:\/\/www.ischia.campania.it\/wp-content\/uploads\/2015\/04\/porto-casamicciola.jpg'><img width=\"150\" height=\"150\" src=\"https:\/\/www.ischia.campania.it\/wp-content\/uploads\/2015\/04\/porto-casamicciola-150x150.jpg\" class=\"attachment-thumbnail size-thumbnail\" alt=\"\" loading=\"lazy\" srcset=\"https:\/\/www.ischia.campania.it\/wp-content\/uploads\/2015\/04\/porto-casamicciola-150x150.jpg 150w, https:\/\/www.ischia.campania.it\/wp-content\/uploads\/2015\/04\/porto-casamicciola-130x130.jpg 130w, https:\/\/www.ischia.campania.it\/wp-content\/uploads\/2015\/04\/porto-casamicciola-67x67.jpg 67w, https:\/\/www.ischia.campania.it\/wp-content\/uploads\/2015\/04\/porto-casamicciola-40x40.jpg 40w, https:\/\/www.ischia.campania.it\/wp-content\/uploads\/2015\/04\/porto-casamicciola-184x184.jpg 184w\" sizes=\"(max-width: 150px) 100vw, 150px\" data-attachment-id=\"5828\" data-permalink=\"https:\/\/www.ischia.campania.it\/index.php\/ischia-da-come-eravamo-a-come-siamo\/porto-casamicciola\/\" data-orig-file=\"https:\/\/www.ischia.campania.it\/wp-content\/uploads\/2015\/04\/porto-casamicciola.jpg\" data-orig-size=\"750,1031\" data-comments-opened=\"1\" data-image-meta=\"{&quot;aperture&quot;:&quot;0&quot;,&quot;credit&quot;:&quot;&quot;,&quot;camera&quot;:&quot;&quot;,&quot;caption&quot;:&quot;&quot;,&quot;created_timestamp&quot;:&quot;0&quot;,&quot;copyright&quot;:&quot;&quot;,&quot;focal_length&quot;:&quot;0&quot;,&quot;iso&quot;:&quot;0&quot;,&quot;shutter_speed&quot;:&quot;0&quot;,&quot;title&quot;:&quot;&quot;,&quot;orientation&quot;:&quot;0&quot;}\" data-image-title=\"porto-casamicciola\" data-image-description=\"\" data-image-caption=\"\" data-medium-file=\"https:\/\/www.ischia.campania.it\/wp-content\/uploads\/2015\/04\/porto-casamicciola-446x613.jpg\" data-large-file=\"https:\/\/www.ischia.campania.it\/wp-content\/uploads\/2015\/04\/porto-casamicciola-745x1024.jpg\" \/><\/a>\n\t\t\t<\/dt><\/dl><dl class='gallery-item'>\n\t\t\t<dt class='gallery-icon portrait'>\n\t\t\t\t<a href='https:\/\/www.ischia.campania.it\/wp-content\/uploads\/2015\/04\/spiaggia-san-montano.jpg'><img width=\"150\" height=\"150\" src=\"https:\/\/www.ischia.campania.it\/wp-content\/uploads\/2015\/04\/spiaggia-san-montano-150x150.jpg\" class=\"attachment-thumbnail size-thumbnail\" alt=\"\" loading=\"lazy\" srcset=\"https:\/\/www.ischia.campania.it\/wp-content\/uploads\/2015\/04\/spiaggia-san-montano-150x150.jpg 150w, https:\/\/www.ischia.campania.it\/wp-content\/uploads\/2015\/04\/spiaggia-san-montano-130x130.jpg 130w, https:\/\/www.ischia.campania.it\/wp-content\/uploads\/2015\/04\/spiaggia-san-montano-67x67.jpg 67w, https:\/\/www.ischia.campania.it\/wp-content\/uploads\/2015\/04\/spiaggia-san-montano-40x40.jpg 40w, https:\/\/www.ischia.campania.it\/wp-content\/uploads\/2015\/04\/spiaggia-san-montano-184x184.jpg 184w\" sizes=\"(max-width: 150px) 100vw, 150px\" data-attachment-id=\"5833\" data-permalink=\"https:\/\/www.ischia.campania.it\/index.php\/ischia-da-come-eravamo-a-come-siamo\/spiaggia-san-montano\/\" data-orig-file=\"https:\/\/www.ischia.campania.it\/wp-content\/uploads\/2015\/04\/spiaggia-san-montano.jpg\" data-orig-size=\"750,1027\" data-comments-opened=\"1\" data-image-meta=\"{&quot;aperture&quot;:&quot;0&quot;,&quot;credit&quot;:&quot;&quot;,&quot;camera&quot;:&quot;&quot;,&quot;caption&quot;:&quot;&quot;,&quot;created_timestamp&quot;:&quot;0&quot;,&quot;copyright&quot;:&quot;&quot;,&quot;focal_length&quot;:&quot;0&quot;,&quot;iso&quot;:&quot;0&quot;,&quot;shutter_speed&quot;:&quot;0&quot;,&quot;title&quot;:&quot;&quot;,&quot;orientation&quot;:&quot;0&quot;}\" data-image-title=\"spiaggia-san-montano\" data-image-description=\"\" data-image-caption=\"\" data-medium-file=\"https:\/\/www.ischia.campania.it\/wp-content\/uploads\/2015\/04\/spiaggia-san-montano-446x611.jpg\" data-large-file=\"https:\/\/www.ischia.campania.it\/wp-content\/uploads\/2015\/04\/spiaggia-san-montano-748x1024.jpg\" \/><\/a>\n\t\t\t<\/dt><\/dl><dl class='gallery-item'>\n\t\t\t<dt class='gallery-icon portrait'>\n\t\t\t\t<a href='https:\/\/www.ischia.campania.it\/wp-content\/uploads\/2015\/04\/castello-aragonese.jpg'><img width=\"150\" height=\"150\" src=\"https:\/\/www.ischia.campania.it\/wp-content\/uploads\/2015\/04\/castello-aragonese-150x150.jpg\" class=\"attachment-thumbnail size-thumbnail\" alt=\"\" loading=\"lazy\" srcset=\"https:\/\/www.ischia.campania.it\/wp-content\/uploads\/2015\/04\/castello-aragonese-150x150.jpg 150w, https:\/\/www.ischia.campania.it\/wp-content\/uploads\/2015\/04\/castello-aragonese-130x130.jpg 130w, https:\/\/www.ischia.campania.it\/wp-content\/uploads\/2015\/04\/castello-aragonese-67x67.jpg 67w, https:\/\/www.ischia.campania.it\/wp-content\/uploads\/2015\/04\/castello-aragonese-40x40.jpg 40w, https:\/\/www.ischia.campania.it\/wp-content\/uploads\/2015\/04\/castello-aragonese-184x184.jpg 184w\" sizes=\"(max-width: 150px) 100vw, 150px\" data-attachment-id=\"5825\" data-permalink=\"https:\/\/www.ischia.campania.it\/index.php\/ischia-da-come-eravamo-a-come-siamo\/castello-aragonese-2\/\" data-orig-file=\"https:\/\/www.ischia.campania.it\/wp-content\/uploads\/2015\/04\/castello-aragonese.jpg\" data-orig-size=\"750,1027\" data-comments-opened=\"1\" data-image-meta=\"{&quot;aperture&quot;:&quot;0&quot;,&quot;credit&quot;:&quot;&quot;,&quot;camera&quot;:&quot;&quot;,&quot;caption&quot;:&quot;&quot;,&quot;created_timestamp&quot;:&quot;0&quot;,&quot;copyright&quot;:&quot;&quot;,&quot;focal_length&quot;:&quot;0&quot;,&quot;iso&quot;:&quot;0&quot;,&quot;shutter_speed&quot;:&quot;0&quot;,&quot;title&quot;:&quot;&quot;,&quot;orientation&quot;:&quot;0&quot;}\" data-image-title=\"castello-aragonese\" data-image-description=\"\" data-image-caption=\"\" data-medium-file=\"https:\/\/www.ischia.campania.it\/wp-content\/uploads\/2015\/04\/castello-aragonese-446x611.jpg\" data-large-file=\"https:\/\/www.ischia.campania.it\/wp-content\/uploads\/2015\/04\/castello-aragonese-748x1024.jpg\" \/><\/a>\n\t\t\t<\/dt><\/dl><dl class='gallery-item'>\n\t\t\t<dt class='gallery-icon portrait'>\n\t\t\t\t<a href='https:\/\/www.ischia.campania.it\/wp-content\/uploads\/2015\/04\/soccorso.jpg'><img width=\"150\" height=\"150\" src=\"https:\/\/www.ischia.campania.it\/wp-content\/uploads\/2015\/04\/soccorso-150x150.jpg\" class=\"attachment-thumbnail size-thumbnail\" alt=\"\" loading=\"lazy\" srcset=\"https:\/\/www.ischia.campania.it\/wp-content\/uploads\/2015\/04\/soccorso-150x150.jpg 150w, https:\/\/www.ischia.campania.it\/wp-content\/uploads\/2015\/04\/soccorso-130x130.jpg 130w, https:\/\/www.ischia.campania.it\/wp-content\/uploads\/2015\/04\/soccorso-67x67.jpg 67w, https:\/\/www.ischia.campania.it\/wp-content\/uploads\/2015\/04\/soccorso-40x40.jpg 40w, https:\/\/www.ischia.campania.it\/wp-content\/uploads\/2015\/04\/soccorso-184x184.jpg 184w\" sizes=\"(max-width: 150px) 100vw, 150px\" data-attachment-id=\"5832\" data-permalink=\"https:\/\/www.ischia.campania.it\/index.php\/ischia-da-come-eravamo-a-come-siamo\/soccorso-5\/\" data-orig-file=\"https:\/\/www.ischia.campania.it\/wp-content\/uploads\/2015\/04\/soccorso.jpg\" data-orig-size=\"750,1027\" data-comments-opened=\"1\" data-image-meta=\"{&quot;aperture&quot;:&quot;0&quot;,&quot;credit&quot;:&quot;&quot;,&quot;camera&quot;:&quot;&quot;,&quot;caption&quot;:&quot;&quot;,&quot;created_timestamp&quot;:&quot;0&quot;,&quot;copyright&quot;:&quot;&quot;,&quot;focal_length&quot;:&quot;0&quot;,&quot;iso&quot;:&quot;0&quot;,&quot;shutter_speed&quot;:&quot;0&quot;,&quot;title&quot;:&quot;&quot;,&quot;orientation&quot;:&quot;0&quot;}\" data-image-title=\"soccorso\" data-image-description=\"\" data-image-caption=\"\" data-medium-file=\"https:\/\/www.ischia.campania.it\/wp-content\/uploads\/2015\/04\/soccorso-446x611.jpg\" data-large-file=\"https:\/\/www.ischia.campania.it\/wp-content\/uploads\/2015\/04\/soccorso-748x1024.jpg\" \/><\/a>\n\t\t\t<\/dt><\/dl><br style=\"clear: both\" \/><dl class='gallery-item'>\n\t\t\t<dt class='gallery-icon portrait'>\n\t\t\t\t<a href='https:\/\/www.ischia.campania.it\/wp-content\/uploads\/2015\/04\/eremo.jpg'><img width=\"150\" height=\"150\" src=\"https:\/\/www.ischia.campania.it\/wp-content\/uploads\/2015\/04\/eremo-150x150.jpg\" class=\"attachment-thumbnail size-thumbnail\" alt=\"\" loading=\"lazy\" srcset=\"https:\/\/www.ischia.campania.it\/wp-content\/uploads\/2015\/04\/eremo-150x150.jpg 150w, https:\/\/www.ischia.campania.it\/wp-content\/uploads\/2015\/04\/eremo-130x130.jpg 130w, https:\/\/www.ischia.campania.it\/wp-content\/uploads\/2015\/04\/eremo-67x67.jpg 67w, https:\/\/www.ischia.campania.it\/wp-content\/uploads\/2015\/04\/eremo-40x40.jpg 40w, https:\/\/www.ischia.campania.it\/wp-content\/uploads\/2015\/04\/eremo-184x184.jpg 184w\" sizes=\"(max-width: 150px) 100vw, 150px\" data-attachment-id=\"5826\" data-permalink=\"https:\/\/www.ischia.campania.it\/index.php\/ischia-da-come-eravamo-a-come-siamo\/eremo\/\" data-orig-file=\"https:\/\/www.ischia.campania.it\/wp-content\/uploads\/2015\/04\/eremo.jpg\" data-orig-size=\"750,1027\" data-comments-opened=\"1\" data-image-meta=\"{&quot;aperture&quot;:&quot;0&quot;,&quot;credit&quot;:&quot;&quot;,&quot;camera&quot;:&quot;&quot;,&quot;caption&quot;:&quot;&quot;,&quot;created_timestamp&quot;:&quot;0&quot;,&quot;copyright&quot;:&quot;&quot;,&quot;focal_length&quot;:&quot;0&quot;,&quot;iso&quot;:&quot;0&quot;,&quot;shutter_speed&quot;:&quot;0&quot;,&quot;title&quot;:&quot;&quot;,&quot;orientation&quot;:&quot;0&quot;}\" data-image-title=\"eremo\" data-image-description=\"\" data-image-caption=\"\" data-medium-file=\"https:\/\/www.ischia.campania.it\/wp-content\/uploads\/2015\/04\/eremo-446x611.jpg\" data-large-file=\"https:\/\/www.ischia.campania.it\/wp-content\/uploads\/2015\/04\/eremo-748x1024.jpg\" \/><\/a>\n\t\t\t<\/dt><\/dl><dl class='gallery-item'>\n\t\t\t<dt class='gallery-icon portrait'>\n\t\t\t\t<a href='https:\/\/www.ischia.campania.it\/wp-content\/uploads\/2015\/04\/sant-angelo.jpg'><img width=\"150\" height=\"150\" src=\"https:\/\/www.ischia.campania.it\/wp-content\/uploads\/2015\/04\/sant-angelo-150x150.jpg\" class=\"attachment-thumbnail size-thumbnail\" alt=\"\" loading=\"lazy\" srcset=\"https:\/\/www.ischia.campania.it\/wp-content\/uploads\/2015\/04\/sant-angelo-150x150.jpg 150w, https:\/\/www.ischia.campania.it\/wp-content\/uploads\/2015\/04\/sant-angelo-130x130.jpg 130w, https:\/\/www.ischia.campania.it\/wp-content\/uploads\/2015\/04\/sant-angelo-67x67.jpg 67w, https:\/\/www.ischia.campania.it\/wp-content\/uploads\/2015\/04\/sant-angelo-40x40.jpg 40w, https:\/\/www.ischia.campania.it\/wp-content\/uploads\/2015\/04\/sant-angelo-184x184.jpg 184w\" sizes=\"(max-width: 150px) 100vw, 150px\" data-attachment-id=\"5831\" data-permalink=\"https:\/\/www.ischia.campania.it\/index.php\/ischia-da-come-eravamo-a-come-siamo\/sant-angelo\/\" data-orig-file=\"https:\/\/www.ischia.campania.it\/wp-content\/uploads\/2015\/04\/sant-angelo.jpg\" data-orig-size=\"750,1027\" data-comments-opened=\"1\" data-image-meta=\"{&quot;aperture&quot;:&quot;0&quot;,&quot;credit&quot;:&quot;&quot;,&quot;camera&quot;:&quot;&quot;,&quot;caption&quot;:&quot;&quot;,&quot;created_timestamp&quot;:&quot;0&quot;,&quot;copyright&quot;:&quot;&quot;,&quot;focal_length&quot;:&quot;0&quot;,&quot;iso&quot;:&quot;0&quot;,&quot;shutter_speed&quot;:&quot;0&quot;,&quot;title&quot;:&quot;&quot;,&quot;orientation&quot;:&quot;0&quot;}\" data-image-title=\"sant-angelo\" data-image-description=\"\" data-image-caption=\"\" data-medium-file=\"https:\/\/www.ischia.campania.it\/wp-content\/uploads\/2015\/04\/sant-angelo-446x611.jpg\" data-large-file=\"https:\/\/www.ischia.campania.it\/wp-content\/uploads\/2015\/04\/sant-angelo-748x1024.jpg\" \/><\/a>\n\t\t\t<\/dt><\/dl><dl class='gallery-item'>\n\t\t\t<dt class='gallery-icon portrait'>\n\t\t\t\t<a href='https:\/\/www.ischia.campania.it\/wp-content\/uploads\/2015\/04\/ischia-ponte.jpg'><img width=\"150\" height=\"150\" src=\"https:\/\/www.ischia.campania.it\/wp-content\/uploads\/2015\/04\/ischia-ponte-150x150.jpg\" class=\"attachment-thumbnail size-thumbnail\" alt=\"\" loading=\"lazy\" srcset=\"https:\/\/www.ischia.campania.it\/wp-content\/uploads\/2015\/04\/ischia-ponte-150x150.jpg 150w, https:\/\/www.ischia.campania.it\/wp-content\/uploads\/2015\/04\/ischia-ponte-130x130.jpg 130w, https:\/\/www.ischia.campania.it\/wp-content\/uploads\/2015\/04\/ischia-ponte-67x67.jpg 67w, https:\/\/www.ischia.campania.it\/wp-content\/uploads\/2015\/04\/ischia-ponte-40x40.jpg 40w, https:\/\/www.ischia.campania.it\/wp-content\/uploads\/2015\/04\/ischia-ponte-184x184.jpg 184w\" sizes=\"(max-width: 150px) 100vw, 150px\" data-attachment-id=\"5827\" data-permalink=\"https:\/\/www.ischia.campania.it\/index.php\/ischia-da-come-eravamo-a-come-siamo\/ischia-ponte\/\" data-orig-file=\"https:\/\/www.ischia.campania.it\/wp-content\/uploads\/2015\/04\/ischia-ponte.jpg\" data-orig-size=\"750,1027\" data-comments-opened=\"1\" data-image-meta=\"{&quot;aperture&quot;:&quot;0&quot;,&quot;credit&quot;:&quot;&quot;,&quot;camera&quot;:&quot;&quot;,&quot;caption&quot;:&quot;&quot;,&quot;created_timestamp&quot;:&quot;0&quot;,&quot;copyright&quot;:&quot;&quot;,&quot;focal_length&quot;:&quot;0&quot;,&quot;iso&quot;:&quot;0&quot;,&quot;shutter_speed&quot;:&quot;0&quot;,&quot;title&quot;:&quot;&quot;,&quot;orientation&quot;:&quot;0&quot;}\" data-image-title=\"ischia-ponte\" data-image-description=\"\" data-image-caption=\"\" data-medium-file=\"https:\/\/www.ischia.campania.it\/wp-content\/uploads\/2015\/04\/ischia-ponte-446x611.jpg\" data-large-file=\"https:\/\/www.ischia.campania.it\/wp-content\/uploads\/2015\/04\/ischia-ponte-748x1024.jpg\" \/><\/a>\n\t\t\t<\/dt><\/dl><dl class='gallery-item'>\n\t\t\t<dt class='gallery-icon portrait'>\n\t\t\t\t<a href='https:\/\/www.ischia.campania.it\/wp-content\/uploads\/2015\/04\/porto-ischia.jpg'><img width=\"150\" height=\"150\" src=\"https:\/\/www.ischia.campania.it\/wp-content\/uploads\/2015\/04\/porto-ischia-150x150.jpg\" class=\"attachment-thumbnail size-thumbnail\" alt=\"\" loading=\"lazy\" srcset=\"https:\/\/www.ischia.campania.it\/wp-content\/uploads\/2015\/04\/porto-ischia-150x150.jpg 150w, https:\/\/www.ischia.campania.it\/wp-content\/uploads\/2015\/04\/porto-ischia-130x130.jpg 130w, https:\/\/www.ischia.campania.it\/wp-content\/uploads\/2015\/04\/porto-ischia-67x67.jpg 67w, https:\/\/www.ischia.campania.it\/wp-content\/uploads\/2015\/04\/porto-ischia-40x40.jpg 40w, https:\/\/www.ischia.campania.it\/wp-content\/uploads\/2015\/04\/porto-ischia-184x184.jpg 184w\" sizes=\"(max-width: 150px) 100vw, 150px\" data-attachment-id=\"5829\" data-permalink=\"https:\/\/www.ischia.campania.it\/index.php\/ischia-da-come-eravamo-a-come-siamo\/porto-ischia\/\" data-orig-file=\"https:\/\/www.ischia.campania.it\/wp-content\/uploads\/2015\/04\/porto-ischia.jpg\" data-orig-size=\"750,1027\" data-comments-opened=\"1\" data-image-meta=\"{&quot;aperture&quot;:&quot;0&quot;,&quot;credit&quot;:&quot;&quot;,&quot;camera&quot;:&quot;&quot;,&quot;caption&quot;:&quot;&quot;,&quot;created_timestamp&quot;:&quot;0&quot;,&quot;copyright&quot;:&quot;&quot;,&quot;focal_length&quot;:&quot;0&quot;,&quot;iso&quot;:&quot;0&quot;,&quot;shutter_speed&quot;:&quot;0&quot;,&quot;title&quot;:&quot;&quot;,&quot;orientation&quot;:&quot;0&quot;}\" data-image-title=\"porto-ischia\" data-image-description=\"\" data-image-caption=\"\" data-medium-file=\"https:\/\/www.ischia.campania.it\/wp-content\/uploads\/2015\/04\/porto-ischia-446x611.jpg\" data-large-file=\"https:\/\/www.ischia.campania.it\/wp-content\/uploads\/2015\/04\/porto-ischia-748x1024.jpg\" \/><\/a>\n\t\t\t<\/dt><\/dl><br style=\"clear: both\" \/>\n\t\t<\/div>\n\n","protected":false},"excerpt":{"rendered":"<p>La stessa foto tanti anni dopo. Una carrellata di scatti dove sopra c&#8217;\u00e8 la foto d&#8217;epoca e sotto quella attuale. Un confronto tra &#8220;come eravamo&#8221; e &#8220;come siamo adesso&#8221; che offre una testimonianza plastica del cambiamento dell&#8217;isola d&#8217;Ischia dal dopoguerra a oggi. In peggio? In meglio? Ognuno tragga le sue conclusioni. Qui, pi\u00f9 modestamente, preferiamo [&hellip;]<\/p>\n","protected":false},"author":2,"featured_media":5834,"comment_status":"open","ping_status":"closed","sticky":false,"template":"","format":"standard","meta":{"_et_pb_use_builder":"","_et_pb_old_content":"","_et_gb_content_width":"","_monsterinsights_skip_tracking":false,"_monsterinsights_sitenote_active":false,"_monsterinsights_sitenote_note":"","_monsterinsights_sitenote_category":0,"spay_email":""},"categories":[21,1],"tags":[],"jetpack_featured_media_url":"https:\/\/www.ischia.campania.it\/wp-content\/uploads\/2015\/04\/copertina-come-eravamo.jpg","jetpack_shortlink":"https:\/\/wp.me\/p3yuov-1vV","jetpack_sharing_enabled":true,"_links":{"self":[{"href":"https:\/\/www.ischia.campania.it\/index.php\/wp-json\/wp\/v2\/posts\/5823"}],"collection":[{"href":"https:\/\/www.ischia.campania.it\/index.php\/wp-json\/wp\/v2\/posts"}],"about":[{"href":"https:\/\/www.ischia.campania.it\/index.php\/wp-json\/wp\/v2\/types\/post"}],"author":[{"embeddable":true,"href":"https:\/\/www.ischia.campania.it\/index.php\/wp-json\/wp\/v2\/users\/2"}],"replies":[{"embeddable":true,"href":"https:\/\/www.ischia.campania.it\/index.php\/wp-json\/wp\/v2\/comments?post=5823"}],"version-history":[{"count":12,"href":"https:\/\/www.ischia.campania.it\/index.php\/wp-json\/wp\/v2\/posts\/5823\/revisions"}],"predecessor-version":[{"id":7850,"href":"https:\/\/www.ischia.campania.it\/index.php\/wp-json\/wp\/v2\/posts\/5823\/revisions\/7850"}],"wp:featuredmedia":[{"embeddable":true,"href":"https:\/\/www.ischia.campania.it\/index.php\/wp-json\/wp\/v2\/media\/5834"}],"wp:attachment":[{"href":"https:\/\/www.ischia.campania.it\/index.php\/wp-json\/wp\/v2\/media?parent=5823"}],"wp:term":[{"taxonomy":"category","embeddable":true,"href":"https:\/\/www.ischia.campania.it\/index.php\/wp-json\/wp\/v2\/categories?post=5823"},{"taxonomy":"post_tag","embeddable":true,"href":"https:\/\/www.ischia.campania.it\/index.php\/wp-json\/wp\/v2\/tags?post=5823"}],"curies":[{"name":"wp","href":"https:\/\/api.w.org\/{rel}","templated":true}]}}