{"id":6484,"date":"2015-07-27T16:40:51","date_gmt":"2015-07-27T14:40:51","guid":{"rendered":"https:\/\/www.ischia.campania.it\/?p=6484"},"modified":"2015-07-27T16:40:51","modified_gmt":"2015-07-27T14:40:51","slug":"ischia-festa-di-santalessandro-costumi-depoca-storia-e-tradizione","status":"publish","type":"post","link":"https:\/\/www.ischia.campania.it\/index.php\/ischia-festa-di-santalessandro-costumi-depoca-storia-e-tradizione\/","title":{"rendered":"Ischia, Festa di Sant&#8217;Alessandro: costumi d&#8217;epoca, storia e tradizione"},"content":{"rendered":"<div id=\"itiner-social\" style=\"padding: 5px 0; float:left; width:100%;\"><a href=\"https:\/\/twitter.com\/share\" class=\"twitter-share-button\" data-url=\"http:\/\/www.ischia.campania.it\/index.php\/ischia-festa-di-santalessandro-costumi-depoca-storia-e-tradizione\/\" data-text=\"ItinerSocial\" data-count=\"horizontal\" data-via=\"ItinerSocial\" style=\"flaot:left;margin: 0 10px\"><\/a><div class=\"fb-like\" data-href=\"http:\/\/www.ischia.campania.it\/index.php\/ischia-festa-di-santalessandro-costumi-depoca-storia-e-tradizione\/\" data-layout=\"button_count\" data-send=\"false\" data-show-faces=\"false\" data-width=\"90\" style=\"flaot:left;margin: 0 10px\"><\/div><div class=\"g-plusone\" data-annotation=\"inline\" data-href=\"http:\/\/www.ischia.campania.it\/index.php\/ischia-festa-di-santalessandro-costumi-depoca-storia-e-tradizione\/\" data-size=\"medium\" data-width=\"120\" style=\"flaot:left;margin: 0 10px\"><\/div><\/div><p><strong>Archiviata, il 26 luglio, la <a href=\"https:\/\/www.ischia.campania.it\/index.php\/ischia-festa-di-santanna-barche-luci-e-fuochi-pirotecnici\/\" target=\"_blank\">Festa di Sant&#8217;Anna<\/a>, Ischia vive un altro mese di &#8220;passione&#8221;<\/strong>. Stavolta l&#8217;attesa \u00e8 per la Festa di Sant&#8217;Alessandro che il 26 agosto attraversa le strade del paese, dal piazzale aragonese di Ischia Ponte fino al borgo omonimo a due passi dal porto. Un villaggio, quello di Sant&#8217;Alessandro, cui bisogna far caso, un po&#8217;come avviene a Serrara Fontana per la Madonnella, la parte alta di Sant&#8217;Angelo, o per i piccoli centri abitati di <a href=\"https:\/\/www.ischia.campania.it\/index.php\/ischia-che-non-ti-aspetti-il-piccolo-borgo-di-succhivo\/\" target=\"_blank\">Succhivo<\/a> e del <a href=\"https:\/\/www.ischia.campania.it\/index.php\/ischia-che-non-taspetti-il-borgo-del-ciglio-a-serrara-fontana\/\" target=\"_blank\">Ciglio<\/a>.<\/p>\n<p><strong>Il borgo di Sant&#8217;Alessandro si trova, infatti, sotto il livello della strada provinciale<\/strong> che congiunge Ischia con gli altri comuni dell&#8217;isola. Manco a farlo apposta, il tratto di strada in questione \u00e8 intitolato all'&#8221;antipapa&#8221; Baldassarre Cossa, figura tra le pi\u00f9 controverse di Sacra Romana Chiesa, e &#8220;protagonista&#8221; del lungo corteo in costumi d&#8217;epoca che taglia da parte a parte il principale dei sei comuni in cui \u00e8 amministrativamente divisa l&#8217;isola.<\/p>\n<p><strong>Insieme a Baldassarre Cossa, sfilano Alfonso V d&#8217;Aragona<\/strong>, la poetessa Vittoria Colonna, Ferdinando II di Borbone e altre personalit\u00e0 illustri della storia di Ischia. Con i &#8220;big&#8221;, centinaia di figuranti a testimonianza delle diverse epoche che hanno segnato l&#8217;isola pi\u00f9 grande e bella del Golfo di Napoli.<\/p>\n<p><a href=\"https:\/\/www.ischia.campania.it\/index.php\/a-spasso-per-ischia\/\" target=\"_blank\"><strong>LEGGI ANCHE<\/strong>: A spasso per Ischia<\/a><\/p>\n<p><strong>La ricercatezza degli abiti \u00e8 senza dubbio uno degli aspetti pi\u00f9 lodevoli<\/strong> di questa manifestazione che, seppur giovane (la prima edizione \u00e8 del 1981), si \u00e8 ritagliata in fretta un posto di rilievo tra gli eventi dell&#8217;isola d&#8217;Ischia.<\/p>\n<p><strong>Merito della Pro Loco Sant&#8217;Alessandro<\/strong> che partita con lo scopo di raccogliere fondi per la ristrutturazione della piccola chiesa del borgo, col tempo \u00e8 riuscita a metter su una bellissima manifestazione cui hanno preso parte importanti gruppi folclorici dall&#8217;Italia e dall&#8217;estero. Solo per citarne due: i \u201cMammuttones&#8221; del carnevale di Mamoiada, in Sardegna e il gruppo folkloristico scozzese di Aberdeen.<\/p>\n<p><strong>Ovviamente, una volta nel borgo, dopo la tradizionale messa per la ricorrenza del santo<\/strong>, non mancano musica e degustazione di prodotti tipici. L&#8217;appuntamento, perci\u00f2, \u00e8 per il 26 agosto sul far della sera presso il piazzale antistante il Castello Aragonese. Parte da l\u00ec la sfilata che attraversa le principali arterie stradali di <a href=\"https:\/\/www.ischia.campania.it\/index.php\/alla-scoperta-di-ischia-porto\/\" target=\"_blank\">Ischia Porto<\/a>, per una volta sogmbere dal traffico, a tutto vantaggio di turisti e residenti che accompagnano il colorato corteo storico. Davvero un peccato non esserci.<\/p>\n<p><strong>Ischia Vi aspetta!<br \/>\n<\/strong><\/p>\n\n\t\t<style type=\"text\/css\">\n\t\t\t#gallery-1 {\n\t\t\t\tmargin: auto;\n\t\t\t}\n\t\t\t#gallery-1 .gallery-item {\n\t\t\t\tfloat: left;\n\t\t\t\tmargin-top: 10px;\n\t\t\t\ttext-align: center;\n\t\t\t\twidth: 25%;\n\t\t\t}\n\t\t\t#gallery-1 img {\n\t\t\t\tborder: 2px solid #cfcfcf;\n\t\t\t}\n\t\t\t#gallery-1 .gallery-caption {\n\t\t\t\tmargin-left: 0;\n\t\t\t}\n\t\t\t\/* see gallery_shortcode() in wp-includes\/media.php *\/\n\t\t<\/style>\n\t\t<div data-carousel-extra='{\"blog_id\":1,\"permalink\":\"https:\\\/\\\/www.ischia.campania.it\\\/index.php\\\/ischia-festa-di-santalessandro-costumi-depoca-storia-e-tradizione\\\/\"}' id='gallery-1' class='gallery galleryid-6484 gallery-columns-4 gallery-size-thumbnail'><dl class='gallery-item'>\n\t\t\t<dt class='gallery-icon landscape'>\n\t\t\t\t<a href='https:\/\/www.ischia.campania.it\/wp-content\/uploads\/2015\/07\/IMG_7835.jpg'><img width=\"150\" height=\"150\" src=\"https:\/\/www.ischia.campania.it\/wp-content\/uploads\/2015\/07\/IMG_7835-150x150.jpg\" class=\"attachment-thumbnail size-thumbnail\" alt=\"\" loading=\"lazy\" srcset=\"https:\/\/www.ischia.campania.it\/wp-content\/uploads\/2015\/07\/IMG_7835-150x150.jpg 150w, https:\/\/www.ischia.campania.it\/wp-content\/uploads\/2015\/07\/IMG_7835-130x130.jpg 130w, https:\/\/www.ischia.campania.it\/wp-content\/uploads\/2015\/07\/IMG_7835-67x67.jpg 67w, https:\/\/www.ischia.campania.it\/wp-content\/uploads\/2015\/07\/IMG_7835-40x40.jpg 40w, https:\/\/www.ischia.campania.it\/wp-content\/uploads\/2015\/07\/IMG_7835-184x184.jpg 184w\" sizes=\"(max-width: 150px) 100vw, 150px\" data-attachment-id=\"6489\" data-permalink=\"https:\/\/www.ischia.campania.it\/img_7835\/\" data-orig-file=\"https:\/\/www.ischia.campania.it\/wp-content\/uploads\/2015\/07\/IMG_7835.jpg\" data-orig-size=\"800,533\" data-comments-opened=\"1\" data-image-meta=\"{&quot;aperture&quot;:&quot;0&quot;,&quot;credit&quot;:&quot;&quot;,&quot;camera&quot;:&quot;&quot;,&quot;caption&quot;:&quot;&quot;,&quot;created_timestamp&quot;:&quot;0&quot;,&quot;copyright&quot;:&quot;&quot;,&quot;focal_length&quot;:&quot;0&quot;,&quot;iso&quot;:&quot;0&quot;,&quot;shutter_speed&quot;:&quot;0&quot;,&quot;title&quot;:&quot;&quot;,&quot;orientation&quot;:&quot;0&quot;}\" data-image-title=\"IMG_7835\" data-image-description=\"\" data-image-caption=\"\" data-medium-file=\"https:\/\/www.ischia.campania.it\/wp-content\/uploads\/2015\/07\/IMG_7835-446x297.jpg\" data-large-file=\"https:\/\/www.ischia.campania.it\/wp-content\/uploads\/2015\/07\/IMG_7835.jpg\" \/><\/a>\n\t\t\t<\/dt><\/dl><dl class='gallery-item'>\n\t\t\t<dt class='gallery-icon landscape'>\n\t\t\t\t<a href='https:\/\/www.ischia.campania.it\/wp-content\/uploads\/2015\/07\/IMG_7852.jpg'><img width=\"150\" height=\"150\" src=\"https:\/\/www.ischia.campania.it\/wp-content\/uploads\/2015\/07\/IMG_7852-150x150.jpg\" class=\"attachment-thumbnail size-thumbnail\" alt=\"\" loading=\"lazy\" srcset=\"https:\/\/www.ischia.campania.it\/wp-content\/uploads\/2015\/07\/IMG_7852-150x150.jpg 150w, https:\/\/www.ischia.campania.it\/wp-content\/uploads\/2015\/07\/IMG_7852-130x130.jpg 130w, https:\/\/www.ischia.campania.it\/wp-content\/uploads\/2015\/07\/IMG_7852-67x67.jpg 67w, https:\/\/www.ischia.campania.it\/wp-content\/uploads\/2015\/07\/IMG_7852-40x40.jpg 40w, https:\/\/www.ischia.campania.it\/wp-content\/uploads\/2015\/07\/IMG_7852-184x184.jpg 184w\" sizes=\"(max-width: 150px) 100vw, 150px\" data-attachment-id=\"6490\" data-permalink=\"https:\/\/www.ischia.campania.it\/index.php\/gli-eventi-di-agosto-sullisola-dischia\/img_7852\/\" data-orig-file=\"https:\/\/www.ischia.campania.it\/wp-content\/uploads\/2015\/07\/IMG_7852.jpg\" data-orig-size=\"800,533\" data-comments-opened=\"1\" data-image-meta=\"{&quot;aperture&quot;:&quot;0&quot;,&quot;credit&quot;:&quot;&quot;,&quot;camera&quot;:&quot;&quot;,&quot;caption&quot;:&quot;&quot;,&quot;created_timestamp&quot;:&quot;0&quot;,&quot;copyright&quot;:&quot;&quot;,&quot;focal_length&quot;:&quot;0&quot;,&quot;iso&quot;:&quot;0&quot;,&quot;shutter_speed&quot;:&quot;0&quot;,&quot;title&quot;:&quot;&quot;,&quot;orientation&quot;:&quot;0&quot;}\" data-image-title=\"IMG_7852\" data-image-description=\"\" data-image-caption=\"\" data-medium-file=\"https:\/\/www.ischia.campania.it\/wp-content\/uploads\/2015\/07\/IMG_7852-446x297.jpg\" data-large-file=\"https:\/\/www.ischia.campania.it\/wp-content\/uploads\/2015\/07\/IMG_7852.jpg\" \/><\/a>\n\t\t\t<\/dt><\/dl><dl class='gallery-item'>\n\t\t\t<dt class='gallery-icon landscape'>\n\t\t\t\t<a href='https:\/\/www.ischia.campania.it\/wp-content\/uploads\/2015\/07\/IMG_8003.jpg'><img width=\"150\" height=\"150\" src=\"https:\/\/www.ischia.campania.it\/wp-content\/uploads\/2015\/07\/IMG_8003-150x150.jpg\" class=\"attachment-thumbnail size-thumbnail\" alt=\"\" loading=\"lazy\" srcset=\"https:\/\/www.ischia.campania.it\/wp-content\/uploads\/2015\/07\/IMG_8003-150x150.jpg 150w, https:\/\/www.ischia.campania.it\/wp-content\/uploads\/2015\/07\/IMG_8003-130x130.jpg 130w, https:\/\/www.ischia.campania.it\/wp-content\/uploads\/2015\/07\/IMG_8003-67x67.jpg 67w, https:\/\/www.ischia.campania.it\/wp-content\/uploads\/2015\/07\/IMG_8003-40x40.jpg 40w, https:\/\/www.ischia.campania.it\/wp-content\/uploads\/2015\/07\/IMG_8003-184x184.jpg 184w\" sizes=\"(max-width: 150px) 100vw, 150px\" data-attachment-id=\"6491\" data-permalink=\"https:\/\/www.ischia.campania.it\/img_8003\/\" data-orig-file=\"https:\/\/www.ischia.campania.it\/wp-content\/uploads\/2015\/07\/IMG_8003.jpg\" data-orig-size=\"800,533\" data-comments-opened=\"1\" data-image-meta=\"{&quot;aperture&quot;:&quot;0&quot;,&quot;credit&quot;:&quot;&quot;,&quot;camera&quot;:&quot;&quot;,&quot;caption&quot;:&quot;&quot;,&quot;created_timestamp&quot;:&quot;0&quot;,&quot;copyright&quot;:&quot;&quot;,&quot;focal_length&quot;:&quot;0&quot;,&quot;iso&quot;:&quot;0&quot;,&quot;shutter_speed&quot;:&quot;0&quot;,&quot;title&quot;:&quot;&quot;,&quot;orientation&quot;:&quot;0&quot;}\" data-image-title=\"IMG_8003\" data-image-description=\"\" data-image-caption=\"\" data-medium-file=\"https:\/\/www.ischia.campania.it\/wp-content\/uploads\/2015\/07\/IMG_8003-446x297.jpg\" data-large-file=\"https:\/\/www.ischia.campania.it\/wp-content\/uploads\/2015\/07\/IMG_8003.jpg\" \/><\/a>\n\t\t\t<\/dt><\/dl><dl class='gallery-item'>\n\t\t\t<dt class='gallery-icon landscape'>\n\t\t\t\t<a href='https:\/\/www.ischia.campania.it\/wp-content\/uploads\/2014\/02\/IMG_6994.jpg'><img width=\"150\" height=\"150\" src=\"https:\/\/www.ischia.campania.it\/wp-content\/uploads\/2014\/02\/IMG_6994-150x150.jpg\" class=\"attachment-thumbnail size-thumbnail\" alt=\"\" loading=\"lazy\" srcset=\"https:\/\/www.ischia.campania.it\/wp-content\/uploads\/2014\/02\/IMG_6994-150x150.jpg 150w, https:\/\/www.ischia.campania.it\/wp-content\/uploads\/2014\/02\/IMG_6994-130x130.jpg 130w, https:\/\/www.ischia.campania.it\/wp-content\/uploads\/2014\/02\/IMG_6994-67x67.jpg 67w, https:\/\/www.ischia.campania.it\/wp-content\/uploads\/2014\/02\/IMG_6994-40x40.jpg 40w, https:\/\/www.ischia.campania.it\/wp-content\/uploads\/2014\/02\/IMG_6994-184x184.jpg 184w\" sizes=\"(max-width: 150px) 100vw, 150px\" data-attachment-id=\"2511\" data-permalink=\"https:\/\/www.ischia.campania.it\/index.php\/il-porto-di-ischia\/img_6994\/\" data-orig-file=\"https:\/\/www.ischia.campania.it\/wp-content\/uploads\/2014\/02\/IMG_6994.jpg\" data-orig-size=\"800,533\" data-comments-opened=\"1\" data-image-meta=\"{&quot;aperture&quot;:&quot;0&quot;,&quot;credit&quot;:&quot;&quot;,&quot;camera&quot;:&quot;&quot;,&quot;caption&quot;:&quot;&quot;,&quot;created_timestamp&quot;:&quot;0&quot;,&quot;copyright&quot;:&quot;&quot;,&quot;focal_length&quot;:&quot;0&quot;,&quot;iso&quot;:&quot;0&quot;,&quot;shutter_speed&quot;:&quot;0&quot;,&quot;title&quot;:&quot;&quot;}\" data-image-title=\"IMG_6994\" data-image-description=\"\" data-image-caption=\"\" data-medium-file=\"https:\/\/www.ischia.campania.it\/wp-content\/uploads\/2014\/02\/IMG_6994-446x297.jpg\" data-large-file=\"https:\/\/www.ischia.campania.it\/wp-content\/uploads\/2014\/02\/IMG_6994.jpg\" \/><\/a>\n\t\t\t<\/dt><\/dl><br style=\"clear: both\" \/><dl class='gallery-item'>\n\t\t\t<dt class='gallery-icon landscape'>\n\t\t\t\t<a href='https:\/\/www.ischia.campania.it\/wp-content\/uploads\/2013\/09\/IMG_7838.jpg'><img width=\"150\" height=\"150\" src=\"https:\/\/www.ischia.campania.it\/wp-content\/uploads\/2013\/09\/IMG_7838-150x150.jpg\" class=\"attachment-thumbnail size-thumbnail\" alt=\"\" loading=\"lazy\" srcset=\"https:\/\/www.ischia.campania.it\/wp-content\/uploads\/2013\/09\/IMG_7838-150x150.jpg 150w, https:\/\/www.ischia.campania.it\/wp-content\/uploads\/2013\/09\/IMG_7838-130x130.jpg 130w, https:\/\/www.ischia.campania.it\/wp-content\/uploads\/2013\/09\/IMG_7838-67x67.jpg 67w, https:\/\/www.ischia.campania.it\/wp-content\/uploads\/2013\/09\/IMG_7838-40x40.jpg 40w, https:\/\/www.ischia.campania.it\/wp-content\/uploads\/2013\/09\/IMG_7838-184x184.jpg 184w\" sizes=\"(max-width: 150px) 100vw, 150px\" data-attachment-id=\"1740\" data-permalink=\"https:\/\/www.ischia.campania.it\/index.php\/il-borgo-di-santalessandro\/img_7838\/\" data-orig-file=\"https:\/\/www.ischia.campania.it\/wp-content\/uploads\/2013\/09\/IMG_7838.jpg\" data-orig-size=\"800,533\" data-comments-opened=\"1\" data-image-meta=\"{&quot;aperture&quot;:&quot;0&quot;,&quot;credit&quot;:&quot;&quot;,&quot;camera&quot;:&quot;&quot;,&quot;caption&quot;:&quot;&quot;,&quot;created_timestamp&quot;:&quot;0&quot;,&quot;copyright&quot;:&quot;&quot;,&quot;focal_length&quot;:&quot;0&quot;,&quot;iso&quot;:&quot;0&quot;,&quot;shutter_speed&quot;:&quot;0&quot;,&quot;title&quot;:&quot;&quot;}\" data-image-title=\"IMG_7838\" data-image-description=\"\" data-image-caption=\"\" data-medium-file=\"https:\/\/www.ischia.campania.it\/wp-content\/uploads\/2013\/09\/IMG_7838-446x297.jpg\" data-large-file=\"https:\/\/www.ischia.campania.it\/wp-content\/uploads\/2013\/09\/IMG_7838.jpg\" \/><\/a>\n\t\t\t<\/dt><\/dl><dl class='gallery-item'>\n\t\t\t<dt class='gallery-icon landscape'>\n\t\t\t\t<a href='https:\/\/www.ischia.campania.it\/wp-content\/uploads\/2014\/11\/IMG_8871.jpg'><img width=\"150\" height=\"150\" src=\"https:\/\/www.ischia.campania.it\/wp-content\/uploads\/2014\/11\/IMG_8871-150x150.jpg\" class=\"attachment-thumbnail size-thumbnail\" alt=\"\" loading=\"lazy\" srcset=\"https:\/\/www.ischia.campania.it\/wp-content\/uploads\/2014\/11\/IMG_8871-150x150.jpg 150w, https:\/\/www.ischia.campania.it\/wp-content\/uploads\/2014\/11\/IMG_8871-130x130.jpg 130w, https:\/\/www.ischia.campania.it\/wp-content\/uploads\/2014\/11\/IMG_8871-67x67.jpg 67w, https:\/\/www.ischia.campania.it\/wp-content\/uploads\/2014\/11\/IMG_8871-40x40.jpg 40w, https:\/\/www.ischia.campania.it\/wp-content\/uploads\/2014\/11\/IMG_8871-184x184.jpg 184w\" sizes=\"(max-width: 150px) 100vw, 150px\" data-attachment-id=\"4834\" data-permalink=\"https:\/\/www.ischia.campania.it\/index.php\/alla-scoperta-di-ischia-porto\/img_8871\/\" data-orig-file=\"https:\/\/www.ischia.campania.it\/wp-content\/uploads\/2014\/11\/IMG_8871.jpg\" data-orig-size=\"800,533\" data-comments-opened=\"1\" data-image-meta=\"{&quot;aperture&quot;:&quot;0&quot;,&quot;credit&quot;:&quot;&quot;,&quot;camera&quot;:&quot;&quot;,&quot;caption&quot;:&quot;&quot;,&quot;created_timestamp&quot;:&quot;0&quot;,&quot;copyright&quot;:&quot;Itiner s.n.c.&quot;,&quot;focal_length&quot;:&quot;0&quot;,&quot;iso&quot;:&quot;0&quot;,&quot;shutter_speed&quot;:&quot;0&quot;,&quot;title&quot;:&quot;&quot;,&quot;orientation&quot;:&quot;0&quot;}\" data-image-title=\"IMG_8871\" data-image-description=\"\" data-image-caption=\"\" data-medium-file=\"https:\/\/www.ischia.campania.it\/wp-content\/uploads\/2014\/11\/IMG_8871-446x297.jpg\" data-large-file=\"https:\/\/www.ischia.campania.it\/wp-content\/uploads\/2014\/11\/IMG_8871.jpg\" \/><\/a>\n\t\t\t<\/dt><\/dl><dl class='gallery-item'>\n\t\t\t<dt class='gallery-icon landscape'>\n\t\t\t\t<a href='https:\/\/www.ischia.campania.it\/wp-content\/uploads\/2014\/11\/IMG_8836.jpg'><img width=\"150\" height=\"150\" src=\"https:\/\/www.ischia.campania.it\/wp-content\/uploads\/2014\/11\/IMG_8836-150x150.jpg\" class=\"attachment-thumbnail size-thumbnail\" alt=\"\" loading=\"lazy\" srcset=\"https:\/\/www.ischia.campania.it\/wp-content\/uploads\/2014\/11\/IMG_8836-150x150.jpg 150w, https:\/\/www.ischia.campania.it\/wp-content\/uploads\/2014\/11\/IMG_8836-130x130.jpg 130w, https:\/\/www.ischia.campania.it\/wp-content\/uploads\/2014\/11\/IMG_8836-67x67.jpg 67w, https:\/\/www.ischia.campania.it\/wp-content\/uploads\/2014\/11\/IMG_8836-40x40.jpg 40w, https:\/\/www.ischia.campania.it\/wp-content\/uploads\/2014\/11\/IMG_8836-184x184.jpg 184w\" sizes=\"(max-width: 150px) 100vw, 150px\" data-attachment-id=\"4975\" data-permalink=\"https:\/\/www.ischia.campania.it\/img_8836\/\" data-orig-file=\"https:\/\/www.ischia.campania.it\/wp-content\/uploads\/2014\/11\/IMG_8836.jpg\" data-orig-size=\"800,533\" data-comments-opened=\"1\" data-image-meta=\"{&quot;aperture&quot;:&quot;0&quot;,&quot;credit&quot;:&quot;&quot;,&quot;camera&quot;:&quot;&quot;,&quot;caption&quot;:&quot;&quot;,&quot;created_timestamp&quot;:&quot;0&quot;,&quot;copyright&quot;:&quot;Itiner s.n.c.&quot;,&quot;focal_length&quot;:&quot;0&quot;,&quot;iso&quot;:&quot;0&quot;,&quot;shutter_speed&quot;:&quot;0&quot;,&quot;title&quot;:&quot;&quot;,&quot;orientation&quot;:&quot;0&quot;}\" data-image-title=\"IMG_8836\" data-image-description=\"\" data-image-caption=\"\" data-medium-file=\"https:\/\/www.ischia.campania.it\/wp-content\/uploads\/2014\/11\/IMG_8836-446x297.jpg\" data-large-file=\"https:\/\/www.ischia.campania.it\/wp-content\/uploads\/2014\/11\/IMG_8836.jpg\" \/><\/a>\n\t\t\t<\/dt><\/dl><dl class='gallery-item'>\n\t\t\t<dt class='gallery-icon landscape'>\n\t\t\t\t<a href='https:\/\/www.ischia.campania.it\/wp-content\/uploads\/2015\/07\/copertina-sant-alessandro.jpg'><img width=\"150\" height=\"150\" src=\"https:\/\/www.ischia.campania.it\/wp-content\/uploads\/2015\/07\/copertina-sant-alessandro-150x150.jpg\" class=\"attachment-thumbnail size-thumbnail\" alt=\"\" loading=\"lazy\" srcset=\"https:\/\/www.ischia.campania.it\/wp-content\/uploads\/2015\/07\/copertina-sant-alessandro-150x150.jpg 150w, https:\/\/www.ischia.campania.it\/wp-content\/uploads\/2015\/07\/copertina-sant-alessandro-130x130.jpg 130w, https:\/\/www.ischia.campania.it\/wp-content\/uploads\/2015\/07\/copertina-sant-alessandro-67x67.jpg 67w, https:\/\/www.ischia.campania.it\/wp-content\/uploads\/2015\/07\/copertina-sant-alessandro-40x40.jpg 40w, https:\/\/www.ischia.campania.it\/wp-content\/uploads\/2015\/07\/copertina-sant-alessandro-184x184.jpg 184w\" sizes=\"(max-width: 150px) 100vw, 150px\" data-attachment-id=\"6488\" data-permalink=\"https:\/\/www.ischia.campania.it\/index.php\/gli-eventi-di-agosto-sullisola-dischia\/copertina-sant-alessandro\/\" data-orig-file=\"https:\/\/www.ischia.campania.it\/wp-content\/uploads\/2015\/07\/copertina-sant-alessandro.jpg\" data-orig-size=\"960,340\" data-comments-opened=\"1\" data-image-meta=\"{&quot;aperture&quot;:&quot;0&quot;,&quot;credit&quot;:&quot;&quot;,&quot;camera&quot;:&quot;&quot;,&quot;caption&quot;:&quot;&quot;,&quot;created_timestamp&quot;:&quot;0&quot;,&quot;copyright&quot;:&quot;&quot;,&quot;focal_length&quot;:&quot;0&quot;,&quot;iso&quot;:&quot;0&quot;,&quot;shutter_speed&quot;:&quot;0&quot;,&quot;title&quot;:&quot;&quot;,&quot;orientation&quot;:&quot;0&quot;}\" data-image-title=\"copertina-sant-alessandro\" data-image-description=\"\" data-image-caption=\"\" data-medium-file=\"https:\/\/www.ischia.campania.it\/wp-content\/uploads\/2015\/07\/copertina-sant-alessandro-446x158.jpg\" data-large-file=\"https:\/\/www.ischia.campania.it\/wp-content\/uploads\/2015\/07\/copertina-sant-alessandro.jpg\" \/><\/a>\n\t\t\t<\/dt><\/dl><br style=\"clear: both\" \/>\n\t\t<\/div>\n\n<p>&nbsp;<\/p>\n<p>&nbsp;<\/p>\n","protected":false},"excerpt":{"rendered":"<p>Archiviata, il 26 luglio, la Festa di Sant&#8217;Anna, Ischia vive un altro mese di &#8220;passione&#8221;. Stavolta l&#8217;attesa \u00e8 per la Festa di Sant&#8217;Alessandro che il 26 agosto attraversa le strade del paese, dal piazzale aragonese di Ischia Ponte fino al borgo omonimo a due passi dal porto. Un villaggio, quello di Sant&#8217;Alessandro, cui bisogna far [&hellip;]<\/p>\n","protected":false},"author":2,"featured_media":6488,"comment_status":"open","ping_status":"closed","sticky":false,"template":"","format":"standard","meta":{"_et_pb_use_builder":"","_et_pb_old_content":"","_et_gb_content_width":"","_monsterinsights_skip_tracking":false,"_monsterinsights_sitenote_active":false,"_monsterinsights_sitenote_note":"","_monsterinsights_sitenote_category":0,"spay_email":""},"categories":[21,3,1],"tags":[],"jetpack_featured_media_url":"https:\/\/www.ischia.campania.it\/wp-content\/uploads\/2015\/07\/copertina-sant-alessandro.jpg","jetpack_shortlink":"https:\/\/wp.me\/p3yuov-1GA","jetpack_sharing_enabled":true,"_links":{"self":[{"href":"https:\/\/www.ischia.campania.it\/index.php\/wp-json\/wp\/v2\/posts\/6484"}],"collection":[{"href":"https:\/\/www.ischia.campania.it\/index.php\/wp-json\/wp\/v2\/posts"}],"about":[{"href":"https:\/\/www.ischia.campania.it\/index.php\/wp-json\/wp\/v2\/types\/post"}],"author":[{"embeddable":true,"href":"https:\/\/www.ischia.campania.it\/index.php\/wp-json\/wp\/v2\/users\/2"}],"replies":[{"embeddable":true,"href":"https:\/\/www.ischia.campania.it\/index.php\/wp-json\/wp\/v2\/comments?post=6484"}],"version-history":[{"count":7,"href":"https:\/\/www.ischia.campania.it\/index.php\/wp-json\/wp\/v2\/posts\/6484\/revisions"}],"predecessor-version":[{"id":6495,"href":"https:\/\/www.ischia.campania.it\/index.php\/wp-json\/wp\/v2\/posts\/6484\/revisions\/6495"}],"wp:featuredmedia":[{"embeddable":true,"href":"https:\/\/www.ischia.campania.it\/index.php\/wp-json\/wp\/v2\/media\/6488"}],"wp:attachment":[{"href":"https:\/\/www.ischia.campania.it\/index.php\/wp-json\/wp\/v2\/media?parent=6484"}],"wp:term":[{"taxonomy":"category","embeddable":true,"href":"https:\/\/www.ischia.campania.it\/index.php\/wp-json\/wp\/v2\/categories?post=6484"},{"taxonomy":"post_tag","embeddable":true,"href":"https:\/\/www.ischia.campania.it\/index.php\/wp-json\/wp\/v2\/tags?post=6484"}],"curies":[{"name":"wp","href":"https:\/\/api.w.org\/{rel}","templated":true}]}}