{"id":6975,"date":"2015-12-03T16:48:05","date_gmt":"2015-12-03T15:48:05","guid":{"rendered":"https:\/\/www.ischia.campania.it\/?p=6975"},"modified":"2015-12-03T16:48:05","modified_gmt":"2015-12-03T15:48:05","slug":"la-pietra-cantante-leggenda-dellisola-dischia","status":"publish","type":"post","link":"https:\/\/www.ischia.campania.it\/index.php\/la-pietra-cantante-leggenda-dellisola-dischia\/","title":{"rendered":"La Pietra Cantante, leggenda dell&#8217;isola d&#8217;Ischia"},"content":{"rendered":"<div id=\"itiner-social\" style=\"padding: 5px 0; float:left; width:100%;\"><a href=\"https:\/\/twitter.com\/share\" class=\"twitter-share-button\" data-url=\"http:\/\/www.ischia.campania.it\/index.php\/la-pietra-cantante-leggenda-dellisola-dischia\/\" data-text=\"ItinerSocial\" data-count=\"horizontal\" data-via=\"ItinerSocial\" style=\"flaot:left;margin: 0 10px\"><\/a><div class=\"fb-like\" data-href=\"http:\/\/www.ischia.campania.it\/index.php\/la-pietra-cantante-leggenda-dellisola-dischia\/\" data-layout=\"button_count\" data-send=\"false\" data-show-faces=\"false\" data-width=\"90\" style=\"flaot:left;margin: 0 10px\"><\/div><div class=\"g-plusone\" data-annotation=\"inline\" data-href=\"http:\/\/www.ischia.campania.it\/index.php\/la-pietra-cantante-leggenda-dellisola-dischia\/\" data-size=\"medium\" data-width=\"120\" style=\"flaot:left;margin: 0 10px\"><\/div><\/div><p>&#8220;<em>Ma non c&#8217;\u00e8 niente da vedere; nessuno ci va; ma siccome Eccellenza vuole vedere proprio quello che gli altri evitano&#8230;<\/em>&#8220;.<\/p>\n<p><strong>A parlare \u00e8 Francesco, guida di J\u00f8rgen Vilhelm Bergs\u00f8e (1835 \u2013 1911)<\/strong>, uno degli illustri ospiti di Casamicciola nel XIX secolo. La riluttanza dell&#8217;anfitrione locale era per la vetta del Monte Tabor, epicentro della novella &#8220;La Pietra Cantante&#8221; (Imagaenaria edizioni, 2001), una delle due realizzate dallo scrittore danese a margine del lungo soggiorno ischitano (l&#8217;altra \u00e8 la &#8220;La famiglia fortunata&#8221;).<\/p>\n<p><a href=\"https:\/\/www.ischia.campania.it\/index.php\/casamicciola-terme-e-i-suoi-ospiti-illustri\/\" target=\"_blank\"><strong>LEGGI ANCHE<\/strong>: Casamicciola Terme e i suoi ospiti illustri<\/a><\/p>\n<p><strong>Gi\u00e0, ma cosa c&#8217;era di cos\u00ec terribile su questa piccola collina da dissuadere i pi\u00f9 ad andarci? <\/strong>C&#8217;era &#8211; secondo il racconto &#8211; il castello di Emin il Tabor (da cui il nome del monte), terribile re dei Mori in quel di Casamicciola. A seguito di una rivolta popolare questi, insieme al suo stregone, decise di far sprofondare la reggia provocando la morte di quanti erano accorsi per ucciderlo. Dallo sprofondamento &#8211; Bergs\u00f8e fa dire a Francesco &#8211; sorse una roccia enorme, la &#8220;Pietra Cantante&#8221;, cos\u00ec chiamata perch\u00e8 dal suo interno proveniva un terribile frastuono presagio di sventura.<\/p>\n<p><strong>Non c&#8217;\u00e8 solo la Pietra Cantante<\/strong>. Pi\u00f9 avanti nel racconto, Bergs\u00f8e e il suo accompagnatore giungono in prossimit\u00e0 della &#8220;Valle del Tamburo&#8221; (secondo alcuni Cava Fasaniello alle spalle di Piazza Bagni). Qui altri mori, provenienti da Forio in soccorso di Emin il Tabor, si rifugiarono per sfuggire alle truppe cristiane a loro volta sopraggiunte da Sorrento per dar manforte alla popolazione locale in rivolta. Una valle che nel racconto si trasforma, quindi, nell&#8217;ingresso per le viscere della montagna, con ogni probabilit\u00e0 in omaggio alla teoria della Terra Cava (gi\u00e0 diffusa ai tempi di Bergs\u00f8e) secondo cui uno degli ingressi per il centro del pianeta \u00e8 proprio il Monte Epomeo.<\/p>\n<p><a href=\"https:\/\/www.ischia.campania.it\/index.php\/monte-epomeo-il-gigante-buono-dellisola-dischia\/\" target=\"_blank\"><strong>LEGGI ANCHE<\/strong>: Monte Epomeo, il gigante buono dell&#8217;isola d&#8217;Ischia<\/a><\/p>\n<p><strong>Insomma in questa novella c&#8217;\u00e8 tutta l&#8217;isola d&#8217;Ischia<\/strong>: i prodigi del termalismo; i saccheggi saraceni; la natura allo stesso tempo rigogliosa e inquietante. Soprattutto, c&#8217;\u00e8 l&#8217;amore di uno scrittore scandinavo per un&#8217;isola del Mediterraneo di cui\u00a0 &#8211; come dice Francesco,\u00a0l&#8217;accompagnatore con l&#8217;inseparabile mulo &#8211; &#8220;<em>i forestieri sanno tanto e conoscono poco<\/em>&#8220;.<\/p>\n<p><a href=\"https:\/\/www.ischia.campania.it\/index.php\/5-cose-che-forse-non-sai-sullisola-dischia\/\" target=\"_blank\"><strong>LEGGI ANCHE<\/strong>: 5 Cose che (forse) non sai sull&#8217;isola d&#8217;Ischia<\/a><\/p>\n<p><strong>Per conoscere di pi\u00f9 non resta da far altro che venire<\/strong>. Vi aspettiamo!<\/p>\n<h1 class=\"title\"><em><strong>Potrebbe interessare anche<\/strong><\/em><\/h1>\n<p><a href=\"https:\/\/www.ischia.campania.it\/index.php\/la-famiglia-felice-di-ischia\/\" target=\"_blank\">La famiglia felice di Ischia<\/a><br \/>\n<a href=\"https:\/\/www.ischia.campania.it\/index.php\/i-benefici-della-fango-balneoterapia-di-ischia\/\" target=\"_blank\">I benefici della fango-balneoterapia di Ischia<\/a><br \/>\n<a href=\"https:\/\/www.ischia.campania.it\/index.php\/speciale-ischia-la-grande-natura-dellisola\/\" target=\"_blank\">Speciale Ischia: la grande natura dell&#8217;isola<\/a><\/p>\n\n\t\t<style type=\"text\/css\">\n\t\t\t#gallery-1 {\n\t\t\t\tmargin: auto;\n\t\t\t}\n\t\t\t#gallery-1 .gallery-item {\n\t\t\t\tfloat: left;\n\t\t\t\tmargin-top: 10px;\n\t\t\t\ttext-align: center;\n\t\t\t\twidth: 20%;\n\t\t\t}\n\t\t\t#gallery-1 img {\n\t\t\t\tborder: 2px solid #cfcfcf;\n\t\t\t}\n\t\t\t#gallery-1 .gallery-caption {\n\t\t\t\tmargin-left: 0;\n\t\t\t}\n\t\t\t\/* see gallery_shortcode() in wp-includes\/media.php *\/\n\t\t<\/style>\n\t\t<div data-carousel-extra='{\"blog_id\":1,\"permalink\":\"https:\\\/\\\/www.ischia.campania.it\\\/index.php\\\/la-pietra-cantante-leggenda-dellisola-dischia\\\/\"}' id='gallery-1' class='gallery galleryid-6975 gallery-columns-5 gallery-size-thumbnail'><dl class='gallery-item'>\n\t\t\t<dt class='gallery-icon portrait'>\n\t\t\t\t<a href='https:\/\/www.ischia.campania.it\/wp-content\/uploads\/2015\/12\/IMG_4762.jpg'><img width=\"150\" height=\"150\" src=\"https:\/\/www.ischia.campania.it\/wp-content\/uploads\/2015\/12\/IMG_4762-150x150.jpg\" class=\"attachment-thumbnail size-thumbnail\" alt=\"\" loading=\"lazy\" srcset=\"https:\/\/www.ischia.campania.it\/wp-content\/uploads\/2015\/12\/IMG_4762-150x150.jpg 150w, https:\/\/www.ischia.campania.it\/wp-content\/uploads\/2015\/12\/IMG_4762-130x130.jpg 130w, https:\/\/www.ischia.campania.it\/wp-content\/uploads\/2015\/12\/IMG_4762-67x67.jpg 67w, https:\/\/www.ischia.campania.it\/wp-content\/uploads\/2015\/12\/IMG_4762-40x40.jpg 40w, https:\/\/www.ischia.campania.it\/wp-content\/uploads\/2015\/12\/IMG_4762-184x184.jpg 184w\" sizes=\"(max-width: 150px) 100vw, 150px\" data-attachment-id=\"6980\" data-permalink=\"https:\/\/www.ischia.campania.it\/img_4762\/\" data-orig-file=\"https:\/\/www.ischia.campania.it\/wp-content\/uploads\/2015\/12\/IMG_4762.jpg\" data-orig-size=\"800,1113\" data-comments-opened=\"1\" data-image-meta=\"{&quot;aperture&quot;:&quot;0&quot;,&quot;credit&quot;:&quot;&quot;,&quot;camera&quot;:&quot;&quot;,&quot;caption&quot;:&quot;&quot;,&quot;created_timestamp&quot;:&quot;0&quot;,&quot;copyright&quot;:&quot;Itiner s.n.c.&quot;,&quot;focal_length&quot;:&quot;0&quot;,&quot;iso&quot;:&quot;0&quot;,&quot;shutter_speed&quot;:&quot;0&quot;,&quot;title&quot;:&quot;&quot;,&quot;orientation&quot;:&quot;0&quot;}\" data-image-title=\"IMG_4762\" data-image-description=\"\" data-image-caption=\"\" data-medium-file=\"https:\/\/www.ischia.campania.it\/wp-content\/uploads\/2015\/12\/IMG_4762-446x620.jpg\" data-large-file=\"https:\/\/www.ischia.campania.it\/wp-content\/uploads\/2015\/12\/IMG_4762-736x1024.jpg\" \/><\/a>\n\t\t\t<\/dt><\/dl><dl class='gallery-item'>\n\t\t\t<dt class='gallery-icon landscape'>\n\t\t\t\t<a href='https:\/\/www.ischia.campania.it\/wp-content\/uploads\/2015\/12\/IMG_1814.jpg'><img width=\"150\" height=\"150\" src=\"https:\/\/www.ischia.campania.it\/wp-content\/uploads\/2015\/12\/IMG_1814-150x150.jpg\" class=\"attachment-thumbnail size-thumbnail\" alt=\"\" loading=\"lazy\" srcset=\"https:\/\/www.ischia.campania.it\/wp-content\/uploads\/2015\/12\/IMG_1814-150x150.jpg 150w, https:\/\/www.ischia.campania.it\/wp-content\/uploads\/2015\/12\/IMG_1814-130x130.jpg 130w, https:\/\/www.ischia.campania.it\/wp-content\/uploads\/2015\/12\/IMG_1814-67x67.jpg 67w, https:\/\/www.ischia.campania.it\/wp-content\/uploads\/2015\/12\/IMG_1814-40x40.jpg 40w, https:\/\/www.ischia.campania.it\/wp-content\/uploads\/2015\/12\/IMG_1814-184x184.jpg 184w\" sizes=\"(max-width: 150px) 100vw, 150px\" data-attachment-id=\"6979\" data-permalink=\"https:\/\/www.ischia.campania.it\/img_1814-2\/\" data-orig-file=\"https:\/\/www.ischia.campania.it\/wp-content\/uploads\/2015\/12\/IMG_1814.jpg\" data-orig-size=\"800,533\" data-comments-opened=\"1\" data-image-meta=\"{&quot;aperture&quot;:&quot;0&quot;,&quot;credit&quot;:&quot;&quot;,&quot;camera&quot;:&quot;&quot;,&quot;caption&quot;:&quot;&quot;,&quot;created_timestamp&quot;:&quot;0&quot;,&quot;copyright&quot;:&quot;&quot;,&quot;focal_length&quot;:&quot;0&quot;,&quot;iso&quot;:&quot;0&quot;,&quot;shutter_speed&quot;:&quot;0&quot;,&quot;title&quot;:&quot;&quot;,&quot;orientation&quot;:&quot;0&quot;}\" data-image-title=\"IMG_1814\" data-image-description=\"\" data-image-caption=\"\" data-medium-file=\"https:\/\/www.ischia.campania.it\/wp-content\/uploads\/2015\/12\/IMG_1814-446x297.jpg\" data-large-file=\"https:\/\/www.ischia.campania.it\/wp-content\/uploads\/2015\/12\/IMG_1814.jpg\" \/><\/a>\n\t\t\t<\/dt><\/dl><dl class='gallery-item'>\n\t\t\t<dt class='gallery-icon landscape'>\n\t\t\t\t<a href='https:\/\/www.ischia.campania.it\/wp-content\/uploads\/2014\/12\/copertina-casamicciola-terme.jpg'><img width=\"150\" height=\"150\" src=\"https:\/\/www.ischia.campania.it\/wp-content\/uploads\/2014\/12\/copertina-casamicciola-terme-150x150.jpg\" class=\"attachment-thumbnail size-thumbnail\" alt=\"\" loading=\"lazy\" srcset=\"https:\/\/www.ischia.campania.it\/wp-content\/uploads\/2014\/12\/copertina-casamicciola-terme-150x150.jpg 150w, https:\/\/www.ischia.campania.it\/wp-content\/uploads\/2014\/12\/copertina-casamicciola-terme-130x130.jpg 130w, https:\/\/www.ischia.campania.it\/wp-content\/uploads\/2014\/12\/copertina-casamicciola-terme-67x67.jpg 67w, https:\/\/www.ischia.campania.it\/wp-content\/uploads\/2014\/12\/copertina-casamicciola-terme-40x40.jpg 40w, https:\/\/www.ischia.campania.it\/wp-content\/uploads\/2014\/12\/copertina-casamicciola-terme-184x184.jpg 184w\" sizes=\"(max-width: 150px) 100vw, 150px\" data-attachment-id=\"5194\" data-permalink=\"https:\/\/www.ischia.campania.it\/copertina-casamicciola-terme\/\" data-orig-file=\"https:\/\/www.ischia.campania.it\/wp-content\/uploads\/2014\/12\/copertina-casamicciola-terme.jpg\" data-orig-size=\"960,340\" data-comments-opened=\"1\" data-image-meta=\"{&quot;aperture&quot;:&quot;0&quot;,&quot;credit&quot;:&quot;&quot;,&quot;camera&quot;:&quot;&quot;,&quot;caption&quot;:&quot;&quot;,&quot;created_timestamp&quot;:&quot;0&quot;,&quot;copyright&quot;:&quot;&quot;,&quot;focal_length&quot;:&quot;0&quot;,&quot;iso&quot;:&quot;0&quot;,&quot;shutter_speed&quot;:&quot;0&quot;,&quot;title&quot;:&quot;&quot;,&quot;orientation&quot;:&quot;0&quot;}\" data-image-title=\"copertina-casamicciola-terme\" data-image-description=\"\" data-image-caption=\"\" data-medium-file=\"https:\/\/www.ischia.campania.it\/wp-content\/uploads\/2014\/12\/copertina-casamicciola-terme-446x157.jpg\" data-large-file=\"https:\/\/www.ischia.campania.it\/wp-content\/uploads\/2014\/12\/copertina-casamicciola-terme.jpg\" \/><\/a>\n\t\t\t<\/dt><\/dl><dl class='gallery-item'>\n\t\t\t<dt class='gallery-icon landscape'>\n\t\t\t\t<a href='https:\/\/www.ischia.campania.it\/wp-content\/uploads\/2014\/05\/IMG_9604.jpg'><img width=\"150\" height=\"150\" src=\"https:\/\/www.ischia.campania.it\/wp-content\/uploads\/2014\/05\/IMG_9604-150x150.jpg\" class=\"attachment-thumbnail size-thumbnail\" alt=\"\" loading=\"lazy\" srcset=\"https:\/\/www.ischia.campania.it\/wp-content\/uploads\/2014\/05\/IMG_9604-150x150.jpg 150w, https:\/\/www.ischia.campania.it\/wp-content\/uploads\/2014\/05\/IMG_9604-130x130.jpg 130w, https:\/\/www.ischia.campania.it\/wp-content\/uploads\/2014\/05\/IMG_9604-67x67.jpg 67w, https:\/\/www.ischia.campania.it\/wp-content\/uploads\/2014\/05\/IMG_9604-40x40.jpg 40w, https:\/\/www.ischia.campania.it\/wp-content\/uploads\/2014\/05\/IMG_9604-184x184.jpg 184w\" sizes=\"(max-width: 150px) 100vw, 150px\" data-attachment-id=\"3786\" data-permalink=\"https:\/\/www.ischia.campania.it\/img_9604\/\" data-orig-file=\"https:\/\/www.ischia.campania.it\/wp-content\/uploads\/2014\/05\/IMG_9604.jpg\" data-orig-size=\"800,533\" data-comments-opened=\"1\" data-image-meta=\"{&quot;aperture&quot;:&quot;0&quot;,&quot;credit&quot;:&quot;&quot;,&quot;camera&quot;:&quot;&quot;,&quot;caption&quot;:&quot;&quot;,&quot;created_timestamp&quot;:&quot;0&quot;,&quot;copyright&quot;:&quot;&quot;,&quot;focal_length&quot;:&quot;0&quot;,&quot;iso&quot;:&quot;0&quot;,&quot;shutter_speed&quot;:&quot;0&quot;,&quot;title&quot;:&quot;&quot;}\" data-image-title=\"IMG_9604\" data-image-description=\"\" data-image-caption=\"\" data-medium-file=\"https:\/\/www.ischia.campania.it\/wp-content\/uploads\/2014\/05\/IMG_9604-446x297.jpg\" data-large-file=\"https:\/\/www.ischia.campania.it\/wp-content\/uploads\/2014\/05\/IMG_9604.jpg\" \/><\/a>\n\t\t\t<\/dt><\/dl><dl class='gallery-item'>\n\t\t\t<dt class='gallery-icon landscape'>\n\t\t\t\t<a href='https:\/\/www.ischia.campania.it\/wp-content\/uploads\/2015\/12\/copertina-pietra-cantante.jpg'><img width=\"150\" height=\"150\" src=\"https:\/\/www.ischia.campania.it\/wp-content\/uploads\/2015\/12\/copertina-pietra-cantante-150x150.jpg\" class=\"attachment-thumbnail size-thumbnail\" alt=\"\" loading=\"lazy\" srcset=\"https:\/\/www.ischia.campania.it\/wp-content\/uploads\/2015\/12\/copertina-pietra-cantante-150x150.jpg 150w, https:\/\/www.ischia.campania.it\/wp-content\/uploads\/2015\/12\/copertina-pietra-cantante-130x130.jpg 130w, https:\/\/www.ischia.campania.it\/wp-content\/uploads\/2015\/12\/copertina-pietra-cantante-67x67.jpg 67w, https:\/\/www.ischia.campania.it\/wp-content\/uploads\/2015\/12\/copertina-pietra-cantante-40x40.jpg 40w, https:\/\/www.ischia.campania.it\/wp-content\/uploads\/2015\/12\/copertina-pietra-cantante-184x184.jpg 184w\" sizes=\"(max-width: 150px) 100vw, 150px\" data-attachment-id=\"6981\" data-permalink=\"https:\/\/www.ischia.campania.it\/copertina-pietra-cantante\/\" data-orig-file=\"https:\/\/www.ischia.campania.it\/wp-content\/uploads\/2015\/12\/copertina-pietra-cantante.jpg\" data-orig-size=\"960,340\" data-comments-opened=\"1\" data-image-meta=\"{&quot;aperture&quot;:&quot;0&quot;,&quot;credit&quot;:&quot;&quot;,&quot;camera&quot;:&quot;&quot;,&quot;caption&quot;:&quot;&quot;,&quot;created_timestamp&quot;:&quot;0&quot;,&quot;copyright&quot;:&quot;&quot;,&quot;focal_length&quot;:&quot;0&quot;,&quot;iso&quot;:&quot;0&quot;,&quot;shutter_speed&quot;:&quot;0&quot;,&quot;title&quot;:&quot;&quot;,&quot;orientation&quot;:&quot;0&quot;}\" data-image-title=\"copertina-pietra-cantante\" data-image-description=\"\" data-image-caption=\"\" data-medium-file=\"https:\/\/www.ischia.campania.it\/wp-content\/uploads\/2015\/12\/copertina-pietra-cantante-446x158.jpg\" data-large-file=\"https:\/\/www.ischia.campania.it\/wp-content\/uploads\/2015\/12\/copertina-pietra-cantante.jpg\" \/><\/a>\n\t\t\t<\/dt><\/dl><br style=\"clear: both\" \/>\n\t\t<\/div>\n\n","protected":false},"excerpt":{"rendered":"<p>&#8220;Ma non c&#8217;\u00e8 niente da vedere; nessuno ci va; ma siccome Eccellenza vuole vedere proprio quello che gli altri evitano&#8230;&#8220;. A parlare \u00e8 Francesco, guida di J\u00f8rgen Vilhelm Bergs\u00f8e (1835 \u2013 1911), uno degli illustri ospiti di Casamicciola nel XIX secolo. La riluttanza dell&#8217;anfitrione locale era per la vetta del Monte Tabor, epicentro della novella [&hellip;]<\/p>\n","protected":false},"author":2,"featured_media":6981,"comment_status":"open","ping_status":"closed","sticky":false,"template":"","format":"standard","meta":{"_et_pb_use_builder":"","_et_pb_old_content":"","_et_gb_content_width":"","_monsterinsights_skip_tracking":false,"_monsterinsights_sitenote_active":false,"_monsterinsights_sitenote_note":"","_monsterinsights_sitenote_category":0,"spay_email":""},"categories":[22,1],"tags":[],"jetpack_featured_media_url":"https:\/\/www.ischia.campania.it\/wp-content\/uploads\/2015\/12\/copertina-pietra-cantante.jpg","jetpack_shortlink":"https:\/\/wp.me\/p3yuov-1Ov","jetpack_sharing_enabled":true,"_links":{"self":[{"href":"https:\/\/www.ischia.campania.it\/index.php\/wp-json\/wp\/v2\/posts\/6975"}],"collection":[{"href":"https:\/\/www.ischia.campania.it\/index.php\/wp-json\/wp\/v2\/posts"}],"about":[{"href":"https:\/\/www.ischia.campania.it\/index.php\/wp-json\/wp\/v2\/types\/post"}],"author":[{"embeddable":true,"href":"https:\/\/www.ischia.campania.it\/index.php\/wp-json\/wp\/v2\/users\/2"}],"replies":[{"embeddable":true,"href":"https:\/\/www.ischia.campania.it\/index.php\/wp-json\/wp\/v2\/comments?post=6975"}],"version-history":[{"count":4,"href":"https:\/\/www.ischia.campania.it\/index.php\/wp-json\/wp\/v2\/posts\/6975\/revisions"}],"predecessor-version":[{"id":6983,"href":"https:\/\/www.ischia.campania.it\/index.php\/wp-json\/wp\/v2\/posts\/6975\/revisions\/6983"}],"wp:featuredmedia":[{"embeddable":true,"href":"https:\/\/www.ischia.campania.it\/index.php\/wp-json\/wp\/v2\/media\/6981"}],"wp:attachment":[{"href":"https:\/\/www.ischia.campania.it\/index.php\/wp-json\/wp\/v2\/media?parent=6975"}],"wp:term":[{"taxonomy":"category","embeddable":true,"href":"https:\/\/www.ischia.campania.it\/index.php\/wp-json\/wp\/v2\/categories?post=6975"},{"taxonomy":"post_tag","embeddable":true,"href":"https:\/\/www.ischia.campania.it\/index.php\/wp-json\/wp\/v2\/tags?post=6975"}],"curies":[{"name":"wp","href":"https:\/\/api.w.org\/{rel}","templated":true}]}}