{"id":7403,"date":"2016-05-11T17:13:18","date_gmt":"2016-05-11T15:13:18","guid":{"rendered":"https:\/\/www.ischia.campania.it\/?p=7403"},"modified":"2018-05-29T17:21:16","modified_gmt":"2018-05-29T15:21:16","slug":"gli-eventi-di-giugno-sullisola-dischia","status":"publish","type":"post","link":"https:\/\/www.ischia.campania.it\/index.php\/gli-eventi-di-giugno-sullisola-dischia\/","title":{"rendered":"Gli eventi di giugno sull&#8217;isola d&#8217;Ischia"},"content":{"rendered":"<div id=\"itiner-social\" style=\"padding: 5px 0; float:left; width:100%;\"><a href=\"https:\/\/twitter.com\/share\" class=\"twitter-share-button\" data-url=\"http:\/\/www.ischia.campania.it\/index.php\/gli-eventi-di-giugno-sullisola-dischia\/\" data-text=\"ItinerSocial\" data-count=\"horizontal\" data-via=\"ItinerSocial\" style=\"flaot:left;margin: 0 10px\"><\/a><div class=\"fb-like\" data-href=\"http:\/\/www.ischia.campania.it\/index.php\/gli-eventi-di-giugno-sullisola-dischia\/\" data-layout=\"button_count\" data-send=\"false\" data-show-faces=\"false\" data-width=\"90\" style=\"flaot:left;margin: 0 10px\"><\/div><div class=\"g-plusone\" data-annotation=\"inline\" data-href=\"http:\/\/www.ischia.campania.it\/index.php\/gli-eventi-di-giugno-sullisola-dischia\/\" data-size=\"medium\" data-width=\"120\" style=\"flaot:left;margin: 0 10px\"><\/div><\/div><p><strong>Insieme a <a href=\"https:\/\/www.ischia.campania.it\/index.php\/gli-eventi-di-maggio-sullisola-dischia\/\">maggio<\/a>, giugno \u00e8 senza dubbio il mese migliore per una vacanza sull&#8217;isola<\/strong>. Complice il clima, le giornate che si allungano, le feste patronali e tutte le altre manifestazioni grandi e piccole che caratterizzano il periodo, \u00e8 in questo momento che Ischia mostra il suo volto migliore. L&#8217;estate c&#8217;\u00e8 gi\u00e0, ma non c&#8217;\u00e8 ancora l&#8217;affollamento che caratterizza luglio, e soprattutto agosto. Di seguito una lista con gli eventi e le occasioni di svago principali che offre il mese. Buona lettura.<\/p>\n<h3><strong>Il 2 giugno<\/strong><\/h3>\n<p><a href=\"https:\/\/www.ischia.campania.it\/wp-content\/uploads\/2016\/03\/copertina-primavera.jpg\"><img data-attachment-id=\"7350\" data-permalink=\"https:\/\/www.ischia.campania.it\/index.php\/gli-eventi-di-giugno-sullisola-dischia\/copertina-primavera-3\/\" data-orig-file=\"https:\/\/www.ischia.campania.it\/wp-content\/uploads\/2016\/03\/copertina-primavera.jpg\" data-orig-size=\"960,340\" data-comments-opened=\"1\" data-image-meta=\"{&quot;aperture&quot;:&quot;0&quot;,&quot;credit&quot;:&quot;&quot;,&quot;camera&quot;:&quot;&quot;,&quot;caption&quot;:&quot;&quot;,&quot;created_timestamp&quot;:&quot;0&quot;,&quot;copyright&quot;:&quot;&quot;,&quot;focal_length&quot;:&quot;0&quot;,&quot;iso&quot;:&quot;0&quot;,&quot;shutter_speed&quot;:&quot;0&quot;,&quot;title&quot;:&quot;&quot;,&quot;orientation&quot;:&quot;0&quot;}\" data-image-title=\"copertina-primavera\" data-image-description=\"\" data-image-caption=\"\" data-medium-file=\"https:\/\/www.ischia.campania.it\/wp-content\/uploads\/2016\/03\/copertina-primavera-446x158.jpg\" data-large-file=\"https:\/\/www.ischia.campania.it\/wp-content\/uploads\/2016\/03\/copertina-primavera.jpg\" loading=\"lazy\" class=\"alignnone size-full wp-image-7350\" src=\"https:\/\/www.ischia.campania.it\/wp-content\/uploads\/2016\/03\/copertina-primavera.jpg\" alt=\"copertina-primavera\" width=\"960\" height=\"340\" srcset=\"https:\/\/www.ischia.campania.it\/wp-content\/uploads\/2016\/03\/copertina-primavera.jpg 960w, https:\/\/www.ischia.campania.it\/wp-content\/uploads\/2016\/03\/copertina-primavera-446x158.jpg 446w, https:\/\/www.ischia.campania.it\/wp-content\/uploads\/2016\/03\/copertina-primavera-557x198.jpg 557w\" sizes=\"(max-width: 960px) 100vw, 960px\" \/><\/a><br \/>\n<strong>Si comincia col ponte del 2 giugno, Festa della Repubblica<\/strong>. Un&#8217;occasione ghiotta per trascorrere un lungo weekend sull&#8217;isola pi\u00f9 grande e bella del Golfo di Napoli. Si pu\u00f2 andare tranquillamente in spiaggia ma se le temperature dovessero essere ancora troppo &#8220;primaverili&#8221; si pu\u00f2 optare per un parco termale, un&#8217;escursione e qualche serata mondana tra divertimento e buon cibo. Insomma, vietato annoiarsi. Dettaglio affatto secondario, le tariffe hotel per il periodo sono assolutamente competitive (<em>per le offerte vedi link sotto<\/em>).<\/p>\n<p><a href=\"https:\/\/www.ischia.campania.it\/index.php\/ischia-proposte-per-i-ponti-di-primavera\/\">Ischia: proposte per i ponti di primavera<\/a><\/p>\n<h3><strong>Festa della Ginestra<\/strong><\/h3>\n<p><a href=\"https:\/\/www.ischia.campania.it\/wp-content\/uploads\/2015\/03\/copertina3.jpg\"><img data-attachment-id=\"5703\" data-permalink=\"https:\/\/www.ischia.campania.it\/index.php\/gli-eventi-di-giugno-sullisola-dischia\/copertina-9\/\" data-orig-file=\"https:\/\/www.ischia.campania.it\/wp-content\/uploads\/2015\/03\/copertina3.jpg\" data-orig-size=\"960,340\" data-comments-opened=\"1\" data-image-meta=\"{&quot;aperture&quot;:&quot;0&quot;,&quot;credit&quot;:&quot;&quot;,&quot;camera&quot;:&quot;&quot;,&quot;caption&quot;:&quot;&quot;,&quot;created_timestamp&quot;:&quot;0&quot;,&quot;copyright&quot;:&quot;&quot;,&quot;focal_length&quot;:&quot;0&quot;,&quot;iso&quot;:&quot;0&quot;,&quot;shutter_speed&quot;:&quot;0&quot;,&quot;title&quot;:&quot;&quot;,&quot;orientation&quot;:&quot;0&quot;}\" data-image-title=\"copertina\" data-image-description=\"\" data-image-caption=\"\" data-medium-file=\"https:\/\/www.ischia.campania.it\/wp-content\/uploads\/2015\/03\/copertina3-446x157.jpg\" data-large-file=\"https:\/\/www.ischia.campania.it\/wp-content\/uploads\/2015\/03\/copertina3.jpg\" loading=\"lazy\" class=\"alignnone size-full wp-image-5703\" src=\"https:\/\/www.ischia.campania.it\/wp-content\/uploads\/2015\/03\/copertina3.jpg\" alt=\"copertina\" width=\"960\" height=\"340\" srcset=\"https:\/\/www.ischia.campania.it\/wp-content\/uploads\/2015\/03\/copertina3.jpg 960w, https:\/\/www.ischia.campania.it\/wp-content\/uploads\/2015\/03\/copertina3-446x157.jpg 446w, https:\/\/www.ischia.campania.it\/wp-content\/uploads\/2015\/03\/copertina3-557x198.jpg 557w\" sizes=\"(max-width: 960px) 100vw, 960px\" \/><\/a><br \/>\n<strong>Da pi\u00f9 di vent&#8217;anni ormai, la prima domenica di giugno coincide con la Festa della Ginestra a Piano San Paolo<\/strong>. Una &#8220;scampagnata di massa&#8221; organizzata dal gruppo folk &#8216;ndrezzata di Buonopane. Il raduno, infatti, \u00e8 nella piazza della frazione da cui si prosegue per localit\u00e0 Candiano fino appunto a Piano San Paolo, suggestivo spiazzo circolare in mezzo al bosco a oltre 400 metri sul livello del mare. Balli, canti, cibo, vino e, naturalmente, la &#8216;ndrezzata finale caratterizzano questa giornata molto apprezzata dai turisti tedeschi che in questo periodo affollano l&#8217;isola. Da non perdere!<\/p>\n<p><a href=\"https:\/\/www.ischia.campania.it\/index.php\/la-festa-della-ginestra\/\">La Festa della Ginestra<\/a><\/p>\n<h3><strong>Festa di San Vito<\/strong><\/h3>\n<p><a href=\"https:\/\/www.ischia.campania.it\/wp-content\/uploads\/2015\/06\/copertina-san-vito.jpg\"><img data-attachment-id=\"6221\" data-permalink=\"https:\/\/www.ischia.campania.it\/index.php\/gli-eventi-di-giugno-sullisola-dischia\/copertina-san-vito-2\/\" data-orig-file=\"https:\/\/www.ischia.campania.it\/wp-content\/uploads\/2015\/06\/copertina-san-vito.jpg\" data-orig-size=\"960,340\" data-comments-opened=\"1\" data-image-meta=\"{&quot;aperture&quot;:&quot;0&quot;,&quot;credit&quot;:&quot;&quot;,&quot;camera&quot;:&quot;&quot;,&quot;caption&quot;:&quot;&quot;,&quot;created_timestamp&quot;:&quot;0&quot;,&quot;copyright&quot;:&quot;&quot;,&quot;focal_length&quot;:&quot;0&quot;,&quot;iso&quot;:&quot;0&quot;,&quot;shutter_speed&quot;:&quot;0&quot;,&quot;title&quot;:&quot;&quot;,&quot;orientation&quot;:&quot;0&quot;}\" data-image-title=\"copertina-san-vito\" data-image-description=\"\" data-image-caption=\"\" data-medium-file=\"https:\/\/www.ischia.campania.it\/wp-content\/uploads\/2015\/06\/copertina-san-vito-446x158.jpg\" data-large-file=\"https:\/\/www.ischia.campania.it\/wp-content\/uploads\/2015\/06\/copertina-san-vito.jpg\" loading=\"lazy\" class=\"alignnone size-full wp-image-6221\" src=\"https:\/\/www.ischia.campania.it\/wp-content\/uploads\/2015\/06\/copertina-san-vito.jpg\" alt=\"copertina-san-vito\" width=\"960\" height=\"340\" srcset=\"https:\/\/www.ischia.campania.it\/wp-content\/uploads\/2015\/06\/copertina-san-vito.jpg 960w, https:\/\/www.ischia.campania.it\/wp-content\/uploads\/2015\/06\/copertina-san-vito-446x158.jpg 446w, https:\/\/www.ischia.campania.it\/wp-content\/uploads\/2015\/06\/copertina-san-vito-557x198.jpg 557w\" sizes=\"(max-width: 960px) 100vw, 960px\" \/><\/a><br \/>\n<strong>La festa del santo patrono di Forio<\/strong> cui ogni anno, dal 14 al 17 del mese, vengono dedicate messe, processioni (via mare e via terra) e gli immancabili fuochi d&#8217;artificio. Un tripudio di festeggiamenti in cui sacro e profano, fede e folclore si mischiano in maniera inestricabile finendo col coinvolgere tutti indipendentemente dalle convinzioni religiose. Tra i tanti momenti della festa, la processione via mare e i fuochi d&#8217;artificio dell&#8217;ultimo giorno sono probabilmente quelli pi\u00f9 spettacolari da un punto di vista turistico.<\/p>\n<p><a href=\"https:\/\/www.ischia.campania.it\/index.php\/la-festa-di-san-vito-patrono-di-forio\/\">La festa di San Vito, patrono di Forio<\/a><\/p>\n<h3><strong><br \/>\nLa Festa di San Giovanni Battista<\/strong><\/h3>\n<p><a href=\"https:\/\/www.ischia.campania.it\/wp-content\/uploads\/2016\/05\/copertina-buonopane1.jpg\"><img data-attachment-id=\"7405\" data-permalink=\"https:\/\/www.ischia.campania.it\/index.php\/gli-eventi-di-giugno-sullisola-dischia\/copertina-buonopane1\/\" data-orig-file=\"https:\/\/www.ischia.campania.it\/wp-content\/uploads\/2016\/05\/copertina-buonopane1.jpg\" data-orig-size=\"960,340\" data-comments-opened=\"1\" data-image-meta=\"{&quot;aperture&quot;:&quot;0&quot;,&quot;credit&quot;:&quot;&quot;,&quot;camera&quot;:&quot;&quot;,&quot;caption&quot;:&quot;&quot;,&quot;created_timestamp&quot;:&quot;0&quot;,&quot;copyright&quot;:&quot;&quot;,&quot;focal_length&quot;:&quot;0&quot;,&quot;iso&quot;:&quot;0&quot;,&quot;shutter_speed&quot;:&quot;0&quot;,&quot;title&quot;:&quot;&quot;,&quot;orientation&quot;:&quot;0&quot;}\" data-image-title=\"copertina-buonopane1\" data-image-description=\"\" data-image-caption=\"\" data-medium-file=\"https:\/\/www.ischia.campania.it\/wp-content\/uploads\/2016\/05\/copertina-buonopane1-446x158.jpg\" data-large-file=\"https:\/\/www.ischia.campania.it\/wp-content\/uploads\/2016\/05\/copertina-buonopane1.jpg\" loading=\"lazy\" class=\"alignnone size-full wp-image-7405\" src=\"https:\/\/www.ischia.campania.it\/wp-content\/uploads\/2016\/05\/copertina-buonopane1.jpg\" alt=\"copertina-buonopane1\" width=\"960\" height=\"340\" srcset=\"https:\/\/www.ischia.campania.it\/wp-content\/uploads\/2016\/05\/copertina-buonopane1.jpg 960w, https:\/\/www.ischia.campania.it\/wp-content\/uploads\/2016\/05\/copertina-buonopane1-446x158.jpg 446w, https:\/\/www.ischia.campania.it\/wp-content\/uploads\/2016\/05\/copertina-buonopane1-768x272.jpg 768w, https:\/\/www.ischia.campania.it\/wp-content\/uploads\/2016\/05\/copertina-buonopane1-557x198.jpg 557w\" sizes=\"(max-width: 960px) 100vw, 960px\" \/><\/a><br \/>\n<strong>Dopo Forio, torniamo a Buonopane, stavolta per la Festa di San Giovanni Battista, patrono della frazione<\/strong>. Il 24 giugno, ultimo dei tre giorni del solstizio d&#8217;estate, sul sagrato della parrocchia (oppure nella vicina piazza del borgo) ha luogo la &#8216;ndrezzata, folcloristico ballo che per certi aspetti mima le movenze della scherma (l&#8217;altro appuntamento ufficiale della &#8216;ndrezzata \u00e8 il Luned\u00ec Albis). Una tradizione antichissima, di chiara origine greca, che da tanti anni ormai rappresenta Ischia nel mondo al pari delle cartoline pi\u00f9 famose del Soccorso e del Castello aragonese. Magia.<\/p>\n<p><a href=\"https:\/\/www.ischia.campania.it\/index.php\/la-ndrezzata-di-buonopane\/\">La &#8216;ndrezzata di Buonopane<\/a><\/p>\n<h3><strong>Teatro Greco<\/strong><\/h3>\n<p><a href=\"https:\/\/www.ischia.campania.it\/wp-content\/uploads\/2015\/07\/copertina-eventi-luglio.jpg\"><img data-attachment-id=\"6326\" data-permalink=\"https:\/\/www.ischia.campania.it\/index.php\/gli-eventi-di-luglio-sullisola-dischia\/copertina-eventi-luglio\/\" data-orig-file=\"https:\/\/www.ischia.campania.it\/wp-content\/uploads\/2015\/07\/copertina-eventi-luglio.jpg\" data-orig-size=\"960,340\" data-comments-opened=\"1\" data-image-meta=\"{&quot;aperture&quot;:&quot;0&quot;,&quot;credit&quot;:&quot;&quot;,&quot;camera&quot;:&quot;&quot;,&quot;caption&quot;:&quot;&quot;,&quot;created_timestamp&quot;:&quot;0&quot;,&quot;copyright&quot;:&quot;&quot;,&quot;focal_length&quot;:&quot;0&quot;,&quot;iso&quot;:&quot;0&quot;,&quot;shutter_speed&quot;:&quot;0&quot;,&quot;title&quot;:&quot;&quot;,&quot;orientation&quot;:&quot;0&quot;}\" data-image-title=\"copertina-eventi-luglio\" data-image-description=\"\" data-image-caption=\"\" data-medium-file=\"https:\/\/www.ischia.campania.it\/wp-content\/uploads\/2015\/07\/copertina-eventi-luglio-446x158.jpg\" data-large-file=\"https:\/\/www.ischia.campania.it\/wp-content\/uploads\/2015\/07\/copertina-eventi-luglio.jpg\" loading=\"lazy\" class=\"alignnone size-full wp-image-6326\" src=\"https:\/\/www.ischia.campania.it\/wp-content\/uploads\/2015\/07\/copertina-eventi-luglio.jpg\" alt=\"copertina-eventi-luglio\" width=\"960\" height=\"340\" srcset=\"https:\/\/www.ischia.campania.it\/wp-content\/uploads\/2015\/07\/copertina-eventi-luglio.jpg 960w, https:\/\/www.ischia.campania.it\/wp-content\/uploads\/2015\/07\/copertina-eventi-luglio-446x158.jpg 446w, https:\/\/www.ischia.campania.it\/wp-content\/uploads\/2015\/07\/copertina-eventi-luglio-557x198.jpg 557w\" sizes=\"(max-width: 960px) 100vw, 960px\" \/><\/a><br \/>\n<strong>A fine giugno cominciano anche gli appuntamenti musicali al Teatro Greco dei Giardini La Mortella<\/strong>. Una location fantastica, ulteriormente impreziosita da serate di grande spessore culturale tra cinema, musica lirica, jazz e sinfonica. Il cartellone eventi del Teatro Greco prosegue per tutto il mese di luglio, ragion per cui conviene affrettarsi a prenotare una delle serate in programma (www.lamortella.org\/musica\/programma-teatro-greco). Ne vale assolutamente la pena.<\/p>\n<p><a href=\"https:\/\/www.ischia.campania.it\/index.php\/visita-al-teatro-greco-dei-giardini-la-mortella\/\">Visita al Teatro Greco dei Giardini La Mortella<\/a><\/p>\n<h3><strong>Ischia Film Festival<\/strong><\/h3>\n<p><a href=\"https:\/\/www.ischia.campania.it\/wp-content\/uploads\/2015\/05\/copertina-Ischia-film.jpg\"><img data-attachment-id=\"6034\" data-permalink=\"https:\/\/www.ischia.campania.it\/index.php\/gli-eventi-di-luglio-sullisola-dischia\/copertina-ischia-film\/\" data-orig-file=\"https:\/\/www.ischia.campania.it\/wp-content\/uploads\/2015\/05\/copertina-Ischia-film.jpg\" data-orig-size=\"960,340\" data-comments-opened=\"1\" data-image-meta=\"{&quot;aperture&quot;:&quot;0&quot;,&quot;credit&quot;:&quot;&quot;,&quot;camera&quot;:&quot;&quot;,&quot;caption&quot;:&quot;&quot;,&quot;created_timestamp&quot;:&quot;0&quot;,&quot;copyright&quot;:&quot;&quot;,&quot;focal_length&quot;:&quot;0&quot;,&quot;iso&quot;:&quot;0&quot;,&quot;shutter_speed&quot;:&quot;0&quot;,&quot;title&quot;:&quot;&quot;,&quot;orientation&quot;:&quot;0&quot;}\" data-image-title=\"copertina-Ischia-film\" data-image-description=\"\" data-image-caption=\"\" data-medium-file=\"https:\/\/www.ischia.campania.it\/wp-content\/uploads\/2015\/05\/copertina-Ischia-film-446x158.jpg\" data-large-file=\"https:\/\/www.ischia.campania.it\/wp-content\/uploads\/2015\/05\/copertina-Ischia-film.jpg\" loading=\"lazy\" class=\"alignnone size-full wp-image-6034\" src=\"https:\/\/www.ischia.campania.it\/wp-content\/uploads\/2015\/05\/copertina-Ischia-film.jpg\" alt=\"copertina-Ischia-film\" width=\"960\" height=\"340\" srcset=\"https:\/\/www.ischia.campania.it\/wp-content\/uploads\/2015\/05\/copertina-Ischia-film.jpg 960w, https:\/\/www.ischia.campania.it\/wp-content\/uploads\/2015\/05\/copertina-Ischia-film-446x158.jpg 446w, https:\/\/www.ischia.campania.it\/wp-content\/uploads\/2015\/05\/copertina-Ischia-film-557x198.jpg 557w\" sizes=\"(max-width: 960px) 100vw, 960px\" \/><\/a><br \/>\n<strong>Sempre a cavallo di giugno e luglio un altro evento di spessore: l&#8217;Ischia Film Festival<\/strong>. L&#8217;unico festival del cinema interamente dedicato alle location cinematografiche e al loro enorme potenziale turistico. Il filone \u00e8 quello del cineturismo o, per dirla all&#8217;inglese, del &#8220;movie induced tourism&#8221;. Decine di proiezioni giornaliere, mostre, dibattiti e premiazioni in uno scenario di straordinaria bellezza qual \u00e8 il Castello aragonese di Ischia Ponte. Meraviglioso.<\/p>\n<p><a href=\"https:\/\/www.ischia.campania.it\/index.php\/ischia-film-festival-cinema-e-territorio\/\">Ischia Film Festival. Cinema e territorio<\/a><\/p>\n<h2><em><strong>Potrebbe interessare anche<\/strong><\/em><\/h2>\n<p><a href=\"https:\/\/www.ischia.campania.it\/index.php\/gli-eventi-di-luglio-sullisola-dischia\/\">Gli eventi di luglio sull&#8217;isola d&#8217;Ischia<\/a><\/p>\n","protected":false},"excerpt":{"rendered":"<p>Insieme a maggio, giugno \u00e8 senza dubbio il mese migliore per una vacanza sull&#8217;isola. Complice il clima, le giornate che si allungano, le feste patronali e tutte le altre manifestazioni grandi e piccole che caratterizzano il periodo, \u00e8 in questo momento che Ischia mostra il suo volto migliore. L&#8217;estate c&#8217;\u00e8 gi\u00e0, ma non c&#8217;\u00e8 ancora [&hellip;]<\/p>\n","protected":false},"author":2,"featured_media":7413,"comment_status":"open","ping_status":"closed","sticky":false,"template":"","format":"standard","meta":{"_et_pb_use_builder":"","_et_pb_old_content":"","_et_gb_content_width":"","_monsterinsights_skip_tracking":false,"_monsterinsights_sitenote_active":false,"_monsterinsights_sitenote_note":"","_monsterinsights_sitenote_category":0,"spay_email":""},"categories":[21,1],"tags":[],"jetpack_featured_media_url":"https:\/\/www.ischia.campania.it\/wp-content\/uploads\/2016\/05\/copertina-giugno.jpg","jetpack_shortlink":"https:\/\/wp.me\/p3yuov-1Vp","jetpack_sharing_enabled":true,"_links":{"self":[{"href":"https:\/\/www.ischia.campania.it\/index.php\/wp-json\/wp\/v2\/posts\/7403"}],"collection":[{"href":"https:\/\/www.ischia.campania.it\/index.php\/wp-json\/wp\/v2\/posts"}],"about":[{"href":"https:\/\/www.ischia.campania.it\/index.php\/wp-json\/wp\/v2\/types\/post"}],"author":[{"embeddable":true,"href":"https:\/\/www.ischia.campania.it\/index.php\/wp-json\/wp\/v2\/users\/2"}],"replies":[{"embeddable":true,"href":"https:\/\/www.ischia.campania.it\/index.php\/wp-json\/wp\/v2\/comments?post=7403"}],"version-history":[{"count":10,"href":"https:\/\/www.ischia.campania.it\/index.php\/wp-json\/wp\/v2\/posts\/7403\/revisions"}],"predecessor-version":[{"id":8988,"href":"https:\/\/www.ischia.campania.it\/index.php\/wp-json\/wp\/v2\/posts\/7403\/revisions\/8988"}],"wp:featuredmedia":[{"embeddable":true,"href":"https:\/\/www.ischia.campania.it\/index.php\/wp-json\/wp\/v2\/media\/7413"}],"wp:attachment":[{"href":"https:\/\/www.ischia.campania.it\/index.php\/wp-json\/wp\/v2\/media?parent=7403"}],"wp:term":[{"taxonomy":"category","embeddable":true,"href":"https:\/\/www.ischia.campania.it\/index.php\/wp-json\/wp\/v2\/categories?post=7403"},{"taxonomy":"post_tag","embeddable":true,"href":"https:\/\/www.ischia.campania.it\/index.php\/wp-json\/wp\/v2\/tags?post=7403"}],"curies":[{"name":"wp","href":"https:\/\/api.w.org\/{rel}","templated":true}]}}