{"id":8364,"date":"2017-07-17T15:26:23","date_gmt":"2017-07-17T13:26:23","guid":{"rendered":"https:\/\/www.ischia.campania.it\/?p=8364"},"modified":"2018-08-01T17:40:40","modified_gmt":"2018-08-01T15:40:40","slug":"gli-eventi-di-agosto-sullisola-dischia","status":"publish","type":"post","link":"https:\/\/www.ischia.campania.it\/index.php\/gli-eventi-di-agosto-sullisola-dischia\/","title":{"rendered":"Gli eventi di agosto sull&#8217;isola d&#8217;Ischia"},"content":{"rendered":"<div id=\"itiner-social\" style=\"padding: 5px 0; float:left; width:100%;\"><a href=\"https:\/\/twitter.com\/share\" class=\"twitter-share-button\" data-url=\"https:\/\/www.ischia.campania.it\/index.php\/gli-eventi-di-agosto-sullisola-dischia\/\" data-text=\"ItinerSocial\" data-count=\"horizontal\" data-via=\"ItinerSocial\" style=\"flaot:left;margin: 0 10px\"><\/a><div class=\"fb-like\" data-href=\"https:\/\/www.ischia.campania.it\/index.php\/gli-eventi-di-agosto-sullisola-dischia\/\" data-layout=\"button_count\" data-send=\"false\" data-show-faces=\"false\" data-width=\"90\" style=\"flaot:left;margin: 0 10px\"><\/div><div class=\"g-plusone\" data-annotation=\"inline\" data-href=\"https:\/\/www.ischia.campania.it\/index.php\/gli-eventi-di-agosto-sullisola-dischia\/\" data-size=\"medium\" data-width=\"120\" style=\"flaot:left;margin: 0 10px\"><\/div><\/div><p><strong>Sull&#8217;isola d&#8217;Ischia agosto \u00e8 il mese di massima affluenza, con punte superiori alle 300.000 presenze a fronte di &#8220;soli&#8221; 64.000 residenti<\/strong>. Un dato che suggerisce perlomeno due riflessioni: la prima, abbastanza scontata, \u00e8 che essendo il periodo dell&#8217;anno in cui si lavora di pi\u00f9, tutto l&#8217;indotto turistico (hotel, ristoranti, bar, negozi, trasporti ecc.) gira al massimo. Basta farsi un giro a Ischia Porto in una qualsiasi serata del mese per rendersi conto di quanto appena detto. La seconda riflessione, invece, \u00e8 che proprio in ragione dei numeri turistici, per la parte alta dell&#8217;isola (Serrara Fontana e Barano) \u00e8 anche il momento pi\u00f9 propizio per farsi conoscere. Come? Attraverso una serie di sagre paesane rivelatrici di quella <a href=\"https:\/\/www.ischia.campania.it\/index.php\/la-doppia-anima-di-ischia\/\">doppia anima<\/a> di terra e di mare del territorio su cui pi\u00f9 volte ci siamo soffermati. Ecco spiegato perch\u00e9 agosto a Ischia \u00e8 soprattutto tempo di sagre. Passiamo brevemente in rassegna i principali eventi del mese.<\/p>\n<p><strong>Festival delle Cose buone <\/strong>(gioved\u00ec 9 agosto 2018)<strong><br \/>\n<\/strong><a href=\"https:\/\/www.ischia.campania.it\/wp-content\/uploads\/2014\/01\/ANT_0147.jpg\"><img data-attachment-id=\"2426\" data-permalink=\"https:\/\/www.ischia.campania.it\/index.php\/ischia-cosa-vedere\/ant_0147\/\" data-orig-file=\"https:\/\/www.ischia.campania.it\/wp-content\/uploads\/2014\/01\/ANT_0147.jpg\" data-orig-size=\"750,500\" data-comments-opened=\"1\" data-image-meta=\"{&quot;aperture&quot;:&quot;0&quot;,&quot;credit&quot;:&quot;&quot;,&quot;camera&quot;:&quot;&quot;,&quot;caption&quot;:&quot;&quot;,&quot;created_timestamp&quot;:&quot;0&quot;,&quot;copyright&quot;:&quot;&quot;,&quot;focal_length&quot;:&quot;0&quot;,&quot;iso&quot;:&quot;0&quot;,&quot;shutter_speed&quot;:&quot;0&quot;,&quot;title&quot;:&quot;&quot;}\" data-image-title=\"ANT_0147\" data-image-description=\"\" data-image-caption=\"\" data-medium-file=\"https:\/\/www.ischia.campania.it\/wp-content\/uploads\/2014\/01\/ANT_0147-446x297.jpg\" data-large-file=\"https:\/\/www.ischia.campania.it\/wp-content\/uploads\/2014\/01\/ANT_0147.jpg\" loading=\"lazy\" class=\"alignnone size-full wp-image-2426\" src=\"https:\/\/www.ischia.campania.it\/wp-content\/uploads\/2014\/01\/ANT_0147.jpg\" alt=\"\" width=\"750\" height=\"500\" srcset=\"https:\/\/www.ischia.campania.it\/wp-content\/uploads\/2014\/01\/ANT_0147.jpg 750w, https:\/\/www.ischia.campania.it\/wp-content\/uploads\/2014\/01\/ANT_0147-446x297.jpg 446w, https:\/\/www.ischia.campania.it\/wp-content\/uploads\/2014\/01\/ANT_0147-140x94.jpg 140w\" sizes=\"(max-width: 750px) 100vw, 750px\" \/><\/a><br \/>\n<strong>Si comincia<\/strong><strong> a Serrara con il &#8220;Festival delle cose buone&#8221;<\/strong>. La formula prevede prelibatezze tipiche locali pi\u00f9 cabaret e musica dal vivo. Il tutto sul bellissimo <a href=\"https:\/\/www.ischia.campania.it\/index.php\/belvedere-di-serrara\/\">belvedere<\/a> (<em>vd.immagine<\/em>) con vista privilegiata sull&#8217;esclusivo borgo di Sant&#8217;Angelo.<\/p>\n<p><strong>Ferragosto alla Falanga<br \/>\n<a href=\"https:\/\/www.ischia.campania.it\/wp-content\/uploads\/2014\/08\/100_4956.jpg\"><img data-attachment-id=\"4475\" data-permalink=\"https:\/\/www.ischia.campania.it\/index.php\/gli-eventi-di-agosto-sullisola-dischia\/100_4956\/\" data-orig-file=\"https:\/\/www.ischia.campania.it\/wp-content\/uploads\/2014\/08\/100_4956.jpg\" data-orig-size=\"800,600\" data-comments-opened=\"1\" data-image-meta=\"{&quot;aperture&quot;:&quot;0&quot;,&quot;credit&quot;:&quot;&quot;,&quot;camera&quot;:&quot;&quot;,&quot;caption&quot;:&quot;&quot;,&quot;created_timestamp&quot;:&quot;0&quot;,&quot;copyright&quot;:&quot;&quot;,&quot;focal_length&quot;:&quot;0&quot;,&quot;iso&quot;:&quot;0&quot;,&quot;shutter_speed&quot;:&quot;0&quot;,&quot;title&quot;:&quot;&quot;}\" data-image-title=\"100_4956\" data-image-description=\"\" data-image-caption=\"\" data-medium-file=\"https:\/\/www.ischia.campania.it\/wp-content\/uploads\/2014\/08\/100_4956-446x334.jpg\" data-large-file=\"https:\/\/www.ischia.campania.it\/wp-content\/uploads\/2014\/08\/100_4956.jpg\" loading=\"lazy\" class=\"alignnone size-full wp-image-4475\" src=\"https:\/\/www.ischia.campania.it\/wp-content\/uploads\/2014\/08\/100_4956.jpg\" alt=\"\" width=\"800\" height=\"600\" srcset=\"https:\/\/www.ischia.campania.it\/wp-content\/uploads\/2014\/08\/100_4956.jpg 800w, https:\/\/www.ischia.campania.it\/wp-content\/uploads\/2014\/08\/100_4956-446x334.jpg 446w\" sizes=\"(max-width: 800px) 100vw, 800px\" \/><\/a><br \/>\nSia in spiaggia che in montagna a Ischia il 15 agosto \u00e8 un giorno di &#8220;passione&#8221;<\/strong>. Solo che con lo stesso termine si designano due stati d&#8217;animo opposti: chi va al mare, infatti, sa di dover fare i conti con spiagge affollatissime; chi opta per la montagna, invece, sa che ad aspettarlo ci saranno bruschette, insalata, vino e l&#8217;allegria contagiosa degli organizzatori: da un lato, una delegazione del comune di Serrara Fontana; dall&#8217;altro, l&#8217;Associazione Terra in rappresentanza di Forio. Le due squadre, da anni, &#8220;si sfidano&#8221; <a href=\"https:\/\/www.ischia.campania.it\/index.php\/escursioni-a-ischia-ferragosto-alla-falanga\/\">nel cuore del bosco della Falanga<\/a> a colpi di pomodori, patate, cipolle, pane e vino a volont\u00e0 per la gioia dei turisti disposti a trascorrere un ferragosto diverso, lontano dal trambusto della costa.<\/p>\n<p><strong>Gusta Forio<br \/>\n<\/strong><a href=\"https:\/\/www.ischia.campania.it\/wp-content\/uploads\/2017\/07\/IMG_2478.jpg\"><img data-attachment-id=\"8351\" data-permalink=\"https:\/\/www.ischia.campania.it\/index.php\/gli-eventi-di-agosto-sullisola-dischia\/img_2478-2\/\" data-orig-file=\"https:\/\/www.ischia.campania.it\/wp-content\/uploads\/2017\/07\/IMG_2478.jpg\" data-orig-size=\"800,533\" data-comments-opened=\"1\" data-image-meta=\"{&quot;aperture&quot;:&quot;0&quot;,&quot;credit&quot;:&quot;&quot;,&quot;camera&quot;:&quot;&quot;,&quot;caption&quot;:&quot;&quot;,&quot;created_timestamp&quot;:&quot;0&quot;,&quot;copyright&quot;:&quot;&quot;,&quot;focal_length&quot;:&quot;0&quot;,&quot;iso&quot;:&quot;0&quot;,&quot;shutter_speed&quot;:&quot;0&quot;,&quot;title&quot;:&quot;&quot;,&quot;orientation&quot;:&quot;0&quot;}\" data-image-title=\"IMG_2478\" data-image-description=\"\" data-image-caption=\"\" data-medium-file=\"https:\/\/www.ischia.campania.it\/wp-content\/uploads\/2017\/07\/IMG_2478-446x297.jpg\" data-large-file=\"https:\/\/www.ischia.campania.it\/wp-content\/uploads\/2017\/07\/IMG_2478.jpg\" loading=\"lazy\" class=\"alignnone size-full wp-image-8351\" src=\"https:\/\/www.ischia.campania.it\/wp-content\/uploads\/2017\/07\/IMG_2478.jpg\" alt=\"\" width=\"800\" height=\"533\" srcset=\"https:\/\/www.ischia.campania.it\/wp-content\/uploads\/2017\/07\/IMG_2478.jpg 800w, https:\/\/www.ischia.campania.it\/wp-content\/uploads\/2017\/07\/IMG_2478-446x297.jpg 446w, https:\/\/www.ischia.campania.it\/wp-content\/uploads\/2017\/07\/IMG_2478-768x512.jpg 768w, https:\/\/www.ischia.campania.it\/wp-content\/uploads\/2017\/07\/IMG_2478-140x94.jpg 140w\" sizes=\"(max-width: 800px) 100vw, 800px\" \/><\/a><br \/>\n<strong>Dopo la montagna si torna in piazza (Piazza Municipio) per<\/strong> <strong>Gusta Forio<\/strong>, un evento che nel giro di pochi anni si \u00e8 ritagliato uno spazio importante nel cartellone turistico estivo dell&#8217;isola d&#8217;Ischia. Il merito \u00e8 dell&#8217;Associazione Actus Tragicus che, dopo il successo della &#8220;Passione di Cristo&#8221; il Venerd\u00ec Santo prima di Pasqua, sta ora provando a inserire questa manifestazione nel circuito delle sagre che contano in Campania. Per raggiungere l&#8217;obiettivo c&#8217;\u00e8 bisogno di risorse ma soprattutto caparbiet\u00e0. Qualit\u00e0 che certo non mancano a quest&#8217;associazione capace di mettere in piedi una <a href=\"https:\/\/www.ischia.campania.it\/index.php\/gusta-forio-musica-cibo-folclore-e-divertimento\/\">rassegna di 4 giorni<\/a> tra stand di prodotti a chilometro zero, street food, birra, musica, cabaret e artisti di strada. Da non perdere!<\/p>\n<p><strong>Festa di Sant&#8217;Alessandro<br \/>\n<\/strong><a href=\"https:\/\/www.ischia.campania.it\/wp-content\/uploads\/2015\/07\/IMG_7852.jpg\"><img data-attachment-id=\"6490\" data-permalink=\"https:\/\/www.ischia.campania.it\/index.php\/gli-eventi-di-agosto-sullisola-dischia\/img_7852\/\" data-orig-file=\"https:\/\/www.ischia.campania.it\/wp-content\/uploads\/2015\/07\/IMG_7852.jpg\" data-orig-size=\"800,533\" data-comments-opened=\"1\" data-image-meta=\"{&quot;aperture&quot;:&quot;0&quot;,&quot;credit&quot;:&quot;&quot;,&quot;camera&quot;:&quot;&quot;,&quot;caption&quot;:&quot;&quot;,&quot;created_timestamp&quot;:&quot;0&quot;,&quot;copyright&quot;:&quot;&quot;,&quot;focal_length&quot;:&quot;0&quot;,&quot;iso&quot;:&quot;0&quot;,&quot;shutter_speed&quot;:&quot;0&quot;,&quot;title&quot;:&quot;&quot;,&quot;orientation&quot;:&quot;0&quot;}\" data-image-title=\"IMG_7852\" data-image-description=\"\" data-image-caption=\"\" data-medium-file=\"https:\/\/www.ischia.campania.it\/wp-content\/uploads\/2015\/07\/IMG_7852-446x297.jpg\" data-large-file=\"https:\/\/www.ischia.campania.it\/wp-content\/uploads\/2015\/07\/IMG_7852.jpg\" loading=\"lazy\" class=\"alignnone size-full wp-image-6490\" src=\"https:\/\/www.ischia.campania.it\/wp-content\/uploads\/2015\/07\/IMG_7852.jpg\" alt=\"\" width=\"800\" height=\"533\" srcset=\"https:\/\/www.ischia.campania.it\/wp-content\/uploads\/2015\/07\/IMG_7852.jpg 800w, https:\/\/www.ischia.campania.it\/wp-content\/uploads\/2015\/07\/IMG_7852-446x297.jpg 446w, https:\/\/www.ischia.campania.it\/wp-content\/uploads\/2015\/07\/IMG_7852-140x94.jpg 140w\" sizes=\"(max-width: 800px) 100vw, 800px\" \/><\/a><br \/>\n<strong>Il cibo \u00e8 presente anche nella Festa di Sant&#8217;Alessandro ma non \u00e8 certo il tema attorno cui ruota l&#8217;evento<\/strong>. Questa festa, infatti, che cade esattamente un mese dopo Sant&#8217;Anna, \u00e8 nata con lo scopo di portare in scena tutta la storia ischitana. Una <a href=\"https:\/\/www.ischia.campania.it\/index.php\/ischia-festa-di-santalessandro-costumi-depoca-storia-e-tradizione\/\">sfilata rievocativa<\/a> dai Greci (Pithecusa \u00e8 la pi\u00f9 antica colonia della Magna Grecia) ai giorni nostri passando per le diverse dominazioni e date salienti che hanno direttamente\u00a0interessato l&#8217;isola d&#8217;Ischia. La sfilata parte nel tardo pomeriggio del 26 agosto dal Castello aragonese e arriva nel cuore del piccolo borgo di Sant&#8217;Alessandro, a due passi dal porto d&#8217;Ischia.<\/p>\n<h2><em><strong>Potrebbe interessare anche<\/strong><\/em><\/h2>\n<p><a href=\"https:\/\/www.ischia.campania.it\/index.php\/cosa-fare-a-ischia-a-settembre\/\">Cosa fare a Ischia a settembre<\/a><\/p>\n","protected":false},"excerpt":{"rendered":"<p>Sull&#8217;isola d&#8217;Ischia agosto \u00e8 il mese di massima affluenza, con punte superiori alle 300.000 presenze a fronte di &#8220;soli&#8221; 64.000 residenti. Un dato che suggerisce perlomeno due riflessioni: la prima, abbastanza scontata, \u00e8 che essendo il periodo dell&#8217;anno in cui si lavora di pi\u00f9, tutto l&#8217;indotto turistico (hotel, ristoranti, bar, negozi, trasporti ecc.) gira al [&hellip;]<\/p>\n","protected":false},"author":2,"featured_media":8368,"comment_status":"open","ping_status":"closed","sticky":false,"template":"","format":"standard","meta":{"_et_pb_use_builder":"","_et_pb_old_content":"","_et_gb_content_width":"","_monsterinsights_skip_tracking":false,"_monsterinsights_sitenote_active":false,"_monsterinsights_sitenote_note":"","_monsterinsights_sitenote_category":0,"spay_email":""},"categories":[21,1],"tags":[],"jetpack_featured_media_url":"https:\/\/www.ischia.campania.it\/wp-content\/uploads\/2017\/07\/copertina-agosto-ischia.jpg","jetpack_shortlink":"https:\/\/wp.me\/p3yuov-2aU","jetpack_sharing_enabled":true,"_links":{"self":[{"href":"https:\/\/www.ischia.campania.it\/index.php\/wp-json\/wp\/v2\/posts\/8364"}],"collection":[{"href":"https:\/\/www.ischia.campania.it\/index.php\/wp-json\/wp\/v2\/posts"}],"about":[{"href":"https:\/\/www.ischia.campania.it\/index.php\/wp-json\/wp\/v2\/types\/post"}],"author":[{"embeddable":true,"href":"https:\/\/www.ischia.campania.it\/index.php\/wp-json\/wp\/v2\/users\/2"}],"replies":[{"embeddable":true,"href":"https:\/\/www.ischia.campania.it\/index.php\/wp-json\/wp\/v2\/comments?post=8364"}],"version-history":[{"count":7,"href":"https:\/\/www.ischia.campania.it\/index.php\/wp-json\/wp\/v2\/posts\/8364\/revisions"}],"predecessor-version":[{"id":9007,"href":"https:\/\/www.ischia.campania.it\/index.php\/wp-json\/wp\/v2\/posts\/8364\/revisions\/9007"}],"wp:featuredmedia":[{"embeddable":true,"href":"https:\/\/www.ischia.campania.it\/index.php\/wp-json\/wp\/v2\/media\/8368"}],"wp:attachment":[{"href":"https:\/\/www.ischia.campania.it\/index.php\/wp-json\/wp\/v2\/media?parent=8364"}],"wp:term":[{"taxonomy":"category","embeddable":true,"href":"https:\/\/www.ischia.campania.it\/index.php\/wp-json\/wp\/v2\/categories?post=8364"},{"taxonomy":"post_tag","embeddable":true,"href":"https:\/\/www.ischia.campania.it\/index.php\/wp-json\/wp\/v2\/tags?post=8364"}],"curies":[{"name":"wp","href":"https:\/\/api.w.org\/{rel}","templated":true}]}}