{"id":8793,"date":"2018-02-16T17:12:03","date_gmt":"2018-02-16T16:12:03","guid":{"rendered":"https:\/\/www.ischia.campania.it\/?p=8793"},"modified":"2018-04-05T14:36:14","modified_gmt":"2018-04-05T12:36:14","slug":"10-cose-da-fare-a-ischia-in-primavera","status":"publish","type":"post","link":"https:\/\/www.ischia.campania.it\/index.php\/10-cose-da-fare-a-ischia-in-primavera\/","title":{"rendered":"10 cose da fare a Ischia in primavera"},"content":{"rendered":"<div id=\"itiner-social\" style=\"padding: 5px 0; float:left; width:100%;\"><a href=\"https:\/\/twitter.com\/share\" class=\"twitter-share-button\" data-url=\"https:\/\/www.ischia.campania.it\/index.php\/10-cose-da-fare-a-ischia-in-primavera\/\" data-text=\"ItinerSocial\" data-count=\"horizontal\" data-via=\"ItinerSocial\" style=\"flaot:left;margin: 0 10px\"><\/a><div class=\"fb-like\" data-href=\"https:\/\/www.ischia.campania.it\/index.php\/10-cose-da-fare-a-ischia-in-primavera\/\" data-layout=\"button_count\" data-send=\"false\" data-show-faces=\"false\" data-width=\"90\" style=\"flaot:left;margin: 0 10px\"><\/div><div class=\"g-plusone\" data-annotation=\"inline\" data-href=\"https:\/\/www.ischia.campania.it\/index.php\/10-cose-da-fare-a-ischia-in-primavera\/\" data-size=\"medium\" data-width=\"120\" style=\"flaot:left;margin: 0 10px\"><\/div><\/div><p><strong>Secondo molti marzo, aprile e maggio sono i mesi migliori per un viaggio a Ischia<\/strong>. A differenza dell&#8217;estate, infatti, ci si muove con maggiore facilit\u00e0, aiutati da un clima benevolo che riscalda senza soffocare. Anche la luce \u00e8 diversa. Il progressivo allungamento delle giornate esalta i colori di Ischia. Sia i colori pastello delle abitazioni che quelli della natura che, in primavera, sull&#8217;isola, si fa ancora pi\u00f9 lussureggiante di quanto normalmente sia gi\u00e0. Volendo, ci si pu\u00f2 concedere anche il primo bagno, magari cominciando da una localit\u00e0 con un microclima unico come Sorgeto. Insomma la &#8220;media stagione&#8221; svela il volto pi\u00f9 autentico di Ischia, quel mix unico di natura e cultura che ha reso la pi\u00f9 grande delle isole flegree una destinazione turistica di fama mondiale. Di seguito vediamo meglio insieme le cose da fare a Ischia in primavera. Buona lettura.<\/p>\n<h3><strong>Ponti di Primavera<\/strong><\/h3>\n<p><a href=\"https:\/\/www.ischia.campania.it\/wp-content\/uploads\/2016\/03\/copertina-primavera.jpg\"><img data-attachment-id=\"7350\" data-permalink=\"https:\/\/www.ischia.campania.it\/index.php\/gli-eventi-di-giugno-sullisola-dischia\/copertina-primavera-3\/\" data-orig-file=\"https:\/\/www.ischia.campania.it\/wp-content\/uploads\/2016\/03\/copertina-primavera.jpg\" data-orig-size=\"960,340\" data-comments-opened=\"1\" data-image-meta=\"{&quot;aperture&quot;:&quot;0&quot;,&quot;credit&quot;:&quot;&quot;,&quot;camera&quot;:&quot;&quot;,&quot;caption&quot;:&quot;&quot;,&quot;created_timestamp&quot;:&quot;0&quot;,&quot;copyright&quot;:&quot;&quot;,&quot;focal_length&quot;:&quot;0&quot;,&quot;iso&quot;:&quot;0&quot;,&quot;shutter_speed&quot;:&quot;0&quot;,&quot;title&quot;:&quot;&quot;,&quot;orientation&quot;:&quot;0&quot;}\" data-image-title=\"copertina-primavera\" data-image-description=\"\" data-image-caption=\"\" data-medium-file=\"https:\/\/www.ischia.campania.it\/wp-content\/uploads\/2016\/03\/copertina-primavera-446x158.jpg\" data-large-file=\"https:\/\/www.ischia.campania.it\/wp-content\/uploads\/2016\/03\/copertina-primavera.jpg\" loading=\"lazy\" class=\"alignnone size-full wp-image-7350\" src=\"https:\/\/www.ischia.campania.it\/wp-content\/uploads\/2016\/03\/copertina-primavera.jpg\" alt=\"\" width=\"960\" height=\"340\" srcset=\"https:\/\/www.ischia.campania.it\/wp-content\/uploads\/2016\/03\/copertina-primavera.jpg 960w, https:\/\/www.ischia.campania.it\/wp-content\/uploads\/2016\/03\/copertina-primavera-446x158.jpg 446w, https:\/\/www.ischia.campania.it\/wp-content\/uploads\/2016\/03\/copertina-primavera-557x198.jpg 557w\" sizes=\"(max-width: 960px) 100vw, 960px\" \/><\/a><br \/>\n<strong>Come \u00e8 noto, la prima &#8220;cosa da fare&#8221; \u00e8 decidere quando venire<\/strong>. I ponti di primavera, insieme alla Pasqua (vd. sotto), sono un&#8217;occasione da non perdere. Non c&#8217;\u00e8 ancora grande folla e, rispetto a tutto quanto detto all&#8217;inizio, c&#8217;\u00e8 da considerare un aspetto di non poco conto: la riapertura dei parchi termali.<\/p>\n<p><a href=\"https:\/\/www.ischia.campania.it\/index.php\/ischia-proposte-per-i-ponti-di-primavera\/\">Ischia: proposte per i ponti di primavera<\/a><\/p>\n<h3><strong>Pasqua<\/strong><\/h3>\n<p><a href=\"https:\/\/www.ischia.campania.it\/wp-content\/uploads\/2016\/02\/copertina-pasqua.jpg\"><img data-attachment-id=\"7262\" data-permalink=\"https:\/\/www.ischia.campania.it\/index.php\/cosa-fotografare-a-ischia\/copertina-pasqua\/\" data-orig-file=\"https:\/\/www.ischia.campania.it\/wp-content\/uploads\/2016\/02\/copertina-pasqua.jpg\" data-orig-size=\"960,340\" data-comments-opened=\"1\" data-image-meta=\"{&quot;aperture&quot;:&quot;0&quot;,&quot;credit&quot;:&quot;&quot;,&quot;camera&quot;:&quot;&quot;,&quot;caption&quot;:&quot;&quot;,&quot;created_timestamp&quot;:&quot;0&quot;,&quot;copyright&quot;:&quot;&quot;,&quot;focal_length&quot;:&quot;0&quot;,&quot;iso&quot;:&quot;0&quot;,&quot;shutter_speed&quot;:&quot;0&quot;,&quot;title&quot;:&quot;&quot;,&quot;orientation&quot;:&quot;0&quot;}\" data-image-title=\"copertina-pasqua\" data-image-description=\"\" data-image-caption=\"\" data-medium-file=\"https:\/\/www.ischia.campania.it\/wp-content\/uploads\/2016\/02\/copertina-pasqua-446x158.jpg\" data-large-file=\"https:\/\/www.ischia.campania.it\/wp-content\/uploads\/2016\/02\/copertina-pasqua.jpg\" loading=\"lazy\" class=\"alignnone size-full wp-image-7262\" src=\"https:\/\/www.ischia.campania.it\/wp-content\/uploads\/2016\/02\/copertina-pasqua.jpg\" alt=\"\" width=\"960\" height=\"340\" srcset=\"https:\/\/www.ischia.campania.it\/wp-content\/uploads\/2016\/02\/copertina-pasqua.jpg 960w, https:\/\/www.ischia.campania.it\/wp-content\/uploads\/2016\/02\/copertina-pasqua-446x158.jpg 446w, https:\/\/www.ischia.campania.it\/wp-content\/uploads\/2016\/02\/copertina-pasqua-557x198.jpg 557w\" sizes=\"(max-width: 960px) 100vw, 960px\" \/><\/a><br \/>\n<strong>Anche la settimana pasquale \u00e8 un ottimo periodo per una vacanza primaverile a Ischia<\/strong>. Dal Gioved\u00ec Santo al Luned\u00ec Albis l&#8217;isola vive momenti di grande trasporto popolare. Forme di devozione, in qualche caso antichissime, che funzionano anche da ottimo richiamo turistico.<\/p>\n<p><a href=\"https:\/\/www.ischia.campania.it\/index.php\/pasqua-a-ischia-tradizioni-folclore-e-buon-cibo\/\">Pasqua a Ischia: tradizioni, folclore e buon cibo<\/a><\/p>\n<h3><strong>Trekking<\/strong><\/h3>\n<p><a href=\"https:\/\/www.ischia.campania.it\/wp-content\/uploads\/2015\/05\/copertina-sentieri.jpg\"><img data-attachment-id=\"5863\" data-permalink=\"https:\/\/www.ischia.campania.it\/index.php\/10-cose-da-fare-a-ischia-in-primavera\/copertina-sentieri\/\" data-orig-file=\"https:\/\/www.ischia.campania.it\/wp-content\/uploads\/2015\/05\/copertina-sentieri.jpg\" data-orig-size=\"960,340\" data-comments-opened=\"1\" data-image-meta=\"{&quot;aperture&quot;:&quot;0&quot;,&quot;credit&quot;:&quot;&quot;,&quot;camera&quot;:&quot;&quot;,&quot;caption&quot;:&quot;&quot;,&quot;created_timestamp&quot;:&quot;0&quot;,&quot;copyright&quot;:&quot;&quot;,&quot;focal_length&quot;:&quot;0&quot;,&quot;iso&quot;:&quot;0&quot;,&quot;shutter_speed&quot;:&quot;0&quot;,&quot;title&quot;:&quot;&quot;,&quot;orientation&quot;:&quot;0&quot;}\" data-image-title=\"copertina-sentieri\" data-image-description=\"\" data-image-caption=\"\" data-medium-file=\"https:\/\/www.ischia.campania.it\/wp-content\/uploads\/2015\/05\/copertina-sentieri-446x158.jpg\" data-large-file=\"https:\/\/www.ischia.campania.it\/wp-content\/uploads\/2015\/05\/copertina-sentieri.jpg\" loading=\"lazy\" class=\"alignnone size-full wp-image-5863\" src=\"https:\/\/www.ischia.campania.it\/wp-content\/uploads\/2015\/05\/copertina-sentieri.jpg\" alt=\"\" width=\"960\" height=\"340\" srcset=\"https:\/\/www.ischia.campania.it\/wp-content\/uploads\/2015\/05\/copertina-sentieri.jpg 960w, https:\/\/www.ischia.campania.it\/wp-content\/uploads\/2015\/05\/copertina-sentieri-446x158.jpg 446w, https:\/\/www.ischia.campania.it\/wp-content\/uploads\/2015\/05\/copertina-sentieri-557x198.jpg 557w\" sizes=\"(max-width: 960px) 100vw, 960px\" \/><\/a><br \/>\n<strong>Il trekking \u00e8 un segmento turistico in forte ascesa<\/strong>. L&#8217;isola vanta diversi itinerari escursionistici, molti pi\u00f9 di quelli che ci si aspetterebbe da un territorio di appena 46 kmq. Un buon modo per scoprire la grande natura di Ischia \u00e8 partecipare ad &#8220;Andar per sentieri&#8221;, fortunata manifestazione che si svolge ogni anno tra aprile e maggio. Ovviamente nulla vieta di concedersi bellissime escursioni in giro per l&#8217;isola anche autonomamente, a prescindere dall&#8217;evento. Perci\u00f2, insieme al costume, non dimenticare di mettere in valigia abbigliamento tecnico e scarpe da trekking. Non te ne pentirai!<\/p>\n<p><a href=\"https:\/\/www.ischia.campania.it\/index.php\/ischia-andar-per-sentieri-scopri-lisola-a-piedi\/\">Ischia, Andar per sentieri: scopri l&#8217;isola a piedi<\/a><\/p>\n<h3><strong>Passeggiate<\/strong><\/h3>\n<p><a href=\"https:\/\/www.ischia.campania.it\/wp-content\/uploads\/2014\/10\/copertina-passeggiate.jpg\"><img data-attachment-id=\"4686\" data-permalink=\"https:\/\/www.ischia.campania.it\/index.php\/10-cose-da-fare-a-ischia-in-primavera\/copertina-passeggiate\/\" data-orig-file=\"https:\/\/www.ischia.campania.it\/wp-content\/uploads\/2014\/10\/copertina-passeggiate.jpg\" data-orig-size=\"960,340\" data-comments-opened=\"1\" data-image-meta=\"{&quot;aperture&quot;:&quot;0&quot;,&quot;credit&quot;:&quot;&quot;,&quot;camera&quot;:&quot;&quot;,&quot;caption&quot;:&quot;&quot;,&quot;created_timestamp&quot;:&quot;0&quot;,&quot;copyright&quot;:&quot;&quot;,&quot;focal_length&quot;:&quot;0&quot;,&quot;iso&quot;:&quot;0&quot;,&quot;shutter_speed&quot;:&quot;0&quot;,&quot;title&quot;:&quot;&quot;,&quot;orientation&quot;:&quot;0&quot;}\" data-image-title=\"copertina-passeggiate\" data-image-description=\"\" data-image-caption=\"\" data-medium-file=\"https:\/\/www.ischia.campania.it\/wp-content\/uploads\/2014\/10\/copertina-passeggiate-446x157.jpg\" data-large-file=\"https:\/\/www.ischia.campania.it\/wp-content\/uploads\/2014\/10\/copertina-passeggiate.jpg\" loading=\"lazy\" class=\"alignnone size-full wp-image-4686\" src=\"https:\/\/www.ischia.campania.it\/wp-content\/uploads\/2014\/10\/copertina-passeggiate.jpg\" alt=\"\" width=\"960\" height=\"340\" srcset=\"https:\/\/www.ischia.campania.it\/wp-content\/uploads\/2014\/10\/copertina-passeggiate.jpg 960w, https:\/\/www.ischia.campania.it\/wp-content\/uploads\/2014\/10\/copertina-passeggiate-446x157.jpg 446w, https:\/\/www.ischia.campania.it\/wp-content\/uploads\/2014\/10\/copertina-passeggiate-557x198.jpg 557w\" sizes=\"(max-width: 960px) 100vw, 960px\" \/><\/a><br \/>\n<strong>Scarpe comode a Ischia servono sempre<\/strong>. Anche a chi, alle pi\u00f9 faticose escursioni in montagna, preferisce andare in giro a passeggio. Ischia, infatti, \u00e8 un&#8217;isola per camminatori. L&#8217;abbondanza di scorci naturalistici e dettagli architettonici \u00e8 qualcosa di cui non ci si annoia mai. Approfittane!<\/p>\n<p><a href=\"https:\/\/www.ischia.campania.it\/index.php\/le-5-passeggiate-piu-belle-da-fare-a-ischia\/\">Le 5 passeggiate pi\u00f9 belle da fare a Ischia<\/a><\/p>\n<h3><strong>Parchi botanici<\/strong><\/h3>\n<p><a href=\"https:\/\/www.ischia.campania.it\/wp-content\/uploads\/2015\/11\/copertina-mortella-inverno.jpg\"><img data-attachment-id=\"6889\" data-permalink=\"https:\/\/www.ischia.campania.it\/index.php\/10-cose-da-fare-a-ischia-in-primavera\/copertina-mortella-inverno\/\" data-orig-file=\"https:\/\/www.ischia.campania.it\/wp-content\/uploads\/2015\/11\/copertina-mortella-inverno.jpg\" data-orig-size=\"960,340\" data-comments-opened=\"1\" data-image-meta=\"{&quot;aperture&quot;:&quot;0&quot;,&quot;credit&quot;:&quot;&quot;,&quot;camera&quot;:&quot;&quot;,&quot;caption&quot;:&quot;&quot;,&quot;created_timestamp&quot;:&quot;0&quot;,&quot;copyright&quot;:&quot;&quot;,&quot;focal_length&quot;:&quot;0&quot;,&quot;iso&quot;:&quot;0&quot;,&quot;shutter_speed&quot;:&quot;0&quot;,&quot;title&quot;:&quot;&quot;,&quot;orientation&quot;:&quot;0&quot;}\" data-image-title=\"copertina-mortella-inverno\" data-image-description=\"\" data-image-caption=\"\" data-medium-file=\"https:\/\/www.ischia.campania.it\/wp-content\/uploads\/2015\/11\/copertina-mortella-inverno-446x158.jpg\" data-large-file=\"https:\/\/www.ischia.campania.it\/wp-content\/uploads\/2015\/11\/copertina-mortella-inverno.jpg\" loading=\"lazy\" class=\"alignnone size-full wp-image-6889\" src=\"https:\/\/www.ischia.campania.it\/wp-content\/uploads\/2015\/11\/copertina-mortella-inverno.jpg\" alt=\"\" width=\"960\" height=\"340\" srcset=\"https:\/\/www.ischia.campania.it\/wp-content\/uploads\/2015\/11\/copertina-mortella-inverno.jpg 960w, https:\/\/www.ischia.campania.it\/wp-content\/uploads\/2015\/11\/copertina-mortella-inverno-446x158.jpg 446w, https:\/\/www.ischia.campania.it\/wp-content\/uploads\/2015\/11\/copertina-mortella-inverno-557x198.jpg 557w\" sizes=\"(max-width: 960px) 100vw, 960px\" \/><\/a><br \/>\n<strong>Oltre ai parchi termali in primavera riaprono anche i parchi botanici<\/strong>. A Forio ci sono i bellissimi Giardini La Mortella, unanimemente riconosciuti come uno dei parchi botanici pi\u00f9 belli d&#8217;Italia. A Lacco Ameno, invece, c&#8217;\u00e8 il Negombo che, oltre a essere un accorsato parco termale, dispone di un bellissimo giardino a balze. Non a caso, proprio al Negombo si tiene a maggio una manifestazione di grande interesse: Ipomea, mostra-mercato di piante rare ed inconsuete della fascia temperata calda. Insomma, se oltre ad amare la natura hai anche il &#8220;pollice verde&#8221; Ischia \u00e8 decisamente il posto giusto per te!<\/p>\n<p><a href=\"https:\/\/www.ischia.campania.it\/index.php\/giardini-la-mortella\/\">Giardini La Mortella<\/a><br \/>\n<a href=\"https:\/\/www.ischia.campania.it\/index.php\/ischia-green-ipomea-mostra-mercato-di-piante-rare-al-negombo\/\">Ischia Green: \u201cIpomea\u201d mostra mercato di piante rare al Negombo<\/a><\/p>\n<h3><strong>Sorgeto<\/strong><\/h3>\n<p><a href=\"https:\/\/www.ischia.campania.it\/wp-content\/uploads\/2018\/02\/IMG_3961.jpg\"><img data-attachment-id=\"8794\" data-permalink=\"https:\/\/www.ischia.campania.it\/index.php\/10-cose-da-fare-a-ischia-in-primavera\/img_3961-2\/\" data-orig-file=\"https:\/\/www.ischia.campania.it\/wp-content\/uploads\/2018\/02\/IMG_3961.jpg\" data-orig-size=\"959,343\" data-comments-opened=\"1\" data-image-meta=\"{&quot;aperture&quot;:&quot;0&quot;,&quot;credit&quot;:&quot;&quot;,&quot;camera&quot;:&quot;&quot;,&quot;caption&quot;:&quot;&quot;,&quot;created_timestamp&quot;:&quot;0&quot;,&quot;copyright&quot;:&quot;&quot;,&quot;focal_length&quot;:&quot;0&quot;,&quot;iso&quot;:&quot;0&quot;,&quot;shutter_speed&quot;:&quot;0&quot;,&quot;title&quot;:&quot;&quot;,&quot;orientation&quot;:&quot;0&quot;}\" data-image-title=\"IMG_3961\" data-image-description=\"\" data-image-caption=\"\" data-medium-file=\"https:\/\/www.ischia.campania.it\/wp-content\/uploads\/2018\/02\/IMG_3961-446x160.jpg\" data-large-file=\"https:\/\/www.ischia.campania.it\/wp-content\/uploads\/2018\/02\/IMG_3961.jpg\" loading=\"lazy\" class=\"alignnone size-full wp-image-8794\" src=\"https:\/\/www.ischia.campania.it\/wp-content\/uploads\/2018\/02\/IMG_3961.jpg\" alt=\"\" width=\"959\" height=\"343\" srcset=\"https:\/\/www.ischia.campania.it\/wp-content\/uploads\/2018\/02\/IMG_3961.jpg 959w, https:\/\/www.ischia.campania.it\/wp-content\/uploads\/2018\/02\/IMG_3961-446x160.jpg 446w, https:\/\/www.ischia.campania.it\/wp-content\/uploads\/2018\/02\/IMG_3961-768x275.jpg 768w, https:\/\/www.ischia.campania.it\/wp-content\/uploads\/2018\/02\/IMG_3961-557x198.jpg 557w\" sizes=\"(max-width: 959px) 100vw, 959px\" \/><\/a><br \/>\n<strong>La premessa \u00e8 che a Sorgeto \u00e8 possibile fare il bagno anche in inverno<\/strong>. Ovviamente in primavera \u00e8 molto pi\u00f9 gradevole. C&#8217;\u00e8 chi addirittura preferisce frequentare la localit\u00e0 in questo periodo dell&#8217;anno prima dell&#8217;inevitabile calca estiva. Da fare!<\/p>\n<p><a href=\"https:\/\/www.ischia.campania.it\/index.php\/la-baia-di-sorgeto-e-la-discesa-al-paradiso\/\">La Baia di Sorgeto e\u2026 la discesa al paradiso<\/a><\/p>\n<h3><strong>Parchi termali<\/strong><\/h3>\n<p><a href=\"https:\/\/www.ischia.campania.it\/wp-content\/uploads\/2018\/02\/DSC02748.jpg\"><img data-attachment-id=\"8795\" data-permalink=\"https:\/\/www.ischia.campania.it\/index.php\/10-cose-da-fare-a-ischia-in-primavera\/dsc02748-2\/\" data-orig-file=\"https:\/\/www.ischia.campania.it\/wp-content\/uploads\/2018\/02\/DSC02748.jpg\" data-orig-size=\"959,345\" data-comments-opened=\"1\" data-image-meta=\"{&quot;aperture&quot;:&quot;0&quot;,&quot;credit&quot;:&quot;&quot;,&quot;camera&quot;:&quot;&quot;,&quot;caption&quot;:&quot;&quot;,&quot;created_timestamp&quot;:&quot;0&quot;,&quot;copyright&quot;:&quot;&quot;,&quot;focal_length&quot;:&quot;0&quot;,&quot;iso&quot;:&quot;0&quot;,&quot;shutter_speed&quot;:&quot;0&quot;,&quot;title&quot;:&quot;&quot;,&quot;orientation&quot;:&quot;0&quot;}\" data-image-title=\"DSC02748\" data-image-description=\"\" data-image-caption=\"\" data-medium-file=\"https:\/\/www.ischia.campania.it\/wp-content\/uploads\/2018\/02\/DSC02748-446x160.jpg\" data-large-file=\"https:\/\/www.ischia.campania.it\/wp-content\/uploads\/2018\/02\/DSC02748.jpg\" loading=\"lazy\" class=\"alignnone size-full wp-image-8795\" src=\"https:\/\/www.ischia.campania.it\/wp-content\/uploads\/2018\/02\/DSC02748.jpg\" alt=\"\" width=\"959\" height=\"345\" srcset=\"https:\/\/www.ischia.campania.it\/wp-content\/uploads\/2018\/02\/DSC02748.jpg 959w, https:\/\/www.ischia.campania.it\/wp-content\/uploads\/2018\/02\/DSC02748-446x160.jpg 446w, https:\/\/www.ischia.campania.it\/wp-content\/uploads\/2018\/02\/DSC02748-768x276.jpg 768w\" sizes=\"(max-width: 959px) 100vw, 959px\" \/><\/a><br \/>\n<strong>A Pasqua aprono anche i parchi termali<\/strong>. Perci\u00f2 che si tratti di uno dei tre ponti su menzionati, della settimana santa o di un qualsiasi altro weekend di aprile e maggio, guai a non trascorrere una giornata in uno a scelta tra Poseidon (Forio), Negombo (Lacco Ameno), Castiglione (Casamicciola) e Aphrodite-Apollon (Sant&#8217;Angelo). L&#8217;ingresso si aggira sui 30 euro (pasti esclusi) ma ne vale assolutamente la pena!<\/p>\n<p><a href=\"https:\/\/www.ischia.campania.it\/index.php\/i-giardini-poseidon-terme\/\" target=\"_blank\" rel=\"noopener noreferrer\">I Giardini Poseidon Terme<\/a><br \/>\n<a href=\"https:\/\/www.ischia.campania.it\/index.php\/il-negombo-terme-e-natura\/\" target=\"_blank\" rel=\"noopener noreferrer\">Il Negombo, terme e natura<\/a><br \/>\n<a href=\"https:\/\/www.ischia.campania.it\/index.php\/il-parco-oasi-castiglione-di-casamicciola-terme\/\" target=\"_blank\" rel=\"noopener noreferrer\">Il parco Oasi Castiglione di Casamicciola<\/a><\/p>\n<h3><strong>Castello aragonese<\/strong><\/h3>\n<p><a href=\"https:\/\/www.ischia.campania.it\/wp-content\/uploads\/2018\/01\/ischia-castello-crepuscolo.jpg\"><img data-attachment-id=\"8752\" data-permalink=\"https:\/\/www.ischia.campania.it\/index.php\/10-cose-da-fare-a-ischia-in-primavera\/ischia-castello-crepuscolo\/\" data-orig-file=\"https:\/\/www.ischia.campania.it\/wp-content\/uploads\/2018\/01\/ischia-castello-crepuscolo.jpg\" data-orig-size=\"960,340\" data-comments-opened=\"1\" data-image-meta=\"{&quot;aperture&quot;:&quot;0&quot;,&quot;credit&quot;:&quot;&quot;,&quot;camera&quot;:&quot;&quot;,&quot;caption&quot;:&quot;&quot;,&quot;created_timestamp&quot;:&quot;0&quot;,&quot;copyright&quot;:&quot;&quot;,&quot;focal_length&quot;:&quot;0&quot;,&quot;iso&quot;:&quot;0&quot;,&quot;shutter_speed&quot;:&quot;0&quot;,&quot;title&quot;:&quot;&quot;,&quot;orientation&quot;:&quot;0&quot;}\" data-image-title=\"ischia-castello-crepuscolo\" data-image-description=\"\" data-image-caption=\"\" data-medium-file=\"https:\/\/www.ischia.campania.it\/wp-content\/uploads\/2018\/01\/ischia-castello-crepuscolo-446x158.jpg\" data-large-file=\"https:\/\/www.ischia.campania.it\/wp-content\/uploads\/2018\/01\/ischia-castello-crepuscolo.jpg\" loading=\"lazy\" class=\"alignnone size-full wp-image-8752\" src=\"https:\/\/www.ischia.campania.it\/wp-content\/uploads\/2018\/01\/ischia-castello-crepuscolo.jpg\" alt=\"\" width=\"960\" height=\"340\" srcset=\"https:\/\/www.ischia.campania.it\/wp-content\/uploads\/2018\/01\/ischia-castello-crepuscolo.jpg 960w, https:\/\/www.ischia.campania.it\/wp-content\/uploads\/2018\/01\/ischia-castello-crepuscolo-446x158.jpg 446w, https:\/\/www.ischia.campania.it\/wp-content\/uploads\/2018\/01\/ischia-castello-crepuscolo-768x272.jpg 768w, https:\/\/www.ischia.campania.it\/wp-content\/uploads\/2018\/01\/ischia-castello-crepuscolo-557x198.jpg 557w\" sizes=\"(max-width: 960px) 100vw, 960px\" \/><\/a><br \/>\n<strong>Tra le cose da fare in primavera a Ischia c&#8217;\u00e8 anche una visita al Castello aragonese<\/strong>. In realt\u00e0 il consiglio vale sempre, indipendentemente dal periodo dell&#8217;anno ma &#8211; come abbiamo detto all&#8217;inizio &#8211; la primavera ammanta di una luce nuova le bellezze dell&#8217;isola. Perci\u00f2 godersi il panorama di Ischia Ponte da una delle terrazze del maniero di Alfonso V d&#8217;Aragona \u00e8 un&#8217;esperienza assolutamente da non perdere!<\/p>\n<p><a href=\"https:\/\/www.ischia.campania.it\/index.php\/sopra-e-sotto-il-mare-natura-e-storia-del-castello-aragonese\/\">Sopra e sotto il mare. Natura e storia del Castello aragonese<\/a><\/p>\n<h3><strong>Giro dell&#8217;isola via mare<\/strong><\/h3>\n<p><a href=\"https:\/\/www.ischia.campania.it\/wp-content\/uploads\/2017\/03\/copertina-aprile.jpg\"><img data-attachment-id=\"8114\" data-permalink=\"https:\/\/www.ischia.campania.it\/index.php\/10-cose-da-fare-a-ischia-in-primavera\/copertina-aprile\/\" data-orig-file=\"https:\/\/www.ischia.campania.it\/wp-content\/uploads\/2017\/03\/copertina-aprile.jpg\" data-orig-size=\"960,340\" data-comments-opened=\"1\" data-image-meta=\"{&quot;aperture&quot;:&quot;0&quot;,&quot;credit&quot;:&quot;&quot;,&quot;camera&quot;:&quot;&quot;,&quot;caption&quot;:&quot;&quot;,&quot;created_timestamp&quot;:&quot;0&quot;,&quot;copyright&quot;:&quot;&quot;,&quot;focal_length&quot;:&quot;0&quot;,&quot;iso&quot;:&quot;0&quot;,&quot;shutter_speed&quot;:&quot;0&quot;,&quot;title&quot;:&quot;&quot;,&quot;orientation&quot;:&quot;0&quot;}\" data-image-title=\"copertina-aprile\" data-image-description=\"\" data-image-caption=\"\" data-medium-file=\"https:\/\/www.ischia.campania.it\/wp-content\/uploads\/2017\/03\/copertina-aprile-446x158.jpg\" data-large-file=\"https:\/\/www.ischia.campania.it\/wp-content\/uploads\/2017\/03\/copertina-aprile.jpg\" loading=\"lazy\" class=\"alignnone size-full wp-image-8114\" src=\"https:\/\/www.ischia.campania.it\/wp-content\/uploads\/2017\/03\/copertina-aprile.jpg\" alt=\"\" width=\"960\" height=\"340\" srcset=\"https:\/\/www.ischia.campania.it\/wp-content\/uploads\/2017\/03\/copertina-aprile.jpg 960w, https:\/\/www.ischia.campania.it\/wp-content\/uploads\/2017\/03\/copertina-aprile-446x158.jpg 446w, https:\/\/www.ischia.campania.it\/wp-content\/uploads\/2017\/03\/copertina-aprile-768x272.jpg 768w, https:\/\/www.ischia.campania.it\/wp-content\/uploads\/2017\/03\/copertina-aprile-557x198.jpg 557w\" sizes=\"(max-width: 960px) 100vw, 960px\" \/><\/a><br \/>\n<strong>In primavera ricominciano anche i giri dell&#8217;isola via mare<\/strong>. Diverse le compagnie che effettuano quest&#8217;escursione marittima con partenza da tutti i porti dell&#8217;isola (Ischia, Casamicciola, Lacco Ameno e Forio). Un&#8217;esperienza assolutamente consigliata per apprezzare il mutevole paesaggio costiero di Ischia. Dalle falesie alte della costa sud-occidentale, ai litorali pi\u00f9 bassi del versante settentrionale. Attenzione a non dimenticare la macchina fotografica!<\/p>\n<p><a href=\"https:\/\/www.ischia.campania.it\/index.php\/un-breve-giro-dell-isola\/\">Giro dell&#8217;isola d&#8217;Ischia via mare<\/a><\/p>\n<h3><strong>I dintorni<\/strong><\/h3>\n<p><a href=\"https:\/\/www.ischia.campania.it\/wp-content\/uploads\/2014\/09\/copertina-capri.jpg\"><img data-attachment-id=\"4570\" data-permalink=\"https:\/\/www.ischia.campania.it\/index.php\/10-cose-da-fare-a-ischia-in-primavera\/copertina-capri\/\" data-orig-file=\"https:\/\/www.ischia.campania.it\/wp-content\/uploads\/2014\/09\/copertina-capri.jpg\" data-orig-size=\"960,340\" data-comments-opened=\"1\" data-image-meta=\"{&quot;aperture&quot;:&quot;0&quot;,&quot;credit&quot;:&quot;&quot;,&quot;camera&quot;:&quot;&quot;,&quot;caption&quot;:&quot;&quot;,&quot;created_timestamp&quot;:&quot;0&quot;,&quot;copyright&quot;:&quot;&quot;,&quot;focal_length&quot;:&quot;0&quot;,&quot;iso&quot;:&quot;0&quot;,&quot;shutter_speed&quot;:&quot;0&quot;,&quot;title&quot;:&quot;&quot;}\" data-image-title=\"copertina-capri\" data-image-description=\"\" data-image-caption=\"\" data-medium-file=\"https:\/\/www.ischia.campania.it\/wp-content\/uploads\/2014\/09\/copertina-capri-446x157.jpg\" data-large-file=\"https:\/\/www.ischia.campania.it\/wp-content\/uploads\/2014\/09\/copertina-capri.jpg\" loading=\"lazy\" class=\"alignnone size-full wp-image-4570\" src=\"https:\/\/www.ischia.campania.it\/wp-content\/uploads\/2014\/09\/copertina-capri.jpg\" alt=\"\" width=\"960\" height=\"340\" srcset=\"https:\/\/www.ischia.campania.it\/wp-content\/uploads\/2014\/09\/copertina-capri.jpg 960w, https:\/\/www.ischia.campania.it\/wp-content\/uploads\/2014\/09\/copertina-capri-446x157.jpg 446w, https:\/\/www.ischia.campania.it\/wp-content\/uploads\/2014\/09\/copertina-capri-557x198.jpg 557w\" sizes=\"(max-width: 960px) 100vw, 960px\" \/><\/a><br \/>\n<strong>Da quanto scritto finora \u00e8 evidente come la Pasqua rappresenti per Ischia lo &#8220;start&#8221; della stagione turistica<\/strong>. E, con l&#8217;inizio della stagione turistica, riprendono anche i collegamenti giornalieri con Capri e Sorrento. Quelli, invece, con Procida e Napoli sono garantiti tutto l&#8217;anno. Perci\u00f2, se avanza tempo (magari il soggiorno \u00e8 pi\u00f9 lungo dello spazio di un weekend) una gita fuori porta alla scoperta di una delle meraviglie del Golfo di Napoli non \u00e8 affatto una cattiva idea. Pensaci!<\/p>\n<p><a href=\"https:\/\/www.ischia.campania.it\/index.php\/ischia-e-dintorni-escursioni-a-procida-capri-pompei-amalfi-e-vesuvio\/\">Ischia e dintorni. Escursioni a Procida, Capri, Pompei, Amalfi e Vesuvio<\/a><\/p>\n<h3><em><strong>Potrebbe interessare anche<\/strong><\/em><\/h3>\n<p><a href=\"https:\/\/www.ischia.campania.it\/index.php\/la-primavera-a-ischia-in-10-immagini-spettacolari\/\">La primavera a Ischia in 10 immagini spettacolari<\/a><\/p>\n","protected":false},"excerpt":{"rendered":"<p>Secondo molti marzo, aprile e maggio sono i mesi migliori per un viaggio a Ischia. A differenza dell&#8217;estate, infatti, ci si muove con maggiore facilit\u00e0, aiutati da un clima benevolo che riscalda senza soffocare. Anche la luce \u00e8 diversa. Il progressivo allungamento delle giornate esalta i colori di Ischia. Sia i colori pastello delle abitazioni [&hellip;]<\/p>\n","protected":false},"author":2,"featured_media":3838,"comment_status":"open","ping_status":"closed","sticky":false,"template":"","format":"standard","meta":{"_et_pb_use_builder":"","_et_pb_old_content":"","_et_gb_content_width":"","_monsterinsights_skip_tracking":false,"_monsterinsights_sitenote_active":false,"_monsterinsights_sitenote_note":"","_monsterinsights_sitenote_category":0,"spay_email":""},"categories":[21,1],"tags":[],"jetpack_featured_media_url":"https:\/\/www.ischia.campania.it\/wp-content\/uploads\/2014\/05\/copertina-san-montano.jpg","jetpack_shortlink":"https:\/\/wp.me\/p3yuov-2hP","jetpack_sharing_enabled":true,"_links":{"self":[{"href":"https:\/\/www.ischia.campania.it\/index.php\/wp-json\/wp\/v2\/posts\/8793"}],"collection":[{"href":"https:\/\/www.ischia.campania.it\/index.php\/wp-json\/wp\/v2\/posts"}],"about":[{"href":"https:\/\/www.ischia.campania.it\/index.php\/wp-json\/wp\/v2\/types\/post"}],"author":[{"embeddable":true,"href":"https:\/\/www.ischia.campania.it\/index.php\/wp-json\/wp\/v2\/users\/2"}],"replies":[{"embeddable":true,"href":"https:\/\/www.ischia.campania.it\/index.php\/wp-json\/wp\/v2\/comments?post=8793"}],"version-history":[{"count":13,"href":"https:\/\/www.ischia.campania.it\/index.php\/wp-json\/wp\/v2\/posts\/8793\/revisions"}],"predecessor-version":[{"id":8810,"href":"https:\/\/www.ischia.campania.it\/index.php\/wp-json\/wp\/v2\/posts\/8793\/revisions\/8810"}],"wp:featuredmedia":[{"embeddable":true,"href":"https:\/\/www.ischia.campania.it\/index.php\/wp-json\/wp\/v2\/media\/3838"}],"wp:attachment":[{"href":"https:\/\/www.ischia.campania.it\/index.php\/wp-json\/wp\/v2\/media?parent=8793"}],"wp:term":[{"taxonomy":"category","embeddable":true,"href":"https:\/\/www.ischia.campania.it\/index.php\/wp-json\/wp\/v2\/categories?post=8793"},{"taxonomy":"post_tag","embeddable":true,"href":"https:\/\/www.ischia.campania.it\/index.php\/wp-json\/wp\/v2\/tags?post=8793"}],"curies":[{"name":"wp","href":"https:\/\/api.w.org\/{rel}","templated":true}]}}