{"id":9356,"date":"2023-09-28T14:20:24","date_gmt":"2023-09-28T12:20:24","guid":{"rendered":"https:\/\/www.ischia.campania.it\/?p=9356"},"modified":"2023-11-10T15:50:08","modified_gmt":"2023-11-10T14:50:08","slug":"teatro-del-gusto-a-ischia-il-festival-della-cultura-alimentare-indipendente","status":"publish","type":"post","link":"https:\/\/www.ischia.campania.it\/index.php\/teatro-del-gusto-a-ischia-il-festival-della-cultura-alimentare-indipendente\/","title":{"rendered":"Teatro del Gusto a Ischia, il Festival della cultura alimentare indipendente"},"content":{"rendered":"<div id=\"itiner-social\" style=\"padding: 5px 0; float:left; width:100%;\"><a href=\"https:\/\/twitter.com\/share\" class=\"twitter-share-button\" data-url=\"https:\/\/www.ischia.campania.it\/index.php\/teatro-del-gusto-a-ischia-il-festival-della-cultura-alimentare-indipendente\/\" data-text=\"ItinerSocial\" data-count=\"horizontal\" data-via=\"ItinerSocial\" style=\"flaot:left;margin: 0 10px\"><\/a><div class=\"fb-like\" data-href=\"https:\/\/www.ischia.campania.it\/index.php\/teatro-del-gusto-a-ischia-il-festival-della-cultura-alimentare-indipendente\/\" data-layout=\"button_count\" data-send=\"false\" data-show-faces=\"false\" data-width=\"90\" style=\"flaot:left;margin: 0 10px\"><\/div><div class=\"g-plusone\" data-annotation=\"inline\" data-href=\"https:\/\/www.ischia.campania.it\/index.php\/teatro-del-gusto-a-ischia-il-festival-della-cultura-alimentare-indipendente\/\" data-size=\"medium\" data-width=\"120\" style=\"flaot:left;margin: 0 10px\"><\/div><\/div>\n<p>Il Teatro del Gusto \u00e8 un <strong>festival <\/strong>che si svolge a Ischia <strong>dedicato alla cultura alimentare indipendente<\/strong>. \u201cNaturale, tradizionale e innovativo\u201d sono gli aggettivi che profilano i macrotemi di tre giornate dedicate alle materie prime, agli assaggi e ai workshop sulla cultura del bere e dei sapori.<\/p>\n\n\n\n<p>Non la solita <strong>fiera enogastronomica<\/strong>, quindi, e non solo esposizioni, stand e degustazioni, ma anche <strong>divulgazione<\/strong> storico-culturale, <strong>laboratori<\/strong> e <strong>spettacoli<\/strong>.<\/p>\n\n\n\n<p>La prima edizione di questo <strong>evento biennale<\/strong>, che si \u00e8 svolta il 5, il 6 e il 7 novembre 2021 presso il Teatro del Polifunzionale, \u00e8 stata ideata dalla giornalista Annamaria Punzo come spazio d\u2019espressione creativo dedicato al mondo enogastronomico.<\/p>\n\n\n\n<p>Attraverso l\u2019arte scenica e musicale, l\u2019enogastronomia viene studiata e riproposta anche nei suoi <strong>aspetti sociali e antropologici<\/strong>, come nella cena teatralizzata finale in tre atti, con cinque chef e trentasei coperti.<\/p>\n\n\n\n<p>Conoscenza di prodotti naturali o biologici italiani, della tradizione, delle innovazioni agroalimentari e culinarie che trasformano, migliorandolo, il prodotto nei suoi diversi passaggi dalla terra alla tavola.<\/p>\n\n\n\n<p>L\u2019<strong>isola di Ischia<\/strong> \u00e8 la location ideale, <strong>terra fertile <\/strong>da cui far nascere spunti e riflessioni sulla cultura dell\u2019alimentazione e dove godere le degustazioni di vino e di prodotti naturali e\/o biologici.<\/p>\n\n\n\n<h2>Teatro del Gusto: II edizione &#8211; dicembre 2023<\/h2>\n\n\n\n<p>La II edizione di Teatro del Gusto si tiene a Ischia nei giorni <strong>8, 9 e 10 dicembre 2023<\/strong>, dalle ore 10:00 alle 16:00, ed \u00e8 dedicata ai <strong>produttori di vino<\/strong>, agli <strong>artigiani<\/strong>, agli <strong>apicoltori<\/strong>, ai <strong>contadini<\/strong>, agli amanti della terra e dei vini sinceri, ma anche agli <strong>artisti<\/strong>, ai professori e ai filosofi. \u00c8 \u201cl\u2019isola che si fa continente\u201d.<\/p>\n\n\n\n<p>Gli artigiani di prodotti enogastronomici, sia ischitani che provenienti da tutta Italia, hanno la possibilit\u00e0 di <strong>esporre<\/strong> le proprie produzioni, di <strong>confrontarsi <\/strong>tramite workshop, di <strong>formarsi<\/strong> partecipando alle conferenze organizzate, di <strong>condividere<\/strong> tra loro, con gli artisti partecipanti e con il pubblico, cultura.<\/p>\n\n\n\n<p><strong>Naturale, tradizionale, innovativo<\/strong>. Una giornata viene dedicata ai <strong>vini artigianali e naturali<\/strong>, una giornata al <strong>terroir dell\u2019isola <\/strong>principale dell\u2019arcipelago campano, ai vini locali e a quelli della Costiera Amalfitana, con un focus sulla vitivinicoltura eroica, <strong>degustazioni di vini di Ischia, <\/strong>una plenaria e musica popolare dal vivo, e un\u2019altra al confronto tra vignaioli e all\u2019aridocultura, con <strong>evento gastronomico<\/strong> (cena) serale.<\/p>\n\n\n\n<p>L&#8217;evento centrale della rassegna \u00e8 &#8220;<strong>Borgo in Scena<\/strong>&#8220;, programmato per il <strong>10 dicembre alle ore 13.00<\/strong>: si tratta di un happening collettivo che coinvolge l&#8217;intera comunit\u00e0 con il <strong>torneo di maniglia<\/strong>, il<strong> pranzo domenicale<\/strong> preparato dagli storici locali del Borgo di Celsa e l&#8217;<strong>esibizione<\/strong> del musicista e cantante napoletano <strong>Ciccio Merolla<\/strong>, specialista di ritmi etnici.<\/p>\n\n\n\n<p>Tra gli ospiti <strong>Matteo Gallello<\/strong>, laureato in Informatica umanistica e in Editoria e scrittura che si occupa di editoria e vino e specialmente della cultura vitivinicola del Mediterraneo; <strong>Maurizio Paolillo<\/strong>, redattore di PORTHOS &#8211; Trimestrale di Vino e Cultura e della Guida Slow Wine, collaboratore della Guida Vini Buoni d\u2019Italia e docente nei Corsi di formazione per sommelier per la F.I.S.A.R.; <strong>Iris Romano<\/strong>, sommelier; <strong>Raffaele Mirelli<\/strong>, direttore del festival internazionale \u201cLa Filosofia, il Castello e la Torre\u201d; <strong>Antonio Miccio<\/strong>, direttore dell\u2019Area Marina Protetta Regno di Nettuno e presidente nazionale dell\u2019AIDAP, l\u2019Associazione dei Dirigenti dei parchi e delle Aree Protette italiane; <strong>Doriano Mancusi<\/strong>, barman.<\/p>\n\n\n\n<p>Tra gli organizzatori, oltre ad <strong>Annamaria Punzo<\/strong>, Anna e Alessandro Buono delle <strong>Distillerie Aragonesi<\/strong>, Anna e Gennaro Manna della <strong>Tenuta del Cannavale<\/strong>, <strong>Giovanna Scibona<\/strong>, sommelier AIS, maestro assaggiatore ONAF, winewriter e divulgatrice del vino.<\/p>\n\n\n\n<p>Gioved\u00ec 21 settembre, presso le Distillerie Aragonesi, a Ischia Ponte, \u00e8 stata gi\u00e0 proposta la prima <strong>degustazione<\/strong> di vini artigianali (\u201c<strong>al buio<\/strong>\u201d), guidata da Matteo Gallello. All\u2019evento, denominato \u201cAffinit\u00e0-Divergenze. La Biancolella si confronta con i bianchi mediterranei\u201d, le etichette dei sei vini sono state svelate solo alla fine della sessione di assaggio.<\/p>\n\n\n\n<p><strong>Per partecipare<\/strong> si pu\u00f2 inviare un\u2019email all\u2019indirizzoinfo(<em>chiocciola)<\/em>teatrodelgusto.net specificando se si intende farlo da produttore (la quota di iscrizione alla fiera \u00e8 di 100 euro), come spettatore non isolano (\u00e8 acquistabile la formula abbonamento o l\u2019ingresso singolo) o come ischitano (abbonamento completo ai tre giorni di fiere e conferenze 20 euro escluse le degustazioni).<\/p>\n","protected":false},"excerpt":{"rendered":"<p>Il Teatro del Gusto \u00e8 un festival che si svolge a Ischia dedicato alla cultura alimentare indipendente. \u201cNaturale, tradizionale e innovativo\u201d sono gli aggettivi che profilano i macrotemi di tre giornate dedicate alle materie prime, agli assaggi e ai workshop sulla cultura del bere e dei sapori. Non la solita fiera enogastronomica, quindi, e non [&hellip;]<\/p>\n","protected":false},"author":1,"featured_media":9359,"comment_status":"open","ping_status":"closed","sticky":false,"template":"","format":"standard","meta":{"_et_pb_use_builder":"off","_et_pb_old_content":"","_et_gb_content_width":"","_monsterinsights_skip_tracking":false,"_monsterinsights_sitenote_active":false,"_monsterinsights_sitenote_note":"","_monsterinsights_sitenote_category":0,"spay_email":""},"categories":[21],"tags":[],"jetpack_featured_media_url":"https:\/\/www.ischia.campania.it\/wp-content\/uploads\/2023\/09\/teatro-gusto-ischia.jpg","jetpack_shortlink":"https:\/\/wp.me\/p3yuov-2qU","jetpack_sharing_enabled":true,"_links":{"self":[{"href":"https:\/\/www.ischia.campania.it\/index.php\/wp-json\/wp\/v2\/posts\/9356"}],"collection":[{"href":"https:\/\/www.ischia.campania.it\/index.php\/wp-json\/wp\/v2\/posts"}],"about":[{"href":"https:\/\/www.ischia.campania.it\/index.php\/wp-json\/wp\/v2\/types\/post"}],"author":[{"embeddable":true,"href":"https:\/\/www.ischia.campania.it\/index.php\/wp-json\/wp\/v2\/users\/1"}],"replies":[{"embeddable":true,"href":"https:\/\/www.ischia.campania.it\/index.php\/wp-json\/wp\/v2\/comments?post=9356"}],"version-history":[{"count":2,"href":"https:\/\/www.ischia.campania.it\/index.php\/wp-json\/wp\/v2\/posts\/9356\/revisions"}],"predecessor-version":[{"id":9375,"href":"https:\/\/www.ischia.campania.it\/index.php\/wp-json\/wp\/v2\/posts\/9356\/revisions\/9375"}],"wp:featuredmedia":[{"embeddable":true,"href":"https:\/\/www.ischia.campania.it\/index.php\/wp-json\/wp\/v2\/media\/9359"}],"wp:attachment":[{"href":"https:\/\/www.ischia.campania.it\/index.php\/wp-json\/wp\/v2\/media?parent=9356"}],"wp:term":[{"taxonomy":"category","embeddable":true,"href":"https:\/\/www.ischia.campania.it\/index.php\/wp-json\/wp\/v2\/categories?post=9356"},{"taxonomy":"post_tag","embeddable":true,"href":"https:\/\/www.ischia.campania.it\/index.php\/wp-json\/wp\/v2\/tags?post=9356"}],"curies":[{"name":"wp","href":"https:\/\/api.w.org\/{rel}","templated":true}]}}