{"id":9362,"date":"2023-10-05T17:29:38","date_gmt":"2023-10-05T15:29:38","guid":{"rendered":"https:\/\/www.ischia.campania.it\/?p=9362"},"modified":"2023-10-05T17:29:40","modified_gmt":"2023-10-05T15:29:40","slug":"festival-delle-scienze-a-procida","status":"publish","type":"post","link":"https:\/\/www.ischia.campania.it\/index.php\/festival-delle-scienze-a-procida\/","title":{"rendered":"Festival delle Scienze a Procida"},"content":{"rendered":"<div id=\"itiner-social\" style=\"padding: 5px 0; float:left; width:100%;\"><a href=\"https:\/\/twitter.com\/share\" class=\"twitter-share-button\" data-url=\"https:\/\/www.ischia.campania.it\/index.php\/festival-delle-scienze-a-procida\/\" data-text=\"ItinerSocial\" data-count=\"horizontal\" data-via=\"ItinerSocial\" style=\"flaot:left;margin: 0 10px\"><\/a><div class=\"fb-like\" data-href=\"https:\/\/www.ischia.campania.it\/index.php\/festival-delle-scienze-a-procida\/\" data-layout=\"button_count\" data-send=\"false\" data-show-faces=\"false\" data-width=\"90\" style=\"flaot:left;margin: 0 10px\"><\/div><div class=\"g-plusone\" data-annotation=\"inline\" data-href=\"https:\/\/www.ischia.campania.it\/index.php\/festival-delle-scienze-a-procida\/\" data-size=\"medium\" data-width=\"120\" style=\"flaot:left;margin: 0 10px\"><\/div><\/div>\n<p>Il <strong>Festival delle Scienze<\/strong> che si svolge a Procida \u00e8 una <strong>manifestazione scientifico-culturale <\/strong>di tre giorni dedicata alle scienze. Il Festival \u00e8 prodotto grazie al contributo della Regione Campania &#8211; Avviso INFEAS 2023 &#8211; Informazione educazione alla sostenibilit\u00e0 in Campania ed \u00e8 stato ideato dall\u2019associazione <strong>Centro Educazione Ambientale Isola di Procida<\/strong>.<\/p>\n\n\n\n<p>La prima edizione \u00e8 stata organizzata a novembre 2022 con gli esperti del CEAS dell\u2019<strong>APS Vivara<\/strong>, che hanno coinvolto con la pratica sul campo bambini e persone di ogni et\u00e0 per farli appassionare alla scienza in un contesto di conoscenza e contemplazione della natura in tutti i suoi aspetti.<\/p>\n\n\n\n<h2>Procida, II edizione del Festival delle Scienze (2023)<\/h2>\n\n\n\n<p>La <strong>seconda edizione <\/strong>del Festival delle Scienze a Procida si tiene <strong>venerd\u00ec 6, sabato 7 e domenica 8 ottobre<\/strong> e prevede<strong> percorsi sul territorio<\/strong> con momenti di approfondimento e creazione, pensati per essere condivisi tra persone di ogni et\u00e0, e una <strong>festa in piazza <\/strong>con stand ed esperimenti.<\/p>\n\n\n\n<p>La partecipazione ai cosiddetti \u201c<strong>Percorsi per terra, mare e cielo<\/strong>\u201d \u00e8 gratuita ed \u00e8 necessaria la prenotazione. Il numero dei posti \u00e8 limitato. Per iscriversi \u00e8 sufficiente indicare il nome del percorso, la data e l\u2019ora scelta e i nomi delle persone che vogliono partecipare al numero di telefono 3334633614.<\/p>\n\n\n\n<h3>Percorsi per terra, mare e cielo<\/h3>\n\n\n\n<ul><li>Venerd\u00ec 6 ottobre alle ore 16:00 e sabato 7 ottobre alle ore 10:00 e alle ore 16:00: <strong>Storie di arti e giardini procidani<\/strong>.<\/li><li>Sabato 7 ottobre alle ore 9:00 e alle ore 15:00: <strong>Tutela della natura e incontro con la storia<\/strong>.<\/li><li>Sabato 7 ottobre ore 9-11, 12:30 e 15-17: <strong>Incontri possibili<\/strong>.<\/li><li>Sabato 7 ottobre ore 9-11 e 15-17: <strong>Ancore storiche<\/strong>.<\/li><li>Venerd\u00ec 6 ottobre e sabato 7 ottobre alle ore 20:30: <strong>Il cielo raccontato<\/strong>.<\/li><\/ul>\n\n\n\n<h3>Storie di arti e giardini procidani<\/h3>\n\n\n\n<p>Terra vulcanica e sinergia tra le piante; presso l\u2019<strong>orto sinergico di Solchiaro<\/strong> si impara a <strong>preparare il sapone in modo artigianale<\/strong>. Il giardino offre un ampio spettro di esperienze sensoriali. Il laboratorio annesso ha elementi di complessit\u00e0 e richiede la presenza di adulti. Non adatto a bambini con meno di cinque anni. Il percorso \u00e8 accidentato e ci sono scale, per cui non \u00e8 percorribile da persone in carrozzina.<\/p>\n\n\n\n<h3>Tutela della natura e incontro con la storia<\/h3>\n\n\n\n<p><strong>Passeggiate nella Riserva naturale statale \u201cIsola di Vivara\u201d<\/strong>; la Riserva offre un ampio spettro di esperienze sensoriali. Il laboratorio annesso ha elementi di complessit\u00e0 e richiede la presenza di adulti. Non adatto a bambini con meno di cinque anni. Il percorso \u00e8 accidentato e ci sono scale, per cui non \u00e8 percorribile da persone in carrozzina.<\/p>\n\n\n\n<h3>Incontri possibili<\/h3>\n\n\n\n<p><strong>Pensare la pesca nella sostenibilit\u00e0<\/strong> e nella tutela della vita del mare, con partenza dal <strong>molo di Chiaiolella<\/strong>, lato Galeone. La passeggiata in barca offre un ampio spettro di esperienze sensoriali. Non sono richieste abilit\u00e0 specifiche. Non raggiungibile per persone in carrozzina.<\/p>\n\n\n\n<h3>Ancore storiche<\/h3>\n\n\n\n<p>Dalle imbarcazioni tipiche uno sguardo alle <strong>tradizioni marinare dei Campi Flegrei<\/strong>; a seguire, osservazione al microscopio di <strong>organismi marini<\/strong> e approfondimento. Partenza da <strong>Marina Grande<\/strong>. La passeggiata in barca offre un ampio spettro di esperienze sensoriali. Il laboratorio annesso si svolge sul molo a Marina Grande, privo di barriere architettoniche. La parte in mare non \u00e8 fruibile da persone in carrozzina. Non adatto a bambini con meno di cinque anni.<\/p>\n\n\n\n<h3>Il cielo raccontato<\/h3>\n\n\n\n<p>Osservazione del cielo, identificazione delle principali <strong>costellazioni <\/strong>visibili e racconto dei<strong> miti <\/strong>ad esse collegati presso il <strong>Giardino dell\u2019Incanto<\/strong>. Luogo privo di barriere architettoniche. Non sono richieste abilit\u00e0 specifiche.<\/p>\n\n\n\n<h3>Festa in piazza<\/h3>\n\n\n\n<p>Domenica 8 ottobre <strong>Festa in Piazza Marina Grande<\/strong>. Stand ed esperimenti sulla natura, la storia e le tradizioni delle isole di Procida e Vivara.<\/p>\n","protected":false},"excerpt":{"rendered":"<p>Il Festival delle Scienze che si svolge a Procida \u00e8 una manifestazione scientifico-culturale di tre giorni dedicata alle scienze. Il Festival \u00e8 prodotto grazie al contributo della Regione Campania &#8211; Avviso INFEAS 2023 &#8211; Informazione educazione alla sostenibilit\u00e0 in Campania ed \u00e8 stato ideato dall\u2019associazione Centro Educazione Ambientale Isola di Procida. La prima edizione \u00e8 [&hellip;]<\/p>\n","protected":false},"author":1,"featured_media":9363,"comment_status":"open","ping_status":"closed","sticky":false,"template":"","format":"standard","meta":{"_et_pb_use_builder":"off","_et_pb_old_content":"","_et_gb_content_width":"","_monsterinsights_skip_tracking":false,"_monsterinsights_sitenote_active":false,"_monsterinsights_sitenote_note":"","_monsterinsights_sitenote_category":0,"spay_email":""},"categories":[21],"tags":[],"jetpack_featured_media_url":"https:\/\/www.ischia.campania.it\/wp-content\/uploads\/2023\/10\/procida-festival-scienza.jpg","jetpack_shortlink":"https:\/\/wp.me\/p3yuov-2r0","jetpack_sharing_enabled":true,"_links":{"self":[{"href":"https:\/\/www.ischia.campania.it\/index.php\/wp-json\/wp\/v2\/posts\/9362"}],"collection":[{"href":"https:\/\/www.ischia.campania.it\/index.php\/wp-json\/wp\/v2\/posts"}],"about":[{"href":"https:\/\/www.ischia.campania.it\/index.php\/wp-json\/wp\/v2\/types\/post"}],"author":[{"embeddable":true,"href":"https:\/\/www.ischia.campania.it\/index.php\/wp-json\/wp\/v2\/users\/1"}],"replies":[{"embeddable":true,"href":"https:\/\/www.ischia.campania.it\/index.php\/wp-json\/wp\/v2\/comments?post=9362"}],"version-history":[{"count":1,"href":"https:\/\/www.ischia.campania.it\/index.php\/wp-json\/wp\/v2\/posts\/9362\/revisions"}],"predecessor-version":[{"id":9364,"href":"https:\/\/www.ischia.campania.it\/index.php\/wp-json\/wp\/v2\/posts\/9362\/revisions\/9364"}],"wp:featuredmedia":[{"embeddable":true,"href":"https:\/\/www.ischia.campania.it\/index.php\/wp-json\/wp\/v2\/media\/9363"}],"wp:attachment":[{"href":"https:\/\/www.ischia.campania.it\/index.php\/wp-json\/wp\/v2\/media?parent=9362"}],"wp:term":[{"taxonomy":"category","embeddable":true,"href":"https:\/\/www.ischia.campania.it\/index.php\/wp-json\/wp\/v2\/categories?post=9362"},{"taxonomy":"post_tag","embeddable":true,"href":"https:\/\/www.ischia.campania.it\/index.php\/wp-json\/wp\/v2\/tags?post=9362"}],"curies":[{"name":"wp","href":"https:\/\/api.w.org\/{rel}","templated":true}]}}