{"id":9455,"date":"2024-07-25T15:20:51","date_gmt":"2024-07-25T13:20:51","guid":{"rendered":"https:\/\/www.ischia.campania.it\/?p=9455"},"modified":"2024-07-25T15:20:53","modified_gmt":"2024-07-25T13:20:53","slug":"festa-di-santanna-ischia-2024-ecco-la-92-edizione","status":"publish","type":"post","link":"https:\/\/www.ischia.campania.it\/index.php\/festa-di-santanna-ischia-2024-ecco-la-92-edizione\/","title":{"rendered":"Festa di Sant\u2019Anna Ischia 2024: ecco la 92^ edizione"},"content":{"rendered":"<div id=\"itiner-social\" style=\"padding: 5px 0; float:left; width:100%;\"><a href=\"https:\/\/twitter.com\/share\" class=\"twitter-share-button\" data-url=\"https:\/\/www.ischia.campania.it\/index.php\/festa-di-santanna-ischia-2024-ecco-la-92-edizione\/\" data-text=\"ItinerSocial\" data-count=\"horizontal\" data-via=\"ItinerSocial\" style=\"flaot:left;margin: 0 10px\"><\/a><div class=\"fb-like\" data-href=\"https:\/\/www.ischia.campania.it\/index.php\/festa-di-santanna-ischia-2024-ecco-la-92-edizione\/\" data-layout=\"button_count\" data-send=\"false\" data-show-faces=\"false\" data-width=\"90\" style=\"flaot:left;margin: 0 10px\"><\/div><div class=\"g-plusone\" data-annotation=\"inline\" data-href=\"https:\/\/www.ischia.campania.it\/index.php\/festa-di-santanna-ischia-2024-ecco-la-92-edizione\/\" data-size=\"medium\" data-width=\"120\" style=\"flaot:left;margin: 0 10px\"><\/div><\/div>\n<p>Ogni anno, la Festa di Sant\u2019Anna a Ischia si rivela essere un punto di riferimento imperdibile nel panorama delle tradizioni italiane, attirando visitatori da ogni parte del mondo.<\/p>\n\n\n\n<p>Questo evento, radicato nella cultura e nella storia dell\u2019isola, \u00e8 pi\u00f9 di una semplice celebrazione religiosa; \u00e8 un\u2019espressione profonda dell\u2019identit\u00e0 ischitana.<\/p>\n\n\n\n<p>Nel 2024, la Festa a mare agli scogli di Sant\u2019Anna giunge alla sua 92^ edizione. Questo articolo ne esplorer la storia e la tradizione, il programma dell\u2019edizione 2024 con le sue novit\u00e0 e i vari eventi collaterali.<\/p>\n\n\n\n<h2>Storia e tradizione della Festa a Mare agli Scogli di Sant\u2019Anna<\/h2>\n\n\n\n<p>La Festa di Sant\u2019Anna, celebrata ogni anno il 26 luglio, ha radici profonde nella storia e nella cultura dell\u2019isola d\u2019Ischia. Oltre a essere un momento di grande devozione religiosa, rappresenta un\u2019occasione di incontro per l\u2019intera comunit\u00e0 locale.<\/p>\n\n\n\n<p>Le origini risalgono al XX secolo, quando le donne in stato di gravidanza si riunivano per una processione marittima. Portavano in processione l\u2019effige di Sant\u2019Anna, esposta in una cappella nella baia di Cartaromana, vicino al famoso Castello Aragonese.<\/p>\n\n\n\n<p>Il 26 luglio del 1932, un gruppo di amici not\u00f2 questa tradizione e decise di trasformarla in un evento festivo: le barche dei pescatori, adornate con fiori e piante, gareggiavano per il riconoscimento dell\u2019imbarcazione pi\u00f9 bella.<\/p>\n\n\n\n<p>Col tempo, le barche sono state sostituite da carri allegorici galleggianti, che oggi rappresentano un elemento distintivo della celebrazione.<\/p>\n\n\n\n<h2>Significato della Festa per la comunit\u00e0 ischitana<\/h2>\n\n\n\n<p>Per gli abitanti di Ischia, la Festa di Sant\u2019Anna \u00e8 molto pi\u00f9 di una semplice celebrazione religiosa; \u00e8 un simbolo di identit\u00e0 culturale e un\u2019occasione per celebrare insieme la protezione offerta dalla santa alle donne in gravidanza.<\/p>\n\n\n\n<p>Ogni anno, l\u2019evento attira una grande folla di residenti e visitatori, che si riuniscono per assistere agli spettacolari carri allegorici e alle scenografie pirotecniche che illuminano il Castello Aragonese.<\/p>\n\n\n\n<h2>Programma dell\u2019edizione 2024<\/h2>\n\n\n\n<p>La 92^ edizione della Festa di Sant\u2019Anna a Ischia \u00e8 prevista per venerd\u00ec 26 luglio 2024, con un programma che si svolger\u00e0 nello splendido scenario tra il Castello Aragonese e la Baia di Cartaromana.<\/p>\n\n\n\n<h2>Sfilata delle Barche Allegoriche<\/h2>\n\n\n\n<p>Il clou dell\u2019evento \u00e8 rappresentato dalla tradizionale sfilata delle barche allegoriche, che avr\u00e0 inizio alle 21:00. Queste barche, accuratamente decorate, navigano nelle acque antistanti il Castello Aragonese, creando uno spettacolo visivo affascinante.<\/p>\n\n\n\n<p>Ogni imbarcazione racconta una storia unica, legata al tema scelto per l\u2019edizione corrente, e viene valutata da una giuria di esperti per l\u2019assegnazione del prestigioso premio per la barca pi\u00f9 bella e originale.<\/p>\n\n\n\n<p>Sono quattro le barche in gara, realizzate dalle associazioni ANS Diving Ischia, Aldebaran Turismo e Cultura, P.I.D.A. e Pro Loco Lacco Ameno, i cui temi verranno comunicati durante la conferenza stampa che si terr\u00e0 ad Ischia Ponte luned\u00ec 22 luglio.<\/p>\n\n\n\n<h2>Incendio del Castello Aragonese e Fuochi Piromusicali<\/h2>\n\n\n\n<p>Il momento pi\u00f9 spettacolare della serata segue la sfilata delle barche, con l\u2019incendio simulato del Castello Aragonese accompagnato da un\u2019impressionante esibizione di fuochi piromusicali.<\/p>\n\n\n\n<p>Questo spettacolo di luci e suoni si svolge in un contesto naturalmente teatrale, con il castello che fa da sfondo a un gioco di colori e musica sincronizzata. Gli spettatori possono aspettarsi una fusione di arte pirotecnica e musica, che culmina in un climax emozionante e memorabile.<\/p>\n\n\n\n<p>L\u2019edizione di quest\u2019anno vede anche l\u2019introduzione di nuovi elementi, come il coinvolgimento attivo delle scuole locali e la partecipazione dello chef di fama internazionale Bruno Barbieri e della giovane cantante emergente Marta Viola.<\/p>\n\n\n\n<h2>Coinvolgimento delle Scuole<\/h2>\n\n\n\n<p>Un elemento innovativo di questa edizione \u00e8 l\u2019ampio coinvolgimento delle scuole del Golfo di Napoli nel progetto &#8220;Scuola Viva&#8221;. Gli studenti, guidati da insegnanti e esperti, ne esploreranno non solo gli aspetti storici e culturali, ma anche quelli enogastronomici.<\/p>\n\n\n\n<p>Il progetto Scuola Viva Azioni di Accompagnamento \u201cImpara l\u2019arte e mettila in barche\u201d vede il Liceo Buchner di Ischia come scuola capofila e coinvolge altri dieci istituti del territorio, anche oltre i confini dell\u2019isola, con la partecipazione di scuole di Bacoli, Procida e Capri.<\/p>\n\n\n\n<p>Gli studenti partecipano a laboratori creativi per la realizzazione dei bozzetti per la preparazione delle barche allegoriche, oltre ad altri eventi di socializzazione e animazione.<\/p>\n\n\n\n<h2>Giuria Social e Influencer<\/h2>\n\n\n\n<p>Per la prima volta, la festa vedr\u00e0 la partecipazione di una giuria social composta da influencer che, nei giorni precedenti l\u2019evento, esploreranno l\u2019isola e condivideranno le loro esperienze attraverso i social media.<\/p>\n\n\n\n<p>Questo approccio moderno alla comunicazione mira a incrementare la visibilit\u00e0 della festa e a coinvolgere un pubblico pi\u00f9 ampio e diversificato, valorizzando il ruolo dei social network nella promozione degli eventi culturali.<\/p>\n\n\n\n<h2>Partecipazione di Chef Bruno Barbieri<\/h2>\n\n\n\n<p>La presenza del rinomato chef Bruno Barbieri aggiunge un ulteriore livello di eccellenza all\u2019evento.<\/p>\n\n\n\n<p>Lo chef non solo guider\u00e0 gli studenti nella preparazione della parmigiana di melanzane durante una dimostrazione culinaria, ma sar\u00e0 anche protagonista di una gara di cucina che si svolger\u00e0 nella suggestiva Baia di Cartaromana.<\/p>\n\n\n\n<p>Questa competizione, aperta a cinque partecipanti scelti, sar\u00e0 valutata dallo stesso Barbieri, offrendo un momento di spettacolo culinario che unisce tradizione e innovazione.<\/p>\n\n\n\n<h2>Eventi Collaterali<\/h2>\n\n\n\n<h3>Eventi dal 24 al 25 luglio<\/h3>\n\n\n\n<p>Durante i giorni che precedono il culmine della festa, dal 24 al 25 luglio, si susseguono alcuni eventi collaterali.<\/p>\n\n\n\n<p>Il 24 luglio, dalle 18:30, accompagnati da guide esperte, si potr\u00e0 conoscere la storia del Borgo di Celsa percorrendone le vie grazie a \u201cC\u2019era una volta\u2026il Borgo di Ischia Ponte\u201d.<\/p>\n\n\n\n<p>Il 25 luglio, alle 19:00, si celebra la tradizionale processione verso il mare, con la messa celebrata nella chiesetta di Sant\u2019Anna a Cartaromana.<\/p>\n","protected":false},"excerpt":{"rendered":"<p>Ogni anno, la Festa di Sant\u2019Anna a Ischia si rivela essere un punto di riferimento imperdibile nel panorama delle tradizioni italiane, attirando visitatori da ogni parte del mondo. Questo evento, radicato nella cultura e nella storia dell\u2019isola, \u00e8 pi\u00f9 di una semplice celebrazione religiosa; \u00e8 un\u2019espressione profonda dell\u2019identit\u00e0 ischitana. Nel 2024, la Festa a mare [&hellip;]<\/p>\n","protected":false},"author":1,"featured_media":9456,"comment_status":"open","ping_status":"closed","sticky":false,"template":"","format":"standard","meta":{"_et_pb_use_builder":"off","_et_pb_old_content":"","_et_gb_content_width":"","_monsterinsights_skip_tracking":false,"_monsterinsights_sitenote_active":false,"_monsterinsights_sitenote_note":"","_monsterinsights_sitenote_category":0,"spay_email":""},"categories":[21],"tags":[],"jetpack_featured_media_url":"https:\/\/www.ischia.campania.it\/wp-content\/uploads\/2024\/07\/sant-anna-ischia.jpg","jetpack_shortlink":"https:\/\/wp.me\/p3yuov-2sv","jetpack_sharing_enabled":true,"_links":{"self":[{"href":"https:\/\/www.ischia.campania.it\/index.php\/wp-json\/wp\/v2\/posts\/9455"}],"collection":[{"href":"https:\/\/www.ischia.campania.it\/index.php\/wp-json\/wp\/v2\/posts"}],"about":[{"href":"https:\/\/www.ischia.campania.it\/index.php\/wp-json\/wp\/v2\/types\/post"}],"author":[{"embeddable":true,"href":"https:\/\/www.ischia.campania.it\/index.php\/wp-json\/wp\/v2\/users\/1"}],"replies":[{"embeddable":true,"href":"https:\/\/www.ischia.campania.it\/index.php\/wp-json\/wp\/v2\/comments?post=9455"}],"version-history":[{"count":1,"href":"https:\/\/www.ischia.campania.it\/index.php\/wp-json\/wp\/v2\/posts\/9455\/revisions"}],"predecessor-version":[{"id":9457,"href":"https:\/\/www.ischia.campania.it\/index.php\/wp-json\/wp\/v2\/posts\/9455\/revisions\/9457"}],"wp:featuredmedia":[{"embeddable":true,"href":"https:\/\/www.ischia.campania.it\/index.php\/wp-json\/wp\/v2\/media\/9456"}],"wp:attachment":[{"href":"https:\/\/www.ischia.campania.it\/index.php\/wp-json\/wp\/v2\/media?parent=9455"}],"wp:term":[{"taxonomy":"category","embeddable":true,"href":"https:\/\/www.ischia.campania.it\/index.php\/wp-json\/wp\/v2\/categories?post=9455"},{"taxonomy":"post_tag","embeddable":true,"href":"https:\/\/www.ischia.campania.it\/index.php\/wp-json\/wp\/v2\/tags?post=9455"}],"curies":[{"name":"wp","href":"https:\/\/api.w.org\/{rel}","templated":true}]}}